{"id":1007,"date":"2023-04-26T13:27:20","date_gmt":"2023-04-26T13:27:20","guid":{"rendered":"https:\/\/pressmedias.ma\/?p=1007"},"modified":"2025-04-17T16:29:06","modified_gmt":"2025-04-17T15:29:06","slug":"france-macron-reflete-limage-dun-dirigeant-assiege-par-la-colere-populaire-le-monde","status":"publish","type":"post","link":"https:\/\/pressmedias.ma\/?p=1007","title":{"rendered":"France.. Macron refl\u00e8te l\u2019image d\u2019un \u00ab dirigeant assi\u00e9g\u00e9 par la col\u00e8re populaire \u00bb (Le Monde)"},"content":{"rendered":"\n<p dir=\"ltr\">Le quotidien fran\u00e7ais Le Monde \u00e9crit qu&rsquo;\u00ab au moment d\u2019\u00e9teindre la premi\u00e8re bougie de son second mandat, le pr\u00e9sident fran\u00e7ais Emmanuel Macron refl\u00e8te l\u2019image d\u2019un dirigeant assi\u00e9g\u00e9 par la col\u00e8re populaire \u00bb, ajoutant qu\u2019il est \u00ab incapable de g\u00e9n\u00e9rer le moindre \u00e9lan pendant les quatre ann\u00e9es restantes de son mandat \u00bb.<\/p>\n\n\n\n<p dir=\"ltr\">\u00ab&nbsp;La p\u00e9riode de 100 jours lanc\u00e9e par Macron lundi 17 avril pour tenter de sortir de la crise provoqu\u00e9e par la r\u00e9forme des retraites, a \u00e0 peine commenc\u00e9 \u00e0 provoquer une vague de ridicule et de moquerie&nbsp;\u00bb, a d\u00e9clar\u00e9 Le Monde dans un article publi\u00e9 sur son site internet.<\/p>\n\n\n\n<p dir=\"ltr\">L\u2019ampleur de la mobilisation sociale provoqu\u00e9e par le projet de r\u00e9forme des retraites de Macron, l\u2019impossibilit\u00e9 de trouver des alli\u00e9s pour voter sur la r\u00e9forme sans recourir \u00e0 l\u2019article 49.3 de la constitution, ainsi que la col\u00e8re persistante des Fran\u00e7ais, refl\u00e8tent le \u00ab profond rejet \u00bb de la premi\u00e8re d\u00e9cision importante du pr\u00e9sident au cours de son second mandat.<\/p>\n\n\n\n<p dir=\"ltr\">Elle a ajout\u00e9 que la p\u00e9riode de \u00ab&nbsp;100 jours&nbsp;\u00bb qu\u2019Emmanuel Macron s\u2019est donn\u00e9e pour relancer le pays est \u00ab&nbsp;compl\u00e8tement d\u00e9pourvue de tout \u00e9lan&nbsp;\u00bb qui a pr\u00e9valu dans les exp\u00e9riences pass\u00e9es, car \u00ab&nbsp;il n\u2019y a pas de changement pour le Premier ministre en vue, et il n\u2019y a pas d\u2019alternative claire \u00e0 l\u2019approche ardue d\u2019Elizabeth Bourne, o\u00f9 elle examine chaque projet de loi \u00e0 la majorit\u00e9 avec une g\u00e9om\u00e9trie variable&nbsp;\u00bb.<\/p>\n\n\n\n<p dir=\"ltr\">\u00ab&nbsp;Bien que l\u2019absence de majorit\u00e9 absolue \u00e0 l\u2019Assembl\u00e9e nationale ait r\u00e9introduit les germes de la IVe R\u00e9publique dans la Ve R\u00e9publique, la d\u00e9sint\u00e9gration en cours des R\u00e9publicains et du Parti socialiste exclut actuellement toute possibilit\u00e9 d\u2019alliance&nbsp;\u00bb, a d\u00e9clar\u00e9 Le Monde.<\/p>\n\n\n\n<p dir=\"ltr\">Les Fran\u00e7ais r\u00e9clament des r\u00e9ponses fortes sur un certain nombre de questions comme le pouvoir d\u2019achat, la sant\u00e9, l\u2019\u00e9ducation, le logement et le r\u00e9chauffement climatique, mais le chef de l\u2019Etat, dont la popularit\u00e9 est tomb\u00e9e \u00e0 des niveaux historiques, a perdu la capacit\u00e9 de mobiliser les parlementaires, les \u00e9lus locaux et les partenaires sociaux pour r\u00e9gler ces questions. <\/p>\n\n\n\n<p dir=\"ltr\">MAP <\/p>\n\n\n\n<p dir=\"ltr\">Dr. E.J<\/p>\n","protected":false},"excerpt":{"rendered":"<p>Le quotidien fran\u00e7ais Le Monde \u00e9crit qu&rsquo;\u00ab au moment d\u2019\u00e9teindre la premi\u00e8re bougie de son second mandat, le pr\u00e9sident fran\u00e7ais Emmanuel Macron refl\u00e8te l\u2019image d\u2019un dirigeant assi\u00e9g\u00e9 par la col\u00e8re populaire \u00bb, ajoutant qu\u2019il est \u00ab incapable de g\u00e9n\u00e9rer le moindre \u00e9lan pendant les quatre ann\u00e9es restantes de son mandat \u00bb. \u00ab&nbsp;La p\u00e9riode de 100 [&hellip;]<\/p>\n","protected":false},"author":1,"featured_media":1008,"comment_status":"open","ping_status":"open","sticky":false,"template":"","format":"standard","meta":{"footnotes":""},"categories":[24,10],"tags":[],"class_list":["post-1007","post","type-post","status-publish","format-standard","has-post-thumbnail","hentry","category-francais","category-international"],"_links":{"self":[{"href":"https:\/\/pressmedias.ma\/index.php?rest_route=\/wp\/v2\/posts\/1007","targetHints":{"allow":["GET"]}}],"collection":[{"href":"https:\/\/pressmedias.ma\/index.php?rest_route=\/wp\/v2\/posts"}],"about":[{"href":"https:\/\/pressmedias.ma\/index.php?rest_route=\/wp\/v2\/types\/post"}],"author":[{"embeddable":true,"href":"https:\/\/pressmedias.ma\/index.php?rest_route=\/wp\/v2\/users\/1"}],"replies":[{"embeddable":true,"href":"https:\/\/pressmedias.ma\/index.php?rest_route=%2Fwp%2Fv2%2Fcomments&post=1007"}],"version-history":[{"count":1,"href":"https:\/\/pressmedias.ma\/index.php?rest_route=\/wp\/v2\/posts\/1007\/revisions"}],"predecessor-version":[{"id":1009,"href":"https:\/\/pressmedias.ma\/index.php?rest_route=\/wp\/v2\/posts\/1007\/revisions\/1009"}],"wp:featuredmedia":[{"embeddable":true,"href":"https:\/\/pressmedias.ma\/index.php?rest_route=\/wp\/v2\/media\/1008"}],"wp:attachment":[{"href":"https:\/\/pressmedias.ma\/index.php?rest_route=%2Fwp%2Fv2%2Fmedia&parent=1007"}],"wp:term":[{"taxonomy":"category","embeddable":true,"href":"https:\/\/pressmedias.ma\/index.php?rest_route=%2Fwp%2Fv2%2Fcategories&post=1007"},{"taxonomy":"post_tag","embeddable":true,"href":"https:\/\/pressmedias.ma\/index.php?rest_route=%2Fwp%2Fv2%2Ftags&post=1007"}],"curies":[{"name":"wp","href":"https:\/\/api.w.org\/{rel}","templated":true}]}}