{"id":1014,"date":"2023-04-27T12:01:24","date_gmt":"2023-04-27T12:01:24","guid":{"rendered":"https:\/\/pressmedias.ma\/?p=1014"},"modified":"2025-04-17T16:29:06","modified_gmt":"2025-04-17T15:29:06","slug":"france-deux-personnes-tuees-dans-une-collision-avec-le-metro-parisien","status":"publish","type":"post","link":"https:\/\/pressmedias.ma\/?p=1014","title":{"rendered":"France.. Deux personnes tu\u00e9es dans une collision avec le m\u00e9tro parisien"},"content":{"rendered":"\n<p dir=\"ltr\">Deux personnes, un homme et une femme, ont \u00e9t\u00e9 tu\u00e9es mercredi soir-jeudi apr\u00e8s avoir \u00e9t\u00e9 renvers\u00e9es par une voiture de m\u00e9tro \u00e0 Paris, ont annonc\u00e9 l\u2019Autorit\u00e9 ind\u00e9pendante des transports de Paris et les pompiers.<\/p>\n\n\n\n<p dir=\"ltr\">Les m\u00e9dias fran\u00e7ais ont rapport\u00e9 que les deux victimes \u00e9taient des sans-abri qui \u00e9taient sous l\u2019influence de l\u2019alcool au moment du drame, ajoutant que le parquet de Paris avait ouvert une enqu\u00eate pour d\u00e9terminer les circonstances de l\u2019incident.<\/p>\n\n\n\n<p dir=\"ltr\">L\u2019Autorit\u00e9 ind\u00e9pendante des transports de Paris a rapport\u00e9 que vers 00h45 \u00e0 la station de m\u00e9tro Ga\u00eet\u00e9 (XIVe arrondissement), \u00ab&nbsp;deux personnes sont volontairement sorties des voies avant d\u2019\u00eatre percut\u00e9es par la voiture de m\u00e9tro entrant dans la station&nbsp;\u00bb.<\/p>\n\n\n\n<p dir=\"ltr\">Les services d\u2019urgence sont intervenus alors que les deux personnes ont \u00e9t\u00e9 d\u00e9clar\u00e9es mortes.<\/p>\n\n\n\n<p dir=\"ltr\">Selon les cam\u00e9ras de surveillance, la femme est descendue volontairement sur les voies ferr\u00e9es avant que l\u2019homme non identifi\u00e9 ne la rejoigne \u00e0 ce stade, selon une source polici\u00e8re.<\/p>\n\n\n\n<p dir=\"ltr\">Les deux victimes tentaient de retourner sur le quai lorsque le train est arriv\u00e9 \u00e0 la gare et les a renvers\u00e9es.<\/p>\n\n\n\n<p dir=\"ltr\">Samedi, une femme de 46 ans est morte dans le m\u00e9tro parisien apr\u00e8s avoir \u00e9t\u00e9 heurt\u00e9e par une voiture. Le manteau de la victime a \u00e9t\u00e9 suspendu alors qu\u2019elle descendait du train, la tuant. Selon les m\u00e9dias, elle est rapidement sortie du wagon et a \u00e9t\u00e9 tir\u00e9e par le train lorsque celui-ci est reparti.<\/p>\n\n\n\n<p dir=\"ltr\">D\/F.I.G<\/p>\n","protected":false},"excerpt":{"rendered":"<p>Deux personnes, un homme et une femme, ont \u00e9t\u00e9 tu\u00e9es mercredi soir-jeudi apr\u00e8s avoir \u00e9t\u00e9 renvers\u00e9es par une voiture de m\u00e9tro \u00e0 Paris, ont annonc\u00e9 l\u2019Autorit\u00e9 ind\u00e9pendante des transports de Paris et les pompiers. Les m\u00e9dias fran\u00e7ais ont rapport\u00e9 que les deux victimes \u00e9taient des sans-abri qui \u00e9taient sous l\u2019influence de l\u2019alcool au moment du [&hellip;]<\/p>\n","protected":false},"author":1,"featured_media":1015,"comment_status":"open","ping_status":"open","sticky":false,"template":"","format":"standard","meta":{"footnotes":""},"categories":[24,10],"tags":[],"class_list":["post-1014","post","type-post","status-publish","format-standard","has-post-thumbnail","hentry","category-francais","category-international"],"_links":{"self":[{"href":"https:\/\/pressmedias.ma\/index.php?rest_route=\/wp\/v2\/posts\/1014","targetHints":{"allow":["GET"]}}],"collection":[{"href":"https:\/\/pressmedias.ma\/index.php?rest_route=\/wp\/v2\/posts"}],"about":[{"href":"https:\/\/pressmedias.ma\/index.php?rest_route=\/wp\/v2\/types\/post"}],"author":[{"embeddable":true,"href":"https:\/\/pressmedias.ma\/index.php?rest_route=\/wp\/v2\/users\/1"}],"replies":[{"embeddable":true,"href":"https:\/\/pressmedias.ma\/index.php?rest_route=%2Fwp%2Fv2%2Fcomments&post=1014"}],"version-history":[{"count":1,"href":"https:\/\/pressmedias.ma\/index.php?rest_route=\/wp\/v2\/posts\/1014\/revisions"}],"predecessor-version":[{"id":1016,"href":"https:\/\/pressmedias.ma\/index.php?rest_route=\/wp\/v2\/posts\/1014\/revisions\/1016"}],"wp:featuredmedia":[{"embeddable":true,"href":"https:\/\/pressmedias.ma\/index.php?rest_route=\/wp\/v2\/media\/1015"}],"wp:attachment":[{"href":"https:\/\/pressmedias.ma\/index.php?rest_route=%2Fwp%2Fv2%2Fmedia&parent=1014"}],"wp:term":[{"taxonomy":"category","embeddable":true,"href":"https:\/\/pressmedias.ma\/index.php?rest_route=%2Fwp%2Fv2%2Fcategories&post=1014"},{"taxonomy":"post_tag","embeddable":true,"href":"https:\/\/pressmedias.ma\/index.php?rest_route=%2Fwp%2Fv2%2Ftags&post=1014"}],"curies":[{"name":"wp","href":"https:\/\/api.w.org\/{rel}","templated":true}]}}