{"id":1064,"date":"2023-05-05T22:14:19","date_gmt":"2023-05-05T22:14:19","guid":{"rendered":"https:\/\/pressmedias.ma\/?p=1064"},"modified":"2025-04-17T16:29:46","modified_gmt":"2025-04-17T15:29:46","slug":"communique-de-presse","status":"publish","type":"post","link":"https:\/\/pressmedias.ma\/?p=1064","title":{"rendered":"Communiqu\u00e9 de presse"},"content":{"rendered":"\n<p class=\"has-text-align-left\"><strong>Universit\u00e9 Sultan Moulay Slimane<\/strong><\/p>\n\n\n\n<p class=\"has-text-align-left\"><strong>Facult\u00e9 Polydisciplinaire \u2013 Beni Mellal<\/strong><\/p>\n\n\n\n<p class=\"has-text-align-left\"><strong>Communiqu\u00e9 de presse<\/strong><\/p>\n\n\n\n<p class=\"has-text-align-left\">L\u2019\u00c9quipe de Recherches en Communication de la facult\u00e9 Polydsciplinaire de B\u00e9ni Mellal, Universit\u00e9 Sultan Moulay Slimane&nbsp; organise la premi\u00e8re \u00e9dition du colloque international sur la communication et l\u2019information. Cette \u00e9dition est consacr\u00e9e \u00e0 la th\u00e9matique suivante&nbsp;: \u00ab&nbsp;<strong><em>La Communication et l\u2019Information en Entreprise au profit de la performance organisationnelle<\/em><\/strong>\u00bb, les 19 et 20 mai 2023.<\/p>\n\n\n\n<p class=\"has-text-align-left\">Ce colloque qui s\u2019organise en collaboration avec la Facult\u00e9 d\u2019\u00c9conomie et de Gestion de B\u00e9ni Mellal, l\u2019Ecole Nationale de Commerce et de Gestion, et plusieurs laboratoires de recherches appartenant \u00e0 diff\u00e9rentes universit\u00e9s marocaines conna\u00eetra la participation d\u2019experts nationaux et internationaux du domaine de l\u2019information, de la communication, de l\u2019\u00e9conomie et de la gestion. Le colloque connaitra la pr\u00e9sence de plus de 200 participants avec une s\u00e9ance inaugurale, deux conf\u00e9rences pl\u00e9ni\u00e8res, 60 communications, deux tables rondes, et des ateliers de formations au profit des \u00e9tudiants doctorants.<\/p>\n\n\n\n<p class=\"has-text-align-left\">Le colloque d\u00e9b\u00e2tera des sujet de r\u00e9flexion li\u00e9s aux axes suivants&nbsp;: &nbsp;<\/p>\n\n\n\n<p class=\"has-text-align-left\"><em>Axe 1&nbsp;: Communication interne de l\u2019entreprise&nbsp;;<\/em><\/p>\n\n\n\n<p class=\"has-text-align-left\"><em>Axe 2&nbsp;: Communication externe de l\u2019entreprise&nbsp;;<\/em><\/p>\n\n\n\n<p class=\"has-text-align-left\"><em>Axe 3&nbsp;: Communication, information et droit&nbsp;;<\/em><\/p>\n\n\n\n<p class=\"has-text-align-left\"><em>Axe 4&nbsp;: Communication digitale de l\u2019entreprise.<\/em><\/p>\n\n\n\n<p class=\"has-text-align-left\">En plus de la communication et la m\u00e9diatisation pour la vulgarisation des programmes d\u2019entrepreneuriat&nbsp; destin\u00e9s aux jeunes \u00e9tudiants-entrepreneurs (Forsa, Moussanada, Izdihar, intelaka, Indh, Tahfiz, Maroc Innov, MDM Invest, Social Lab, Intlak Al Moustatmir Al Qaraoui, FDA, etc. ), le colloque conna\u00eetra des d\u00e9bats scientifiques en relation avec la communication et l\u2019information en entreprise dans tous ces \u00e9tats.<\/p>\n\n\n\n<p class=\"has-text-align-left\">Le colloque mettra l\u2019accent sur des id\u00e9es lies \u00e0 la p\u00e9riode post-crise sanitaire, la crise de la guerre Russie et&nbsp; l\u2019Ukraine et la hausse g\u00e9n\u00e9rale des prix qui a eu lieu dans le monde, les entreprises se sont confront\u00e9es aux choix de l\u2019information \u00e0 communiquer et au type de communication \u00e0 adopter. Communiquer vers l\u2019externe comme en interne est une mission de plus en plus essentielle pour les entreprises qui doivent porter les th\u00e8mes mobilisateurs tout en maintenant la coh\u00e9rence des discours de l\u2019entreprise vers leurs divers publics.<\/p>\n\n\n\n<p class=\"has-text-align-left\">La communication et l\u2019information des entreprises doit \u00eatre de plus en plus un outil de cr\u00e9ation de valeur actionnariale, de marketing financier, valorisateur du cours du titre, avec une capacit\u00e9 \u00e0 lever des fonds, \u00e0 convaincre et fid\u00e9liser ses actionnaires.<\/p>\n\n\n\n<p class=\"has-text-align-left\"><strong>Coordinateur du colloque<\/strong><\/p>\n\n\n\n<p class=\"has-text-align-left\">El Mostafa FTOUH<\/p>\n\n\n\n<p class=\"has-text-align-left\">Facult\u00e9 Polydisciplinaire, B\u00e9ni Mellal<\/p>\n\n\n\n<p class=\"has-text-align-left\">Universit\u00e9 Sultan Moulay slimane<\/p>\n","protected":false},"excerpt":{"rendered":"<p>Universit\u00e9 Sultan Moulay Slimane Facult\u00e9 Polydisciplinaire \u2013 Beni Mellal Communiqu\u00e9 de presse L\u2019\u00c9quipe de Recherches en Communication de la facult\u00e9 Polydsciplinaire de B\u00e9ni Mellal, Universit\u00e9 Sultan Moulay Slimane&nbsp; organise la premi\u00e8re \u00e9dition du colloque international sur la communication et l\u2019information. Cette \u00e9dition est consacr\u00e9e \u00e0 la th\u00e9matique suivante&nbsp;: \u00ab&nbsp;La Communication et l\u2019Information en Entreprise au [&hellip;]<\/p>\n","protected":false},"author":4,"featured_media":1065,"comment_status":"open","ping_status":"open","sticky":false,"template":"","format":"standard","meta":{"footnotes":""},"categories":[24,1],"tags":[],"class_list":["post-1064","post","type-post","status-publish","format-standard","has-post-thumbnail","hentry","category-francais","category-1"],"_links":{"self":[{"href":"https:\/\/pressmedias.ma\/index.php?rest_route=\/wp\/v2\/posts\/1064","targetHints":{"allow":["GET"]}}],"collection":[{"href":"https:\/\/pressmedias.ma\/index.php?rest_route=\/wp\/v2\/posts"}],"about":[{"href":"https:\/\/pressmedias.ma\/index.php?rest_route=\/wp\/v2\/types\/post"}],"author":[{"embeddable":true,"href":"https:\/\/pressmedias.ma\/index.php?rest_route=\/wp\/v2\/users\/4"}],"replies":[{"embeddable":true,"href":"https:\/\/pressmedias.ma\/index.php?rest_route=%2Fwp%2Fv2%2Fcomments&post=1064"}],"version-history":[{"count":2,"href":"https:\/\/pressmedias.ma\/index.php?rest_route=\/wp\/v2\/posts\/1064\/revisions"}],"predecessor-version":[{"id":2801,"href":"https:\/\/pressmedias.ma\/index.php?rest_route=\/wp\/v2\/posts\/1064\/revisions\/2801"}],"wp:featuredmedia":[{"embeddable":true,"href":"https:\/\/pressmedias.ma\/index.php?rest_route=\/wp\/v2\/media\/1065"}],"wp:attachment":[{"href":"https:\/\/pressmedias.ma\/index.php?rest_route=%2Fwp%2Fv2%2Fmedia&parent=1064"}],"wp:term":[{"taxonomy":"category","embeddable":true,"href":"https:\/\/pressmedias.ma\/index.php?rest_route=%2Fwp%2Fv2%2Fcategories&post=1064"},{"taxonomy":"post_tag","embeddable":true,"href":"https:\/\/pressmedias.ma\/index.php?rest_route=%2Fwp%2Fv2%2Ftags&post=1064"}],"curies":[{"name":"wp","href":"https:\/\/api.w.org\/{rel}","templated":true}]}}