{"id":1081,"date":"2023-05-05T23:49:07","date_gmt":"2023-05-05T23:49:07","guid":{"rendered":"https:\/\/pressmedias.ma\/?p=1081"},"modified":"2025-04-17T16:29:06","modified_gmt":"2025-04-17T15:29:06","slug":"forum-international-sur-lagriculture-au-maroc-2023-lafrique-est-plus-presente-que-jamais","status":"publish","type":"post","link":"https:\/\/pressmedias.ma\/?p=1081","title":{"rendered":"Forum international sur l\u2019agriculture au Maroc 2023 : L\u2019Afrique est plus pr\u00e9sente que jamais"},"content":{"rendered":"\n<p dir=\"ltr\">Les pays africains, devenus des participants r\u00e9guliers et habituels au Forum international sur l\u2019agriculture au Maroc (SIAM), qui a ouvert sa quinzi\u00e8me session mardi dernier \u00e0 Mekn\u00e8s, ont montr\u00e9 une pr\u00e9sence forte et diversifi\u00e9e, confirmant l\u2019orientation africaine du Royaume.<\/p>\n\n\n\n<p dir=\"ltr\">Dans une ambiance conviviale, les repr\u00e9sentants des 24 pays africains participant \u00e0 cette session accueillent les visiteurs, apr\u00e8s avoir d\u00e9cor\u00e9 le p\u00f4le international de ce forum agricole avec une vari\u00e9t\u00e9 de produits. Cette participation refl\u00e8te le r\u00f4le strat\u00e9gique jou\u00e9 par le Royaume dans la promotion de divers aspects de la coop\u00e9ration Sud-Sud au profit de l\u2019Afrique.<\/p>\n\n\n\n<p dir=\"ltr\">Au c\u0153ur de ce p\u00f4le, qui a fait du forum international une r\u00e9f\u00e9rence mondiale dans le domaine de l\u2019agriculture, un large espace a \u00e9t\u00e9 allou\u00e9 aux pays africains, r\u00e9unissant des d\u00e9l\u00e9gations de tout le continent. Il s\u2019agit notamment du S\u00e9n\u00e9gal, du Ghana, du Nig\u00e9ria, du Niger, du Rwanda, de la Zambie, de la Tanzanie, de l\u2019\u00c9thiopie, de Madagascar, de la C\u00f4te d\u2019Ivoire, du Mali, du Cameroun, du Burkina Faso et de la R\u00e9publique du Congo.<\/p>\n\n\n\n<p dir=\"ltr\">Cet int\u00e9r\u00eat croissant pour le Forum international sur l\u2019agriculture au Maroc indique la volont\u00e9 de b\u00e9n\u00e9ficier de l\u2019exp\u00e9rience marocaine dans le domaine de l\u2019agriculture, ainsi que de conclure des partenariats avec le Maroc ou m\u00eame avec le reste du monde.<\/p>\n\n\n\n<p dir=\"ltr\">La participation de ces pays confirme \u00e9galement l\u2019int\u00e9r\u00eat de la troisi\u00e8me R\u00e9union minist\u00e9rielle sur l\u2019Initiative pour l\u2019adaptation de l\u2019agriculture africaine au changement climatique (AAA), tenue en marge du Forum international sur l\u2019agriculture au Maroc sous le th\u00e8me \u00ab Transformer l\u2019agriculture africaine pour l\u2019adaptation au changement climatique \u00bb.<\/p>\n\n\n\n<p dir=\"ltr\">Le ministre de l\u2019Agriculture, de la P\u00eache maritime, du D\u00e9veloppement rural et des Eaux et For\u00eats, Mohamed Siddiqui, a soulign\u00e9 que cette initiative, appel\u00e9e Initiative africaine d\u2019adaptation de l\u2019agriculture au changement climatique, continue de progresser et de se structurer et occupe aujourd\u2019hui une place de choix dans l\u2019agenda politique.<\/p>\n\n\n\n<p dir=\"ltr\">Dans une d\u00e9claration \u00e0 la presse sur l\u2019\u00e9v\u00e9nement, qu\u2019il a qualifi\u00e9 de fructueux \u00e0 tous les niveaux, M. Siddiqui a expliqu\u00e9 que l\u2019initiative b\u00e9n\u00e9ficie de la participation et du soutien d\u2019un grand nombre de pays africains, d\u2019organisations internationales et r\u00e9gionales, d\u2019institutions financi\u00e8res, du secteur priv\u00e9 et de la soci\u00e9t\u00e9 civile.<\/p>\n\n\n\n<p dir=\"ltr\">Le Forum international sur l\u2019agriculture au Maroc, une grande exposition de produits agricoles africains Les corridors et pavillons des pays africains<\/p>\n\n\n\n<p dir=\"ltr\">pr\u00e9sents \u00e0 la quinzi\u00e8me session du Forum international sur l\u2019agriculture au Maroc sont pleins de visiteurs venus d\u00e9couvrir les diff\u00e9rents produits de haute qualit\u00e9, ce qui confirme l\u2019amiti\u00e9 et la coop\u00e9ration agricole entre le Royaume et ces pays fr\u00e8res.<\/p>\n\n\n\n<p dir=\"ltr\">Les visiteurs ne cessent d\u2019aller et venir entre ces pavillons d\u2019explorateurs, o\u00f9 les Africains, \u00e0 travers une offre de services agricoles innovants et de produits agricoles, offrent la possibilit\u00e9 de se promener sur des sentiers ludiques.<\/p>\n\n\n\n<p dir=\"ltr\">Dans un entretien accord\u00e9 \u00e0 la MAP, Gabri Siquet, chercheur ivoirien qui a d\u00e9couvert des produits \u00e0 base de caf\u00e9 et de cacao, a exprim\u00e9 son admiration pour l\u2019ampleur de cet \u00e9v\u00e9nement \u00e0 dimension internationale.<\/p>\n\n\n\n<p dir=\"ltr\">L\u2019inventeur de l\u2019agroth\u00e9rapie, qui a re\u00e7u une invitation sp\u00e9ciale du minist\u00e8re de l\u2019Agriculture, a d\u00e9clar\u00e9: \u00ab&nbsp;Cette exposition est au-del\u00e0 de ce que j\u2019imaginais, je ne m\u2019attendais pas \u00e0 ce qu\u2019elle soit si grande.&nbsp;\u00bb<\/p>\n\n\n\n<p dir=\"ltr\">\u00ab Le Maroc nous donne l\u2019occasion de rencontrer le monde entier. Il est vrai que tout le monde est engag\u00e9 dans son secteur d\u2019activit\u00e9, mais tout le monde s\u2019est r\u00e9uni dans un but de coop\u00e9ration et de prosp\u00e9rit\u00e9.<\/p>\n\n\n\n<p dir=\"ltr\">\u00ab&nbsp;Personnellement, mon objectif est de conclure des accords avec les Marocains, et d\u00e8s mon arriv\u00e9e au Maroc dans un premier temps, j\u2019aspire \u00e0 \u00e9tendre mon activit\u00e9 au monde entier&nbsp;\u00bb, a-t-il ajout\u00e9.<\/p>\n\n\n\n<p dir=\"ltr\">Selon un exposant de produits cosm\u00e9tiques \u00e0 base de beurre de karit\u00e9, \u00ab l\u2019industrie cosm\u00e9tique africaine \u00e9volue et prend un nouveau look avec le retour aux produits naturels. La situation est similaire \u00e0 l\u2019int\u00e9rieur de cette exposition d\u00e9cor\u00e9e aux couleurs africaines. \u00bb.<\/p>\n\n\n\n<p dir=\"ltr\">Passant en revue les diff\u00e9rentes utilisations du karit\u00e9, l\u2019arbre sauvage qui cache un tr\u00e9sor pr\u00e9cieux : le beurre de karit\u00e9, il a ajout\u00e9 : \u00ab Ces produits sont d\u2019un grand int\u00e9r\u00eat pour les visiteurs. \u00bb<\/p>\n\n\n\n<p dir=\"ltr\">Apr\u00e8s une interruption de trois ans due \u00e0 la crise sanitaire, le Forum international sur l\u2019agriculture au Maroc fait un retour en force avec une participation africaine sans pr\u00e9c\u00e9dent, d\u00e9montrant sans aucun doute le grand succ\u00e8s de cette session.<\/p>\n\n\n\n<p dir=\"ltr\">Cet \u00e9v\u00e9nement a vu la participation de certains pays pour la premi\u00e8re fois, et cette \u00e9dition a prouv\u00e9 son succ\u00e8s gr\u00e2ce \u00e0 des partenariats avec des professionnels et \u00e0 la demande sans pr\u00e9c\u00e9dent de produits de ces pays.<\/p>\n\n\n\n<p dir=\"ltr\">MAP<\/p>\n","protected":false},"excerpt":{"rendered":"<p>Les pays africains, devenus des participants r\u00e9guliers et habituels au Forum international sur l\u2019agriculture au Maroc (SIAM), qui a ouvert sa quinzi\u00e8me session mardi dernier \u00e0 Mekn\u00e8s, ont montr\u00e9 une pr\u00e9sence forte et diversifi\u00e9e, confirmant l\u2019orientation africaine du Royaume. Dans une ambiance conviviale, les repr\u00e9sentants des 24 pays africains participant \u00e0 cette session accueillent les [&hellip;]<\/p>\n","protected":false},"author":1,"featured_media":1082,"comment_status":"open","ping_status":"open","sticky":false,"template":"","format":"standard","meta":{"footnotes":""},"categories":[24,10,12,16,11],"tags":[],"class_list":["post-1081","post","type-post","status-publish","format-standard","has-post-thumbnail","hentry","category-francais","category-international","category-economies","category-16","category-national"],"_links":{"self":[{"href":"https:\/\/pressmedias.ma\/index.php?rest_route=\/wp\/v2\/posts\/1081","targetHints":{"allow":["GET"]}}],"collection":[{"href":"https:\/\/pressmedias.ma\/index.php?rest_route=\/wp\/v2\/posts"}],"about":[{"href":"https:\/\/pressmedias.ma\/index.php?rest_route=\/wp\/v2\/types\/post"}],"author":[{"embeddable":true,"href":"https:\/\/pressmedias.ma\/index.php?rest_route=\/wp\/v2\/users\/1"}],"replies":[{"embeddable":true,"href":"https:\/\/pressmedias.ma\/index.php?rest_route=%2Fwp%2Fv2%2Fcomments&post=1081"}],"version-history":[{"count":1,"href":"https:\/\/pressmedias.ma\/index.php?rest_route=\/wp\/v2\/posts\/1081\/revisions"}],"predecessor-version":[{"id":1083,"href":"https:\/\/pressmedias.ma\/index.php?rest_route=\/wp\/v2\/posts\/1081\/revisions\/1083"}],"wp:featuredmedia":[{"embeddable":true,"href":"https:\/\/pressmedias.ma\/index.php?rest_route=\/wp\/v2\/media\/1082"}],"wp:attachment":[{"href":"https:\/\/pressmedias.ma\/index.php?rest_route=%2Fwp%2Fv2%2Fmedia&parent=1081"}],"wp:term":[{"taxonomy":"category","embeddable":true,"href":"https:\/\/pressmedias.ma\/index.php?rest_route=%2Fwp%2Fv2%2Fcategories&post=1081"},{"taxonomy":"post_tag","embeddable":true,"href":"https:\/\/pressmedias.ma\/index.php?rest_route=%2Fwp%2Fv2%2Ftags&post=1081"}],"curies":[{"name":"wp","href":"https:\/\/api.w.org\/{rel}","templated":true}]}}