{"id":1087,"date":"2023-05-06T13:04:22","date_gmt":"2023-05-06T13:04:22","guid":{"rendered":"https:\/\/pressmedias.ma\/?p=1087"},"modified":"2025-04-17T16:29:04","modified_gmt":"2025-04-17T15:29:04","slug":"maroc-brazil-une-volonte-commune-de-renforcer-les-relations-notamment-dans-le-domaine-parlementaire","status":"publish","type":"post","link":"https:\/\/pressmedias.ma\/?p=1087","title":{"rendered":"Maroc\/Belize. Une volont\u00e9 commune de renforcer les relations, notamment dans le domaine parlementaire"},"content":{"rendered":"\n<p dir=\"ltr\">Le vice-pr\u00e9sident de la Chambre des repr\u00e9sentants, Hassan Ben Amor, s\u2019est entretenu vendredi au si\u00e8ge du parlement \u00e0 Rabat avec le ministre de l\u2019Agriculture, de la S\u00e9curit\u00e9 alimentaire et de l\u2019Entrepreneuriat du Belize, Jos\u00e9 Abelardo May, actuellement en visite au Maroc pour participer aux activit\u00e9s du Forum international sur l\u2019agriculture \u00e0 Mekn\u00e8s.<\/p>\n\n\n\n<p dir=\"ltr\">Selon une d\u00e9claration \u00e0 la Chambre des repr\u00e9sentants, cette r\u00e9union a \u00e9t\u00e9 l\u2019occasion pour M. Ben Amor et le ministre de l\u2019Agriculture du Belize d\u2019aborder certaines questions internationales d\u2019int\u00e9r\u00eat commun, les deux parties ayant soulign\u00e9 l\u2019importance de la coordination dans les forums parlementaires internationaux, r\u00e9gionaux et r\u00e9gionaux pour servir les int\u00e9r\u00eats des deux pays.<\/p>\n\n\n\n<p dir=\"ltr\">A cette occasion, M. Ben Amor a exprim\u00e9 la ferme volont\u00e9 du Maroc de renforcer et consolider les relations de coop\u00e9ration avec le Belize, notamment dans le domaine parlementaire, et a inform\u00e9 le responsable b\u00e9lizien du syst\u00e8me de bilat\u00e9ralisme parlementaire adopt\u00e9 par le Maroc, et des comp\u00e9tences de la Chambre des repr\u00e9sentants repr\u00e9sent\u00e9e dans la l\u00e9gislation, le suivi de l\u2019action gouvernementale et l\u2019\u00e9valuation des politiques publiques.<\/p>\n\n\n\n<p dir=\"ltr\">M. Ben Amor a \u00e9galement inform\u00e9 le Ministre de l\u2019agriculture et de la s\u00e9curit\u00e9 alimentaire du Belize sur une s\u00e9rie de secteurs dans lesquels le Maroc poss\u00e8de une exp\u00e9rience pionni\u00e8re, en particulier l\u2019agriculture, la gestion de l\u2019eau et les \u00e9nergies renouvelables, qui pourraient constituer la base d\u2019une coop\u00e9ration bilat\u00e9rale fructueuse entre les deux pays.<\/p>\n\n\n\n<p dir=\"ltr\">Au cours de cette r\u00e9union, il a \u00e9galement rappel\u00e9 la participation distingu\u00e9e de la Chambre des d\u00e9put\u00e9s aux travaux du Fobril (Forum des pr\u00e9sidents et pr\u00e9sidents des institutions l\u00e9gislatives d\u2019Am\u00e9rique centrale et du bassin de Cara\u00edpe), en tant que membre observateur de ce forum.<\/p>\n\n\n\n<p dir=\"ltr\">MAP \/ B<\/p>\n","protected":false},"excerpt":{"rendered":"<p>Le vice-pr\u00e9sident de la Chambre des repr\u00e9sentants, Hassan Ben Amor, s\u2019est entretenu vendredi au si\u00e8ge du parlement \u00e0 Rabat avec le ministre de l\u2019Agriculture, de la S\u00e9curit\u00e9 alimentaire et de l\u2019Entrepreneuriat du Belize, Jos\u00e9 Abelardo May, actuellement en visite au Maroc pour participer aux activit\u00e9s du Forum international sur l\u2019agriculture \u00e0 Mekn\u00e8s. Selon une d\u00e9claration [&hellip;]<\/p>\n","protected":false},"author":1,"featured_media":1091,"comment_status":"open","ping_status":"open","sticky":false,"template":"","format":"standard","meta":{"footnotes":""},"categories":[24,10,16,11],"tags":[],"class_list":["post-1087","post","type-post","status-publish","format-standard","has-post-thumbnail","hentry","category-francais","category-international","category-16","category-national"],"_links":{"self":[{"href":"https:\/\/pressmedias.ma\/index.php?rest_route=\/wp\/v2\/posts\/1087","targetHints":{"allow":["GET"]}}],"collection":[{"href":"https:\/\/pressmedias.ma\/index.php?rest_route=\/wp\/v2\/posts"}],"about":[{"href":"https:\/\/pressmedias.ma\/index.php?rest_route=\/wp\/v2\/types\/post"}],"author":[{"embeddable":true,"href":"https:\/\/pressmedias.ma\/index.php?rest_route=\/wp\/v2\/users\/1"}],"replies":[{"embeddable":true,"href":"https:\/\/pressmedias.ma\/index.php?rest_route=%2Fwp%2Fv2%2Fcomments&post=1087"}],"version-history":[{"count":2,"href":"https:\/\/pressmedias.ma\/index.php?rest_route=\/wp\/v2\/posts\/1087\/revisions"}],"predecessor-version":[{"id":1092,"href":"https:\/\/pressmedias.ma\/index.php?rest_route=\/wp\/v2\/posts\/1087\/revisions\/1092"}],"wp:featuredmedia":[{"embeddable":true,"href":"https:\/\/pressmedias.ma\/index.php?rest_route=\/wp\/v2\/media\/1091"}],"wp:attachment":[{"href":"https:\/\/pressmedias.ma\/index.php?rest_route=%2Fwp%2Fv2%2Fmedia&parent=1087"}],"wp:term":[{"taxonomy":"category","embeddable":true,"href":"https:\/\/pressmedias.ma\/index.php?rest_route=%2Fwp%2Fv2%2Fcategories&post=1087"},{"taxonomy":"post_tag","embeddable":true,"href":"https:\/\/pressmedias.ma\/index.php?rest_route=%2Fwp%2Fv2%2Ftags&post=1087"}],"curies":[{"name":"wp","href":"https:\/\/api.w.org\/{rel}","templated":true}]}}