{"id":1103,"date":"2023-05-08T16:28:36","date_gmt":"2023-05-08T16:28:36","guid":{"rendered":"https:\/\/pressmedias.ma\/?p=1103"},"modified":"2023-05-08T16:28:36","modified_gmt":"2023-05-08T16:28:36","slug":"siam-2023-quelques-chiffres-a-retenir-pour-la-15eme-edition","status":"publish","type":"post","link":"https:\/\/pressmedias.ma\/?p=1103","title":{"rendered":"<strong>SIAM 2023 quelques chiffres \u00e0 retenir pour la 15eme \u00e9dition \u00a0<\/strong>"},"content":{"rendered":"\n<p dir=\"ltr\"><strong>L<\/strong>e SIAM lanc\u00e9 en 2006 par l\u2019Initiative et la Volont\u00e9 Royale, continue de b\u00e9n\u00e9ficier du Haut Patronage de Sa Majest\u00e9 le Roi Mohammed VI. Ainsi cette ann\u00e9e s\u2019est tenue, \u00e0 Mekn\u00e8s, la quinzi\u00e8me \u00e9dition entre le 2 et 7 Mai courant. Ci-apr\u00e8s quelques chiffres \u00e0 retenir pour la m\u00e9moire&nbsp;:<\/p>\n\n\n\n<p dir=\"ltr\">923 000 visiteurs.<\/p>\n\n\n\n<p dir=\"ltr\">Le salon s\u2019est b\u00e2ti sur une surface de 18 ha dont 11ha est couverte.<\/p>\n\n\n\n<p dir=\"ltr\">70 pays ont \u00e9t\u00e9 pr\u00e9sents versus 60 en 2019. Sur un pavillon de plus de 16 000 m2.<\/p>\n\n\n\n<p dir=\"ltr\">500 coop\u00e9ratives productrices de marques nationales.<\/p>\n\n\n\n<p dir=\"ltr\">Plus de 2 000 \u00e9l\u00e9vateurs de b\u00e9tails pr\u00e9sentant les meilleures races nationales et autres.<\/p>\n\n\n\n<p dir=\"ltr\">Plus de 800 experts et scientifiques qui ont d\u00e9battu divers sujets.<\/p>\n\n\n\n<p dir=\"ltr\">Signature de 19 accords et programmes entre le gouvernement et les professionnels du domaine de l\u2019agriculture.<\/p>\n\n\n\n<p dir=\"ltr\">Par Hassan Moutachaouiq<\/p>\n\n\n\n<p dir=\"ltr\">Source MAP<\/p>\n","protected":false},"excerpt":{"rendered":"<p>Le SIAM lanc\u00e9 en 2006 par l\u2019Initiative et la Volont\u00e9 Royale, continue de b\u00e9n\u00e9ficier du Haut Patronage de Sa Majest\u00e9 le Roi Mohammed VI. Ainsi cette ann\u00e9e s\u2019est tenue, \u00e0 Mekn\u00e8s, la quinzi\u00e8me \u00e9dition entre le 2 et 7 Mai courant. Ci-apr\u00e8s quelques chiffres \u00e0 retenir pour la m\u00e9moire&nbsp;: 923 000 visiteurs. Le salon s\u2019est [&hellip;]<\/p>\n","protected":false},"author":1,"featured_media":1101,"comment_status":"open","ping_status":"open","sticky":false,"template":"","format":"standard","meta":{"footnotes":""},"categories":[15,19,11],"tags":[],"class_list":["post-1103","post","type-post","status-publish","format-standard","has-post-thumbnail","hentry","category-15","category-19","category-national"],"_links":{"self":[{"href":"https:\/\/pressmedias.ma\/index.php?rest_route=\/wp\/v2\/posts\/1103","targetHints":{"allow":["GET"]}}],"collection":[{"href":"https:\/\/pressmedias.ma\/index.php?rest_route=\/wp\/v2\/posts"}],"about":[{"href":"https:\/\/pressmedias.ma\/index.php?rest_route=\/wp\/v2\/types\/post"}],"author":[{"embeddable":true,"href":"https:\/\/pressmedias.ma\/index.php?rest_route=\/wp\/v2\/users\/1"}],"replies":[{"embeddable":true,"href":"https:\/\/pressmedias.ma\/index.php?rest_route=%2Fwp%2Fv2%2Fcomments&post=1103"}],"version-history":[{"count":1,"href":"https:\/\/pressmedias.ma\/index.php?rest_route=\/wp\/v2\/posts\/1103\/revisions"}],"predecessor-version":[{"id":1104,"href":"https:\/\/pressmedias.ma\/index.php?rest_route=\/wp\/v2\/posts\/1103\/revisions\/1104"}],"wp:featuredmedia":[{"embeddable":true,"href":"https:\/\/pressmedias.ma\/index.php?rest_route=\/wp\/v2\/media\/1101"}],"wp:attachment":[{"href":"https:\/\/pressmedias.ma\/index.php?rest_route=%2Fwp%2Fv2%2Fmedia&parent=1103"}],"wp:term":[{"taxonomy":"category","embeddable":true,"href":"https:\/\/pressmedias.ma\/index.php?rest_route=%2Fwp%2Fv2%2Fcategories&post=1103"},{"taxonomy":"post_tag","embeddable":true,"href":"https:\/\/pressmedias.ma\/index.php?rest_route=%2Fwp%2Fv2%2Ftags&post=1103"}],"curies":[{"name":"wp","href":"https:\/\/api.w.org\/{rel}","templated":true}]}}