{"id":1460,"date":"2023-09-05T21:54:05","date_gmt":"2023-09-05T21:54:05","guid":{"rendered":"https:\/\/pressmedias.ma\/?p=1460"},"modified":"2025-04-17T16:29:06","modified_gmt":"2025-04-17T15:29:06","slug":"exposition-aux-ecrans-dappareils-electroniques-associee-a-un-retard-de-developpement-mental-chez-les-enfants-etude","status":"publish","type":"post","link":"https:\/\/pressmedias.ma\/?p=1460","title":{"rendered":"Exposition aux \u00e9crans d\u2019appareils \u00e9lectroniques associ\u00e9e \u00e0 un retard de d\u00e9veloppement mental chez les enfants (\u00e9tude)"},"content":{"rendered":"\n<p>Une \u00e9tude japonaise a confirm\u00e9 que l\u2019exposition fr\u00e9quente des enfants aux \u00e9crans \u00e9lectroniques est associ\u00e9e \u00e0 un retard du d\u00e9veloppement des fonctions mentales \u00e0 un stade ult\u00e9rieur.<\/p>\n\n\n\n<p>L\u2019\u00e9tude, men\u00e9e par une \u00e9quipe de recherche conjointe de l\u2019Universit\u00e9 de Hamamatsu et de l\u2019Universit\u00e9 de Tohoku, a mesur\u00e9 le d\u00e9veloppement mental des enfants \u00e2g\u00e9s de deux \u00e0 quatre ans dans cinq domaines cl\u00e9s li\u00e9s \u00e0 la communication, \u00e0 la motricit\u00e9, aux mouvements fins, \u00e0 la r\u00e9solution de probl\u00e8mes et aux comp\u00e9tences personnelles et sociales.<\/p>\n\n\n\n<p>L\u2019\u00e9quipe de recherche a test\u00e9 7 97 m\u00e8res et leurs enfants pour mesurer quand ces enfants ont \u00e9t\u00e9 expos\u00e9s \u00e0 des \u00e9crans \u00e9lectroniques dans la petite enfance au moyen d\u2019un questionnaire visant \u00e0 d\u00e9terminer quand ces enfants regardaient la t\u00e9l\u00e9vision, les tablettes, les t\u00e9l\u00e9phones mobiles, les \u00e9crans de jeux vid\u00e9o et autres.<\/p>\n\n\n\n<p>L\u2019\u00e9tude r\u00e9alis\u00e9e par le site \u00ab&nbsp;Medical Express&nbsp;\u00bb sp\u00e9cialis\u00e9 dans la recherche a montr\u00e9 que le pourcentage d\u2019enfants expos\u00e9s aux \u00e9crans des appareils \u00e9lectroniques moins d\u2019une heure par jour s\u2019\u00e9levait \u00e0 48,5%, et le pourcentage de ceux expos\u00e9s \u00e0 des \u00e9crans de moins de deux heures s\u2019\u00e9levait \u00e0 29,5%, puis de deux \u00e0 quatre heures 17,9%, tandis que le pourcentage de ceux expos\u00e9s \u00e0 des \u00e9crans pendant des p\u00e9riodes de quatre heures ou plus \u00e9tait de 4,1%.<\/p>\n\n\n\n<p>L\u2019\u00e9tude a montr\u00e9 un lien entre le d\u00e9veloppement mental dans ces domaines et le temps d\u2019exposition des enfants aux \u00e9crans dans la petite enfance, car il a \u00e9t\u00e9 constat\u00e9 que regarder des appareils \u00e9lectroniques pour les enfants \u00e0 l\u2019\u00e2ge d\u2019un an, conduit \u00e0 un retard dans leur d\u00e9veloppement mental \u00e0 l\u2019\u00e2ge de deux ans dans tous les domaines sauf la motricit\u00e9, et quand ils atteignent l\u2019\u00e2ge de quatre ans, ils ont un retard dans plusieurs domaines, y compris la communication et la r\u00e9solution de probl\u00e8mes.<\/p>\n\n\n\n<p>Tokyo, 05 septembre 2023 (MAP)<\/p>\n\n\n\n<p>Jambon<\/p>\n","protected":false},"excerpt":{"rendered":"<p>Une \u00e9tude japonaise a confirm\u00e9 que l\u2019exposition fr\u00e9quente des enfants aux \u00e9crans \u00e9lectroniques est associ\u00e9e \u00e0 un retard du d\u00e9veloppement des fonctions mentales \u00e0 un stade ult\u00e9rieur. L\u2019\u00e9tude, men\u00e9e par une \u00e9quipe de recherche conjointe de l\u2019Universit\u00e9 de Hamamatsu et de l\u2019Universit\u00e9 de Tohoku, a mesur\u00e9 le d\u00e9veloppement mental des enfants \u00e2g\u00e9s de deux \u00e0 [&hellip;]<\/p>\n","protected":false},"author":1,"featured_media":1461,"comment_status":"open","ping_status":"open","sticky":false,"template":"","format":"standard","meta":{"footnotes":""},"categories":[24,15,19],"tags":[],"class_list":["post-1460","post","type-post","status-publish","format-standard","has-post-thumbnail","hentry","category-francais","category-15","category-19"],"_links":{"self":[{"href":"https:\/\/pressmedias.ma\/index.php?rest_route=\/wp\/v2\/posts\/1460","targetHints":{"allow":["GET"]}}],"collection":[{"href":"https:\/\/pressmedias.ma\/index.php?rest_route=\/wp\/v2\/posts"}],"about":[{"href":"https:\/\/pressmedias.ma\/index.php?rest_route=\/wp\/v2\/types\/post"}],"author":[{"embeddable":true,"href":"https:\/\/pressmedias.ma\/index.php?rest_route=\/wp\/v2\/users\/1"}],"replies":[{"embeddable":true,"href":"https:\/\/pressmedias.ma\/index.php?rest_route=%2Fwp%2Fv2%2Fcomments&post=1460"}],"version-history":[{"count":1,"href":"https:\/\/pressmedias.ma\/index.php?rest_route=\/wp\/v2\/posts\/1460\/revisions"}],"predecessor-version":[{"id":1462,"href":"https:\/\/pressmedias.ma\/index.php?rest_route=\/wp\/v2\/posts\/1460\/revisions\/1462"}],"wp:featuredmedia":[{"embeddable":true,"href":"https:\/\/pressmedias.ma\/index.php?rest_route=\/wp\/v2\/media\/1461"}],"wp:attachment":[{"href":"https:\/\/pressmedias.ma\/index.php?rest_route=%2Fwp%2Fv2%2Fmedia&parent=1460"}],"wp:term":[{"taxonomy":"category","embeddable":true,"href":"https:\/\/pressmedias.ma\/index.php?rest_route=%2Fwp%2Fv2%2Fcategories&post=1460"},{"taxonomy":"post_tag","embeddable":true,"href":"https:\/\/pressmedias.ma\/index.php?rest_route=%2Fwp%2Fv2%2Ftags&post=1460"}],"curies":[{"name":"wp","href":"https:\/\/api.w.org\/{rel}","templated":true}]}}