{"id":1469,"date":"2023-09-06T09:50:53","date_gmt":"2023-09-06T09:50:53","guid":{"rendered":"https:\/\/pressmedias.ma\/?p=1469"},"modified":"2025-04-17T16:29:04","modified_gmt":"2025-04-17T15:29:04","slug":"m-akhannouch-preside-la-premiere-reunion-sur-le-lancement-de-loffre-maroc-dans-le-domaine-de-lhydrogene-ver","status":"publish","type":"post","link":"https:\/\/pressmedias.ma\/?p=1469","title":{"rendered":"M. Akhannouch pr\u00e9side la premi\u00e8re r\u00e9union sur le lancement de \u00ab l\u2019offre Maroc \u00bb dans le domaine de l\u2019hydrog\u00e8ne ver"},"content":{"rendered":"\n<p>Le Premier ministre Aziz Akhannouch a pr\u00e9sid\u00e9, mardi \u00e0 Rabat, la premi\u00e8re r\u00e9union sur le lancement de \u00ab\u00a0l\u2019offre\u00a0\u00bb du Maroc dans le domaine de l\u2019hydrog\u00e8ne vert.<\/p>\n\n\n\n<p>La r\u00e9union, \u00e0 laquelle ont particip\u00e9 Abdelouafi Laftit, ministre de l\u2019Int\u00e9rieur, Leila Benali, ministre de la Transition \u00e9nerg\u00e9tique et du D\u00e9veloppement durable, Mohsen Jazouli, ministre d\u00e9l\u00e9gu\u00e9 aupr\u00e8s du chef du gouvernement charg\u00e9 de l\u2019investissement, de la convergence et de l\u2019\u00e9valuation des politiques publiques, et un repr\u00e9sentant de l\u2019Agence marocaine pour l\u2019\u00e9nergie durable (MASEN), intervient en application des directives royales contenues dans le r\u00e9cent discours \u00e0 l\u2019occasion du 24\u00e8me anniversaire de la glorieuse f\u00eate du tr\u00f4ne.<\/p>\n\n\n\n<p>Leila Benali, ministre de la Transition \u00e9nerg\u00e9tique et du D\u00e9veloppement durable, a d\u00e9clar\u00e9 dans un communiqu\u00e9 de presse \u00e0 l\u2019issue de la r\u00e9union que le Maroc a le potentiel de produire de l\u2019hydrog\u00e8ne vert et ses produits, tels que le m\u00e9thanol et l\u2019ammoniac, qui sont utilis\u00e9s par l\u2019Office Ch\u00e9rifien des Phosphates.<\/p>\n\n\n\n<p>Benali a expliqu\u00e9 que la r\u00e9union \u00e9tait une perc\u00e9e pour se concentrer sur les donn\u00e9es dont b\u00e9n\u00e9ficie le Maroc pour mettre en \u0153uvre des projets d\u2019hydrog\u00e8ne vert.<\/p>\n\n\n\n<p>Elle a soulign\u00e9 qu\u2019il est pr\u00e9vu de travailler en profondeur sur les donn\u00e9es disponibles sur l\u2019hydrog\u00e8ne vert, et sur les possibilit\u00e9s qui seront offertes aux investisseurs marocains et \u00e9trangers, notamment dans les domaines du vent et du soleil, qui abondent au Maroc, et des infrastructures qui concernent, notamment, les ports, gazoducs et gazoducs pouvant \u00eatre utilis\u00e9s dans le domaine de l\u2019hydrog\u00e8ne vert.<\/p>\n\n\n\n<p>Elle a soulign\u00e9 que cette r\u00e9union minist\u00e9rielle intervient en application des hautes directives royales de Sa Majest\u00e9 le Roi Mohammed VI contenues dans le r\u00e9cent discours du tr\u00f4ne afin que le gouvernement lance l\u2019offre d\u2019hydrog\u00e8ne vert au Maroc.<\/p>\n\n\n\n<p>Pour sa part, Mohcine Jazouli, ministre d\u00e9l\u00e9gu\u00e9 aupr\u00e8s du Chef du gouvernement charg\u00e9 de l\u2019investissement, de la convergence et de l\u2019\u00e9valuation des politiques publiques, a indiqu\u00e9 que la r\u00e9union minist\u00e9rielle sur le lancement de \u00ab&nbsp;l\u2019offre&nbsp;\u00bb du Maroc dans le domaine de l\u2019hydrog\u00e8ne vert a permis de d\u00e9finir une feuille de route claire pour les semaines et mois \u00e0 venir afin de r\u00e9pondre rapidement aux exigences des investisseurs int\u00e9ress\u00e9s par cette offre.<\/p>\n\n\n\n<p>Dans un communiqu\u00e9 similaire, M. Jazouli a soulign\u00e9 que cette rencontre intervient apr\u00e8s le discours royal \u00e0 l\u2019occasion du 24\u00e8me anniversaire de la glorieuse F\u00eate du Tr\u00f4ne, qui a soulign\u00e9 l\u2019offre marocaine d\u2019hydrog\u00e8ne et appel\u00e9 \u00e0 la mise en \u0153uvre rapide et qualitative de cette offre, bas\u00e9e, notamment, sur la qualit\u00e9 des infrastructures et permettant \u00e0 l\u2019investisseur d\u2019avoir un parcours simplifi\u00e9 et d\u2019adopter des initiatives conformes \u00e0 la nouvelle charte d\u2019investissement.<\/p>\n\n\n\n<p>En 2024, le gouvernement parie sur le lancement de la vision de Sa Majest\u00e9 le Roi sur le projet \u00ab Maroc Offre \u00bb dans le domaine de l\u2019hydrog\u00e8ne vert, afin de valoriser le potentiel du Maroc et de r\u00e9pondre aux projets des investisseurs internationaux dans ce domaine prometteur.<\/p>\n\n\n\n<p>En novembre 2022, SM le Roi a donn\u00e9 Ses Hautes Instructions pour \u00e9laborer une \u00ab&nbsp;offre Maroc&nbsp;\u00bb pratique et incitative, couvrant l\u2019ensemble de la cha\u00eene de valeur de la fili\u00e8re hydrog\u00e8ne vert au Maroc, et incluant \u00e9galement, outre le cadre r\u00e9glementaire et institutionnel, un plan pour les infrastructures n\u00e9cessaires, dans le but d\u2019\u00e9lever le Maroc au rang de pays \u00e0 fortes qualifications dans ce futur secteur, et de r\u00e9pondre aux multiples projets port\u00e9s par les investisseurs et les leaders mondiaux.<\/p>\n\n\n\n<p>Rabat, 06 septembre 2023 \/MAP &#8211;<\/p>\n\n\n\n<p>GB<br>SS <\/p>\n\n\n\n<p>Ham<\/p>\n\n\n\n<p><\/p>\n","protected":false},"excerpt":{"rendered":"<p>Le Premier ministre Aziz Akhannouch a pr\u00e9sid\u00e9, mardi \u00e0 Rabat, la premi\u00e8re r\u00e9union sur le lancement de \u00ab\u00a0l\u2019offre\u00a0\u00bb du Maroc dans le domaine de l\u2019hydrog\u00e8ne vert. La r\u00e9union, \u00e0 laquelle ont particip\u00e9 Abdelouafi Laftit, ministre de l\u2019Int\u00e9rieur, Leila Benali, ministre de la Transition \u00e9nerg\u00e9tique et du D\u00e9veloppement durable, Mohsen Jazouli, ministre d\u00e9l\u00e9gu\u00e9 aupr\u00e8s du chef [&hellip;]<\/p>\n","protected":false},"author":1,"featured_media":1470,"comment_status":"open","ping_status":"open","sticky":false,"template":"","format":"standard","meta":{"footnotes":""},"categories":[24,11],"tags":[],"class_list":["post-1469","post","type-post","status-publish","format-standard","has-post-thumbnail","hentry","category-francais","category-national"],"_links":{"self":[{"href":"https:\/\/pressmedias.ma\/index.php?rest_route=\/wp\/v2\/posts\/1469","targetHints":{"allow":["GET"]}}],"collection":[{"href":"https:\/\/pressmedias.ma\/index.php?rest_route=\/wp\/v2\/posts"}],"about":[{"href":"https:\/\/pressmedias.ma\/index.php?rest_route=\/wp\/v2\/types\/post"}],"author":[{"embeddable":true,"href":"https:\/\/pressmedias.ma\/index.php?rest_route=\/wp\/v2\/users\/1"}],"replies":[{"embeddable":true,"href":"https:\/\/pressmedias.ma\/index.php?rest_route=%2Fwp%2Fv2%2Fcomments&post=1469"}],"version-history":[{"count":1,"href":"https:\/\/pressmedias.ma\/index.php?rest_route=\/wp\/v2\/posts\/1469\/revisions"}],"predecessor-version":[{"id":1471,"href":"https:\/\/pressmedias.ma\/index.php?rest_route=\/wp\/v2\/posts\/1469\/revisions\/1471"}],"wp:featuredmedia":[{"embeddable":true,"href":"https:\/\/pressmedias.ma\/index.php?rest_route=\/wp\/v2\/media\/1470"}],"wp:attachment":[{"href":"https:\/\/pressmedias.ma\/index.php?rest_route=%2Fwp%2Fv2%2Fmedia&parent=1469"}],"wp:term":[{"taxonomy":"category","embeddable":true,"href":"https:\/\/pressmedias.ma\/index.php?rest_route=%2Fwp%2Fv2%2Fcategories&post=1469"},{"taxonomy":"post_tag","embeddable":true,"href":"https:\/\/pressmedias.ma\/index.php?rest_route=%2Fwp%2Fv2%2Ftags&post=1469"}],"curies":[{"name":"wp","href":"https:\/\/api.w.org\/{rel}","templated":true}]}}