{"id":1512,"date":"2023-09-07T21:53:50","date_gmt":"2023-09-07T21:53:50","guid":{"rendered":"https:\/\/pressmedias.ma\/?p=1512"},"modified":"2025-04-17T16:29:04","modified_gmt":"2025-04-17T15:29:04","slug":"laccueil-par-le-royaume-des-assemblees-annuelles-de-la-banque-mondiale-et-du-fmi-temoigne-de-la-grande-appreciation-dont-il-jouit-de-la-part-des-institutions-financieres-internationales-m-a","status":"publish","type":"post","link":"https:\/\/pressmedias.ma\/?p=1512","title":{"rendered":"L\u2019accueil par le Royaume des assembl\u00e9es annuelles de la Banque mondiale et du FMI t\u00e9moigne de la grande appr\u00e9ciation dont il jouit de la part des institutions financi\u00e8res internationales (M. Akhannouch)."},"content":{"rendered":"\n<p>Le Premier ministre Aziz Akhannouch a affirm\u00e9, jeudi \u00e0 Rabat, que l\u2019accueil par le Royaume des assembl\u00e9es g\u00e9n\u00e9rales annuelles de la Banque mondiale et du Fonds mon\u00e9taire international, qui se tiennent tous les 3 ans sur un continent diff\u00e9rent, refl\u00e8te la grande appr\u00e9ciation dont il jouit de la part des institutions financi\u00e8res internationales. \u00ab\u00a0Le Maroc s\u2019est impos\u00e9 comme une destination privil\u00e9gi\u00e9e pour accueillir des \u00e9v\u00e9nements internationaux qui n\u00e9cessitent une organisation de qualit\u00e9, gr\u00e2ce au processus de d\u00e9veloppement exceptionnel que notre pays a connu au cours des deux derni\u00e8res d\u00e9cennies, sous le r\u00e8gne de Sa Majest\u00e9 le Roi Mohammed VI\u00a0\u00bb, indique un communiqu\u00e9 de la pr\u00e9sidence du gouvernement.<\/p>\n\n\n\n<p>Cette rencontre a \u00e9t\u00e9 consacr\u00e9e aux d\u00e9lib\u00e9rations sur les derniers arrangements et la disponibilit\u00e9 du Maroc \u00e0 tous les niveaux \u00e0 accueillir cet \u00e9v\u00e9nement international de premier plan, qui constitue une occasion favorable pour le Royaume de pr\u00e9senter sa vision sur un certain nombre de questions li\u00e9es aux d\u00e9fis actuels et futurs, ainsi que de faire entendre la voix du continent africain et ses pr\u00e9occupations devant la communaut\u00e9 internationale, ajoute le communiqu\u00e9.<\/p>\n\n\n\n<p>Au cours de cette r\u00e9union, une s\u00e9rie de pr\u00e9sentations ont \u00e9t\u00e9 faites pour informer les membres du comit\u00e9 de la disponibilit\u00e9 du Royaume \u00e0 accueillir cet \u00e9v\u00e9nement mondial, car les pr\u00e9sentations ont abord\u00e9 divers aspects organisationnels et logistiques pour recevoir les participants dans les meilleures conditions.<\/p>\n\n\n\n<p>Cette rencontre intervient deux mois apr\u00e8s la visite de M. Akhannouch \u00e0 Marrakech, accompagn\u00e9 des membres du Comit\u00e9, au cours de laquelle il a appel\u00e9 les diff\u00e9rentes parties prenantes \u00e0 acc\u00e9l\u00e9rer le rythme des travaux pour la r\u00e9ussite de cet important \u00e9v\u00e9nement.<\/p>\n\n\n\n<p>Il convient de mentionner que la quatri\u00e8me et derni\u00e8re r\u00e9union du Comit\u00e9 national charg\u00e9 de diriger l\u2019organisation des assembl\u00e9es g\u00e9n\u00e9rales annuelles du Groupe de la Banque mondiale et du Fonds mon\u00e9taire international a r\u00e9uni Abdelouafi Laftit, ministre de l\u2019Int\u00e9rieur, Nasser Bourita, ministre des Affaires \u00e9trang\u00e8res, de la Coop\u00e9ration africaine et des Marocains r\u00e9sidant \u00e0 l\u2019\u00e9tranger, Nadia Fattah, ministre de l\u2019\u00e9conomie et des finances, Khaled Ait Taleb, ministre de la Sant\u00e9 et de la Protection sociale, Fatima Zahra Mansouri, ministre de l\u2019Am\u00e9nagement du territoire, de la construction, du logement et de la Politique urbaine, et Fatima Zahra Amor, ministre du Tourisme et de l\u2019Industrie. Traditionalisme et \u00e9conomie sociale et solidaire, Mohamed Abdel Jalil, ministre des Transports et de la Logistique, et Ghitha Mazour, ministre d\u00e9l\u00e9gu\u00e9e charg\u00e9e de la transition num\u00e9rique et de la r\u00e9forme administrative.<\/p>\n\n\n\n<p>Ont \u00e9galement particip\u00e9 \u00e0 la r\u00e9union Abdellatif Jouahri, gouverneur de Bank Al-Maghrib, Abdelhamid Addou, PDG de Royal Air Maroc, Ezz El Arab Hassibi, directeur g\u00e9n\u00e9ral de l\u2019Agence nationale de r\u00e9glementation des t\u00e9l\u00e9communications (ANRT), Adel El Fakir, directeur g\u00e9n\u00e9ral de l\u2019Office national marocain du tourisme, et Mohamed El Kharmoudi, directeur des affaires administratives et g\u00e9n\u00e9rales au minist\u00e8re de l\u2019Economie et des Finances.<\/p>\n\n\n\n<p>Quelque 14 000 participants de haut niveau, dont des ministres de l\u2019\u00e9conomie et des finances et des gouverneurs des banques centrales des 189 pays membres, devraient assister aux assembl\u00e9es g\u00e9n\u00e9rales annuelles du Groupe de la Banque mondiale et du Fonds mon\u00e9taire international \u00e0 Marrakech.<\/p>\n\n\n\n<p>Rabat, le 7 septembre 2023 (PAM)<\/p>\n\n\n\n<p>GT <\/p>\n","protected":false},"excerpt":{"rendered":"<p>Le Premier ministre Aziz Akhannouch a affirm\u00e9, jeudi \u00e0 Rabat, que l\u2019accueil par le Royaume des assembl\u00e9es g\u00e9n\u00e9rales annuelles de la Banque mondiale et du Fonds mon\u00e9taire international, qui se tiennent tous les 3 ans sur un continent diff\u00e9rent, refl\u00e8te la grande appr\u00e9ciation dont il jouit de la part des institutions financi\u00e8res internationales. \u00ab\u00a0Le Maroc [&hellip;]<\/p>\n","protected":false},"author":1,"featured_media":1513,"comment_status":"open","ping_status":"open","sticky":false,"template":"","format":"standard","meta":{"footnotes":""},"categories":[24,11],"tags":[],"class_list":["post-1512","post","type-post","status-publish","format-standard","has-post-thumbnail","hentry","category-francais","category-national"],"_links":{"self":[{"href":"https:\/\/pressmedias.ma\/index.php?rest_route=\/wp\/v2\/posts\/1512","targetHints":{"allow":["GET"]}}],"collection":[{"href":"https:\/\/pressmedias.ma\/index.php?rest_route=\/wp\/v2\/posts"}],"about":[{"href":"https:\/\/pressmedias.ma\/index.php?rest_route=\/wp\/v2\/types\/post"}],"author":[{"embeddable":true,"href":"https:\/\/pressmedias.ma\/index.php?rest_route=\/wp\/v2\/users\/1"}],"replies":[{"embeddable":true,"href":"https:\/\/pressmedias.ma\/index.php?rest_route=%2Fwp%2Fv2%2Fcomments&post=1512"}],"version-history":[{"count":1,"href":"https:\/\/pressmedias.ma\/index.php?rest_route=\/wp\/v2\/posts\/1512\/revisions"}],"predecessor-version":[{"id":1514,"href":"https:\/\/pressmedias.ma\/index.php?rest_route=\/wp\/v2\/posts\/1512\/revisions\/1514"}],"wp:featuredmedia":[{"embeddable":true,"href":"https:\/\/pressmedias.ma\/index.php?rest_route=\/wp\/v2\/media\/1513"}],"wp:attachment":[{"href":"https:\/\/pressmedias.ma\/index.php?rest_route=%2Fwp%2Fv2%2Fmedia&parent=1512"}],"wp:term":[{"taxonomy":"category","embeddable":true,"href":"https:\/\/pressmedias.ma\/index.php?rest_route=%2Fwp%2Fv2%2Fcategories&post=1512"},{"taxonomy":"post_tag","embeddable":true,"href":"https:\/\/pressmedias.ma\/index.php?rest_route=%2Fwp%2Fv2%2Ftags&post=1512"}],"curies":[{"name":"wp","href":"https:\/\/api.w.org\/{rel}","templated":true}]}}