{"id":1522,"date":"2023-09-09T10:38:57","date_gmt":"2023-09-09T10:38:57","guid":{"rendered":"https:\/\/pressmedias.ma\/?p=1522"},"modified":"2025-04-17T16:28:26","modified_gmt":"2025-04-17T15:28:26","slug":"tremblement-de-terre-dal-haouz-820-morts-et-672-blesses-dont-205-graves-bilan-mis-a-jour","status":"publish","type":"post","link":"https:\/\/pressmedias.ma\/?p=1522","title":{"rendered":"Tremblement de terre d\u2019Al-Haouz 820 morts et 672 bless\u00e9s, dont 205 graves (bilan mis \u00e0 jour)"},"content":{"rendered":"\n<p dir=\"ltr\">Le bilan du s\u00e9isme, qui a \u00e9t\u00e9 enregistr\u00e9 vendredi soir et qui se situait dans la communaut\u00e9 Eagle de la province d\u2019Al-Haouz, s\u2019\u00e9l\u00e8ve \u00e0 820 morts et 672 bless\u00e9s, dont 205 bless\u00e9s graves, selon un bilan actualis\u00e9 du minist\u00e8re de l\u2019Int\u00e9rieur jusqu\u2019\u00e0 dix heures ce matin.<\/p>\n\n\n\n<p dir=\"ltr\">Le secr\u00e9taire g\u00e9n\u00e9ral de la Direction g\u00e9n\u00e9rale de l\u2019int\u00e9rieur, dans une interview \u00e0 la presse samedi, a indiqu\u00e9 que 394 d\u00e9c\u00e8s ont \u00e9t\u00e9 enregistr\u00e9s dans la province du Haouz, 271 d\u00e9c\u00e8s dans la province de Taroudant, 91 d\u00e9c\u00e8s dans la province de Chichaoua, 31 d\u00e9c\u00e8s dans la province de Ouarzazate, 13 d\u00e9c\u00e8s dans la province de Marrakech, 11 d\u00e9c\u00e8s dans la province d\u2019Azilal, 5 d\u00e9c\u00e8s dans la pr\u00e9fecture d\u2019Agadir Idaoutnan, 3 d\u00e9c\u00e8s dans le Grand Casablanca, et un d\u00e9c\u00e8s dans la province de Youssoufia.<\/p>\n\n\n\n<p dir=\"ltr\">Il a ajout\u00e9 que les Forces Arm\u00e9es Royales, les autorit\u00e9s locales, les services de s\u00e9curit\u00e9 et de protection civile dans toutes les pr\u00e9fectures et r\u00e9gions concern\u00e9es continuent de mobiliser et d\u2019exploiter tous les moyens et capacit\u00e9s afin d\u2019intervenir, de fournir l\u2019assistance n\u00e9cessaire et d\u2019\u00e9valuer les d\u00e9g\u00e2ts.<\/p>\n\n\n\n<p dir=\"ltr\">Rabat, le 9 septembre 2023 \/MAP\/ <\/p>\n","protected":false},"excerpt":{"rendered":"<p>Le bilan du s\u00e9isme, qui a \u00e9t\u00e9 enregistr\u00e9 vendredi soir et qui se situait dans la communaut\u00e9 Eagle de la province d\u2019Al-Haouz, s\u2019\u00e9l\u00e8ve \u00e0 820 morts et 672 bless\u00e9s, dont 205 bless\u00e9s graves, selon un bilan actualis\u00e9 du minist\u00e8re de l\u2019Int\u00e9rieur jusqu\u2019\u00e0 dix heures ce matin. Le secr\u00e9taire g\u00e9n\u00e9ral de la Direction g\u00e9n\u00e9rale de l\u2019int\u00e9rieur, [&hellip;]<\/p>\n","protected":false},"author":1,"featured_media":1523,"comment_status":"open","ping_status":"open","sticky":false,"template":"","format":"standard","meta":{"footnotes":""},"categories":[24,11],"tags":[],"class_list":["post-1522","post","type-post","status-publish","format-standard","has-post-thumbnail","hentry","category-francais","category-national"],"_links":{"self":[{"href":"https:\/\/pressmedias.ma\/index.php?rest_route=\/wp\/v2\/posts\/1522","targetHints":{"allow":["GET"]}}],"collection":[{"href":"https:\/\/pressmedias.ma\/index.php?rest_route=\/wp\/v2\/posts"}],"about":[{"href":"https:\/\/pressmedias.ma\/index.php?rest_route=\/wp\/v2\/types\/post"}],"author":[{"embeddable":true,"href":"https:\/\/pressmedias.ma\/index.php?rest_route=\/wp\/v2\/users\/1"}],"replies":[{"embeddable":true,"href":"https:\/\/pressmedias.ma\/index.php?rest_route=%2Fwp%2Fv2%2Fcomments&post=1522"}],"version-history":[{"count":1,"href":"https:\/\/pressmedias.ma\/index.php?rest_route=\/wp\/v2\/posts\/1522\/revisions"}],"predecessor-version":[{"id":1524,"href":"https:\/\/pressmedias.ma\/index.php?rest_route=\/wp\/v2\/posts\/1522\/revisions\/1524"}],"wp:featuredmedia":[{"embeddable":true,"href":"https:\/\/pressmedias.ma\/index.php?rest_route=\/wp\/v2\/media\/1523"}],"wp:attachment":[{"href":"https:\/\/pressmedias.ma\/index.php?rest_route=%2Fwp%2Fv2%2Fmedia&parent=1522"}],"wp:term":[{"taxonomy":"category","embeddable":true,"href":"https:\/\/pressmedias.ma\/index.php?rest_route=%2Fwp%2Fv2%2Fcategories&post=1522"},{"taxonomy":"post_tag","embeddable":true,"href":"https:\/\/pressmedias.ma\/index.php?rest_route=%2Fwp%2Fv2%2Ftags&post=1522"}],"curies":[{"name":"wp","href":"https:\/\/api.w.org\/{rel}","templated":true}]}}