{"id":1525,"date":"2023-09-09T10:59:05","date_gmt":"2023-09-09T10:59:05","guid":{"rendered":"https:\/\/pressmedias.ma\/?p=1525"},"modified":"2025-04-17T16:29:03","modified_gmt":"2025-04-17T15:29:03","slug":"seisme-del-haouz-sur-les-hautes-instructions-de-sa-majeste-le-roi-mohammed-vi-les-forces-armees-royales-deploient-en-urgence-dimportants-moyens-humains-et-logistiques-aeriens-et","status":"publish","type":"post","link":"https:\/\/pressmedias.ma\/?p=1525","title":{"rendered":"S\u00e9isme d\u2019El Haouz : Sur les hautes instructions de Sa Majest\u00e9 le Roi Mohammed VI, les Forces Arm\u00e9es Royales d\u00e9ploient en urgence d\u2019importants moyens humains et logistiques, a\u00e9riens et terrestres"},"content":{"rendered":"\n<p dir=\"ltr\">Sur les hautes instructions de Sa Majest\u00e9 le Roi Mohammed VI, Commandant supr\u00eame et Chef d\u2019\u00e9tat-major g\u00e9n\u00e9ral des Forces Arm\u00e9es Royales, les Forces Arm\u00e9es Royales ont d\u00e9ploy\u00e9, dans la nuit du 9 septembre 2023, suite au s\u00e9isme qui a frapp\u00e9 la r\u00e9gion du Haouz, d\u2019importants moyens humains et logistiques, a\u00e9riens et terrestres, en plus d\u2019unit\u00e9s d\u2019intervention sp\u00e9cialis\u00e9es compos\u00e9es d\u2019\u00e9quipes de recherche et de sauvetage, et d\u2019un h\u00f4pital m\u00e9dical chirurgical de campagne.<\/p>\n\n\n\n<p dir=\"ltr\">Selon une d\u00e9claration du Commandement supr\u00eame des Forces arm\u00e9es royales, les mesures n\u00e9cessaires ont \u00e9t\u00e9 prises au niveau du Commandement supr\u00eame des Forces arm\u00e9es royales et des garnisons militaires du Royaume pour communiquer et assurer la coordination avec les autorit\u00e9s locales.<\/p>\n\n\n\n<p dir=\"ltr\">Des unit\u00e9s d\u2019intervention, des avions, des h\u00e9licopt\u00e8res, des drones, des v\u00e9hicules du g\u00e9nie et des centres logistiques ont \u00e9galement \u00e9t\u00e9 d\u00e9ploy\u00e9s sur place pour apporter le soutien n\u00e9cessaire aux diff\u00e9rents secteurs concern\u00e9s et \u00e0 la population touch\u00e9e.<\/p>\n\n\n\n<p dir=\"ltr\">Rabat\/le 9 septembre 2023\/MAP\/<\/p>\n","protected":false},"excerpt":{"rendered":"<p>Sur les hautes instructions de Sa Majest\u00e9 le Roi Mohammed VI, Commandant supr\u00eame et Chef d\u2019\u00e9tat-major g\u00e9n\u00e9ral des Forces Arm\u00e9es Royales, les Forces Arm\u00e9es Royales ont d\u00e9ploy\u00e9, dans la nuit du 9 septembre 2023, suite au s\u00e9isme qui a frapp\u00e9 la r\u00e9gion du Haouz, d\u2019importants moyens humains et logistiques, a\u00e9riens et terrestres, en plus d\u2019unit\u00e9s [&hellip;]<\/p>\n","protected":false},"author":1,"featured_media":1526,"comment_status":"open","ping_status":"open","sticky":false,"template":"","format":"standard","meta":{"footnotes":""},"categories":[24,11],"tags":[],"class_list":["post-1525","post","type-post","status-publish","format-standard","has-post-thumbnail","hentry","category-francais","category-national"],"_links":{"self":[{"href":"https:\/\/pressmedias.ma\/index.php?rest_route=\/wp\/v2\/posts\/1525","targetHints":{"allow":["GET"]}}],"collection":[{"href":"https:\/\/pressmedias.ma\/index.php?rest_route=\/wp\/v2\/posts"}],"about":[{"href":"https:\/\/pressmedias.ma\/index.php?rest_route=\/wp\/v2\/types\/post"}],"author":[{"embeddable":true,"href":"https:\/\/pressmedias.ma\/index.php?rest_route=\/wp\/v2\/users\/1"}],"replies":[{"embeddable":true,"href":"https:\/\/pressmedias.ma\/index.php?rest_route=%2Fwp%2Fv2%2Fcomments&post=1525"}],"version-history":[{"count":1,"href":"https:\/\/pressmedias.ma\/index.php?rest_route=\/wp\/v2\/posts\/1525\/revisions"}],"predecessor-version":[{"id":1527,"href":"https:\/\/pressmedias.ma\/index.php?rest_route=\/wp\/v2\/posts\/1525\/revisions\/1527"}],"wp:featuredmedia":[{"embeddable":true,"href":"https:\/\/pressmedias.ma\/index.php?rest_route=\/wp\/v2\/media\/1526"}],"wp:attachment":[{"href":"https:\/\/pressmedias.ma\/index.php?rest_route=%2Fwp%2Fv2%2Fmedia&parent=1525"}],"wp:term":[{"taxonomy":"category","embeddable":true,"href":"https:\/\/pressmedias.ma\/index.php?rest_route=%2Fwp%2Fv2%2Fcategories&post=1525"},{"taxonomy":"post_tag","embeddable":true,"href":"https:\/\/pressmedias.ma\/index.php?rest_route=%2Fwp%2Fv2%2Ftags&post=1525"}],"curies":[{"name":"wp","href":"https:\/\/api.w.org\/{rel}","templated":true}]}}