{"id":1528,"date":"2023-09-09T21:09:05","date_gmt":"2023-09-09T21:09:05","guid":{"rendered":"https:\/\/pressmedias.ma\/?p=1528"},"modified":"2025-04-17T16:29:03","modified_gmt":"2025-04-17T15:29:03","slug":"sous-les-directives-du-commandeur-des-croyants-la-priere-des-absents-aura-lieu-dans-toutes-les-mosquees-du-royaume-apres-la-priere-de-midi-demain-dimanche-en-lhonneur-des-ames-des-martyrs","status":"publish","type":"post","link":"https:\/\/pressmedias.ma\/?p=1528","title":{"rendered":"Sous les directives du Commandeur des croyants, la pri\u00e8re des absents aura lieu dans toutes les mosqu\u00e9es du Royaume apr\u00e8s la pri\u00e8re de midi demain, dimanche, en l\u2019honneur des \u00e2mes des martyrs du tremblement de terre (communiqu\u00e9"},"content":{"rendered":"\n<p>Le minist\u00e8re des Awqaf et des Affaires islamiques a annonc\u00e9 que sous les directives du Commandeur des Al-Mouminines, Sa Majest\u00e9 le Roi Mohammed VI, la pri\u00e8re des absents aura lieu apr\u00e8s les pri\u00e8res de midi demain, dimanche, dans toutes les mosqu\u00e9es du Royaume, en l\u2019honneur des \u00e2mes des martyrs du tremblement de terre dont le Royaume a \u00e9t\u00e9 t\u00e9moin.<\/p>\n\n\n\n<p>Voici le texte de la d\u00e9claration du minist\u00e8re des Dotations et des Affaires islamiques \u00e0 cet \u00e9gard :<\/p>\n\n\n\n<p>\u00ab Le minist\u00e8re des Dotations et des Affaires islamiques annonce que, sous les directives du Commandeur des croyants, Sa Majest\u00e9 le Roi Mohammed VI, que Dieu le ch\u00e9rit, toutes les mosqu\u00e9es du Royaume tiendront la pri\u00e8re des absents, apr\u00e8s la pri\u00e8re de midi du dimanche 24 Safar 1445, correspondant au 10 septembre 2023, en l\u2019honneur des martyrs du tremblement de terre que notre pays a connu. Qu\u2019Allah prot\u00e8ge Maulana, Commandeur des croyants, accepte cette pri\u00e8re pour les morts et entoure ce royaume honorable de Sa bont\u00e9 cach\u00e9e. \u00bb \/<\/p>\n\n\n\n<p>Rabat, le 9 septembre 2023 MAP<\/p>\n","protected":false},"excerpt":{"rendered":"<p>Le minist\u00e8re des Awqaf et des Affaires islamiques a annonc\u00e9 que sous les directives du Commandeur des Al-Mouminines, Sa Majest\u00e9 le Roi Mohammed VI, la pri\u00e8re des absents aura lieu apr\u00e8s les pri\u00e8res de midi demain, dimanche, dans toutes les mosqu\u00e9es du Royaume, en l\u2019honneur des \u00e2mes des martyrs du tremblement de terre dont le [&hellip;]<\/p>\n","protected":false},"author":1,"featured_media":1529,"comment_status":"open","ping_status":"open","sticky":false,"template":"","format":"standard","meta":{"footnotes":""},"categories":[24,11],"tags":[],"class_list":["post-1528","post","type-post","status-publish","format-standard","has-post-thumbnail","hentry","category-francais","category-national"],"_links":{"self":[{"href":"https:\/\/pressmedias.ma\/index.php?rest_route=\/wp\/v2\/posts\/1528","targetHints":{"allow":["GET"]}}],"collection":[{"href":"https:\/\/pressmedias.ma\/index.php?rest_route=\/wp\/v2\/posts"}],"about":[{"href":"https:\/\/pressmedias.ma\/index.php?rest_route=\/wp\/v2\/types\/post"}],"author":[{"embeddable":true,"href":"https:\/\/pressmedias.ma\/index.php?rest_route=\/wp\/v2\/users\/1"}],"replies":[{"embeddable":true,"href":"https:\/\/pressmedias.ma\/index.php?rest_route=%2Fwp%2Fv2%2Fcomments&post=1528"}],"version-history":[{"count":1,"href":"https:\/\/pressmedias.ma\/index.php?rest_route=\/wp\/v2\/posts\/1528\/revisions"}],"predecessor-version":[{"id":1530,"href":"https:\/\/pressmedias.ma\/index.php?rest_route=\/wp\/v2\/posts\/1528\/revisions\/1530"}],"wp:featuredmedia":[{"embeddable":true,"href":"https:\/\/pressmedias.ma\/index.php?rest_route=\/wp\/v2\/media\/1529"}],"wp:attachment":[{"href":"https:\/\/pressmedias.ma\/index.php?rest_route=%2Fwp%2Fv2%2Fmedia&parent=1528"}],"wp:term":[{"taxonomy":"category","embeddable":true,"href":"https:\/\/pressmedias.ma\/index.php?rest_route=%2Fwp%2Fv2%2Fcategories&post=1528"},{"taxonomy":"post_tag","embeddable":true,"href":"https:\/\/pressmedias.ma\/index.php?rest_route=%2Fwp%2Fv2%2Ftags&post=1528"}],"curies":[{"name":"wp","href":"https:\/\/api.w.org\/{rel}","templated":true}]}}