{"id":1531,"date":"2023-09-09T21:18:07","date_gmt":"2023-09-09T21:18:07","guid":{"rendered":"https:\/\/pressmedias.ma\/?p=1531"},"modified":"2025-04-17T16:29:46","modified_gmt":"2025-04-17T15:29:46","slug":"declaration-du-royal-office","status":"publish","type":"post","link":"https:\/\/pressmedias.ma\/?p=1531","title":{"rendered":"D\u00e9claration du Royal Office"},"content":{"rendered":"\n<p>Voici une d\u00e9claration du Cabinet Royal :<\/p>\n\n\n\n<p>\u00ab Sa Majest\u00e9 le Roi Mohammed VI, que Dieu L\u2019assiste, accompagn\u00e9 de Son Altesse Royale le Prince h\u00e9ritier Moulay El Hassan, a pr\u00e9sid\u00e9, apr\u00e8s la disparition du samedi 9 septembre 2023, au Palais Royal \u00e0 Rabat, une s\u00e9ance de travail consacr\u00e9e \u00e0 l\u2019\u00e9change de la situation \u00e0 la suite du douloureux tremblement de terre, survenu le vendredi 8 septembre, qui a laiss\u00e9 de grandes pertes humaines et mat\u00e9rielles dans de nombreuses r\u00e9gions du Royaume.<\/p>\n\n\n\n<p>\u00c0 cet \u00e9gard, les responsables pr\u00e9sents aux mains de Sa Majest\u00e9 le Roi, que Dieu le prot\u00e8ge, ont pass\u00e9 en revue les derniers d\u00e9veloppements dans les pr\u00e9fectures et r\u00e9gions touch\u00e9es, en particulier au niveau de certaines zones qui ne pouvaient pas \u00eatre atteintes la nuit, o\u00f9 la situation actuelle n\u2019\u00e9tait pas d\u00e9termin\u00e9e et o\u00f9 les op\u00e9rations de secours ont commenc\u00e9 jusqu\u2019au d\u00e9but de la journ\u00e9e.<\/p>\n\n\n\n<p>Au cours de cette session, les responsables pr\u00e9sents ont pr\u00e9sent\u00e9 \u00e0 Altesse Royale les d\u00e9tails des mesures prises afin de faire face rapidement \u00e0 cette catastrophe naturelle majeure.<\/p>\n\n\n\n<p>Ces mesures urgentes, qui ont fait l\u2019objet d\u2019instructions de Sa Majest\u00e9 et d\u2019un suivi constant depuis les premiers instants apr\u00e8s le tremblement de terre, ont fait l\u2019objet d\u2019instructions et d\u2019un suivi constant, qui ont vu l\u2019intervention des Forces Arm\u00e9es Royales, des autorit\u00e9s locales, des services charg\u00e9s de l\u2019application des lois, des \u00e9quipes de protection civile, ainsi que des secteurs minist\u00e9riels concern\u00e9s, principalement :<\/p>\n\n\n\n<p>&#8211; Renforcer les moyens et les \u00e9quipes de recherche et de sauvetage afin d\u2019acc\u00e9l\u00e9rer le sauvetage et l\u2019\u00e9vacuation des bless\u00e9s, &#8211; Approvisionnement en eau potable des zones touch\u00e9es,<\/p>\n\n\n\n<p>&#8211; Distribution de rations alimentaires, de tentes et de couvertures aux afflig\u00e9s,<\/p>\n\n\n\n<p>&#8211; Reprise rapide des services publics.<\/p>\n\n\n\n<p>A cet \u00e9gard, il convient de noter qu\u2019en application des hautes instructions de Sa Majest\u00e9 le Roi Mohammed VI, Commandant supr\u00eame et Chef d\u2019\u00e9tat-major g\u00e9n\u00e9ral des Forces Arm\u00e9es Royales, les Forces Arm\u00e9es Royales ont d\u00e9ploy\u00e9 en urgence d\u2019importants moyens humains et logistiques, a\u00e9riens et terrestres, ainsi que des unit\u00e9s d\u2019intervention sp\u00e9cialis\u00e9es compos\u00e9es d\u2019\u00e9quipes de recherche et de sauvetage et d\u2019un h\u00f4pital m\u00e9dical chirurgical de campagne.<\/p>\n\n\n\n<p>Dans ce cadre, Sa Majest\u00e9 le Roi a donn\u00e9 Ses Hautes Instructions dans le but de poursuivre d\u2019urgence tous les travaux de sauvetage sur le terrain, ainsi que :<\/p>\n\n\n\n<p>&#8211; La mise en place imm\u00e9diate d\u2019un comit\u00e9 interminist\u00e9riel charg\u00e9 d\u2019\u00e9laborer un programme urgent de r\u00e9habilitation et d\u2019appui \u00e0 la reconstruction des maisons d\u00e9truites dans les zones touch\u00e9es dans les meilleurs d\u00e9lais.<\/p>\n\n\n\n<p>&#8211; Prendre soin des personnes en situation difficile, en particulier les orphelins et les personnes en situation de vuln\u00e9rabilit\u00e9.<\/p>\n\n\n\n<p>&#8211; Prise en charge imm\u00e9diate de toutes les personnes sans abri \u00e0 la suite du tremblement de terre, en particulier en termes d\u2019abri, de nutrition et de tous les besoins fondamentaux.<\/p>\n\n\n\n<p>&#8211; Encourager les op\u00e9rateurs \u00e9conomiques en vue de la reprise imm\u00e9diate des activit\u00e9s au niveau des r\u00e9gions concern\u00e9es.<\/p>\n\n\n\n<p>&#8211; Ouverture d\u2019un compte sp\u00e9cial aupr\u00e8s du Tr\u00e9sor et de la Banque Al-Maghrib dans le but de recevoir des contributions volontaires de solidarit\u00e9 aux citoyens et aux organismes priv\u00e9s et publics.<\/p>\n\n\n\n<p>&#8211; La mobilisation globale de la Fondation Mohammed V pour la Solidarit\u00e9, avec toutes ses composantes, afin d\u2019apporter un soutien et un accompagnement aux citoyens dans les zones touch\u00e9es.<\/p>\n\n\n\n<p>&#8211; La constitution de r\u00e9serves et de stocks pour les besoins primaires (m\u00e9dicaments, tentes, lits, denr\u00e9es alimentaires&#8230;) au niveau de chaque r\u00e9gion du Royaume afin de faire face \u00e0 toutes les formes de catastrophes<\/p>\n\n\n\n<p>Il a \u00e9galement \u00e9t\u00e9 d\u00e9cid\u00e9 de d\u00e9clarer un deuil national de trois jours, avec des drapeaux nationaux abaiss\u00e9s sur tous les b\u00e2timents publics.<\/p>\n\n\n\n<p>D\u2019autre part, Sa Majest\u00e9 le Roi, Amir Al-Mouminine, a donn\u00e9 Ses Hautes instructions au Ministre des Awqaf et des Affaires Islamiques pour effectuer des pri\u00e8res d\u2019absent\u00e9isme, dans toutes les mosqu\u00e9es du Royaume, en l\u2019honneur des \u00e2mes des victimes de cette catastrophe naturelle.<\/p>\n\n\n\n<p>SM le Roi a \u00e9galement exprim\u00e9 les sinc\u00e8res remerciements du Royaume aux nombreux pays malheureux et amis, qui ont exprim\u00e9 leur solidarit\u00e9 avec le peuple marocain dans cette circonstance, et nombre d\u2019entre eux ont exprim\u00e9 leur disponibilit\u00e9 \u00e0 apporter leur assistance dans ces circonstances exceptionnelles.<\/p>\n\n\n\n<p>Le Premier ministre Aziz Akhannouch, le ministre de l\u2019Int\u00e9rieur Abdelouafi Laftit et le ministre de la Sant\u00e9 et de la Protection sociale Khaled Ait Taleb ont assist\u00e9 \u00e0 la s\u00e9ance de travail.<\/p>\n\n\n\n<p>Ont \u00e9galement particip\u00e9 \u00e0 la session le g\u00e9n\u00e9ral de corps d\u2019arm\u00e9e Mohamed Bariz, inspecteur g\u00e9n\u00e9ral des Forces arm\u00e9es royales et commandant de la r\u00e9gion Sud, le g\u00e9n\u00e9ral de corps d\u2019arm\u00e9e Mohamed Harmo, commandant de la gendarmerie royale, le g\u00e9n\u00e9ral de division Mohamed Abbar, inspecteur de la S\u00fbret\u00e9 sanitaire militaire, le g\u00e9n\u00e9ral de brigade Ihsan Lotfi, directeur g\u00e9n\u00e9ral de la protection civile, Abdellatif Hammouchi, directeur g\u00e9n\u00e9ral de la s\u00e9curit\u00e9 nationale et de la surveillance territoriale, et Mohamed Azmi, coordonnateur de la Fondation Mohammed V pour la solidarit\u00e9.<\/p>\n\n\n\n<p>Rabat, le 9 septembre 2023 \/MAP\/ <\/p>\n","protected":false},"excerpt":{"rendered":"<p>Voici une d\u00e9claration du Cabinet Royal : \u00ab Sa Majest\u00e9 le Roi Mohammed VI, que Dieu L\u2019assiste, accompagn\u00e9 de Son Altesse Royale le Prince h\u00e9ritier Moulay El Hassan, a pr\u00e9sid\u00e9, apr\u00e8s la disparition du samedi 9 septembre 2023, au Palais Royal \u00e0 Rabat, une s\u00e9ance de travail consacr\u00e9e \u00e0 l\u2019\u00e9change de la situation \u00e0 la [&hellip;]<\/p>\n","protected":false},"author":1,"featured_media":1532,"comment_status":"open","ping_status":"open","sticky":false,"template":"","format":"standard","meta":{"footnotes":""},"categories":[24,11],"tags":[],"class_list":["post-1531","post","type-post","status-publish","format-standard","has-post-thumbnail","hentry","category-francais","category-national"],"_links":{"self":[{"href":"https:\/\/pressmedias.ma\/index.php?rest_route=\/wp\/v2\/posts\/1531","targetHints":{"allow":["GET"]}}],"collection":[{"href":"https:\/\/pressmedias.ma\/index.php?rest_route=\/wp\/v2\/posts"}],"about":[{"href":"https:\/\/pressmedias.ma\/index.php?rest_route=\/wp\/v2\/types\/post"}],"author":[{"embeddable":true,"href":"https:\/\/pressmedias.ma\/index.php?rest_route=\/wp\/v2\/users\/1"}],"replies":[{"embeddable":true,"href":"https:\/\/pressmedias.ma\/index.php?rest_route=%2Fwp%2Fv2%2Fcomments&post=1531"}],"version-history":[{"count":1,"href":"https:\/\/pressmedias.ma\/index.php?rest_route=\/wp\/v2\/posts\/1531\/revisions"}],"predecessor-version":[{"id":1533,"href":"https:\/\/pressmedias.ma\/index.php?rest_route=\/wp\/v2\/posts\/1531\/revisions\/1533"}],"wp:featuredmedia":[{"embeddable":true,"href":"https:\/\/pressmedias.ma\/index.php?rest_route=\/wp\/v2\/media\/1532"}],"wp:attachment":[{"href":"https:\/\/pressmedias.ma\/index.php?rest_route=%2Fwp%2Fv2%2Fmedia&parent=1531"}],"wp:term":[{"taxonomy":"category","embeddable":true,"href":"https:\/\/pressmedias.ma\/index.php?rest_route=%2Fwp%2Fv2%2Fcategories&post=1531"},{"taxonomy":"post_tag","embeddable":true,"href":"https:\/\/pressmedias.ma\/index.php?rest_route=%2Fwp%2Fv2%2Ftags&post=1531"}],"curies":[{"name":"wp","href":"https:\/\/api.w.org\/{rel}","templated":true}]}}