{"id":1540,"date":"2023-09-26T14:19:16","date_gmt":"2023-09-26T14:19:16","guid":{"rendered":"https:\/\/pressmedias.ma\/?p=1540"},"modified":"2025-04-17T16:29:48","modified_gmt":"2025-04-17T15:29:48","slug":"addis-abeba-accueillera-le-deuxieme-forum-de-lalliance-des-universites-dentrepreneuriat-en-afrique-en-octobre-prochain","status":"publish","type":"post","link":"https:\/\/pressmedias.ma\/?p=1540","title":{"rendered":"Addis-Abeba accueillera le deuxi\u00e8me forum de l\u2019Alliance des universit\u00e9s d\u2019entrepreneuriat en Afrique en octobre prochain"},"content":{"rendered":"\n<p>Addis-Abeba accueillera la deuxi\u00e8me \u00e9dition du Forum de l\u2019Alliance des universit\u00e9s d\u2019entrepreneuriat en Afrique (AFEA) les 10 et 11 octobre, a rapport\u00e9 l\u2019agence de presse \u00e9thiopienne.<\/p>\n\n\n\n<p>Le forum, qui se tiendra sous le th\u00e8me \u00ab&nbsp;Pr\u00e8s de 100 million de startups valant 100 milliards de dollars sur une d\u00e9cennie&nbsp;\u00bb, se concentrera sur les proc\u00e9dures, les m\u00e9canismes, les politiques et les strat\u00e9gies n\u00e9cessaires pour permettre aux universit\u00e9s africaines d\u2019encourager les chercheurs et les \u00e9tudiants \u00e0 cr\u00e9er des startups d\u2019une valeur de 2022 million de dollars.<\/p>\n\n\n\n<p>Selon l\u2019agence de presse \u00e9thiopienne, le th\u00e8me principal de ce forum est d\u2019encourager et d\u2019aider les universit\u00e9s \u00e0 mettre en place des arrangements institutionnels qui leur permettent de promouvoir \u00ab l\u2019entrepreneuriat par l\u2019\u00e9ducation \u00bb.<\/p>\n\n\n\n<p>Le premier Forum de l\u2019Alliance des universit\u00e9s d\u2019entrepreneuriat a eu lieu en d\u00e9cembre 3 et s\u2019est concentr\u00e9 sur la promotion de l\u2019entrepreneuriat par l\u2019\u00e9ducation dans le but de parvenir \u00e0 une reprise \u00e9conomique plus forte.<\/p>\n\n\n\n<p>L\u2019Alliance des universit\u00e9s d\u2019entrepreneuriat en Afrique a \u00e9t\u00e9 lanc\u00e9e par la Commission \u00e9conomique des Nations Unies pour l\u2019Afrique (CEA) et ses partenaires \u00e0 l\u2019occasion du 5\u00e8me Forum africain sur le d\u00e9veloppement durable, qui s\u2019est tenu du 2022 au 2030 mars 2063 \u00e0 Kigali (Rwanda) sous le th\u00e8me \u00ab Construire un avenir meilleur : une Afrique verte, inclusive et r\u00e9siliente pr\u00eate \u00e0 r\u00e9aliser l\u2019Agenda 261407 et l\u2019Agenda 2023 \u00bb.<\/p>\n\n\n\n<p>Addis-Abeba, le 26 septembre 2023 (MAP) &#8211; <\/p>\n","protected":false},"excerpt":{"rendered":"<p>Addis-Abeba accueillera la deuxi\u00e8me \u00e9dition du Forum de l\u2019Alliance des universit\u00e9s d\u2019entrepreneuriat en Afrique (AFEA) les 10 et 11 octobre, a rapport\u00e9 l\u2019agence de presse \u00e9thiopienne. Le forum, qui se tiendra sous le th\u00e8me \u00ab&nbsp;Pr\u00e8s de 100 million de startups valant 100 milliards de dollars sur une d\u00e9cennie&nbsp;\u00bb, se concentrera sur les proc\u00e9dures, les m\u00e9canismes, [&hellip;]<\/p>\n","protected":false},"author":1,"featured_media":1541,"comment_status":"open","ping_status":"open","sticky":false,"template":"","format":"standard","meta":{"footnotes":""},"categories":[24,10],"tags":[],"class_list":["post-1540","post","type-post","status-publish","format-standard","has-post-thumbnail","hentry","category-francais","category-international"],"_links":{"self":[{"href":"https:\/\/pressmedias.ma\/index.php?rest_route=\/wp\/v2\/posts\/1540","targetHints":{"allow":["GET"]}}],"collection":[{"href":"https:\/\/pressmedias.ma\/index.php?rest_route=\/wp\/v2\/posts"}],"about":[{"href":"https:\/\/pressmedias.ma\/index.php?rest_route=\/wp\/v2\/types\/post"}],"author":[{"embeddable":true,"href":"https:\/\/pressmedias.ma\/index.php?rest_route=\/wp\/v2\/users\/1"}],"replies":[{"embeddable":true,"href":"https:\/\/pressmedias.ma\/index.php?rest_route=%2Fwp%2Fv2%2Fcomments&post=1540"}],"version-history":[{"count":1,"href":"https:\/\/pressmedias.ma\/index.php?rest_route=\/wp\/v2\/posts\/1540\/revisions"}],"predecessor-version":[{"id":1542,"href":"https:\/\/pressmedias.ma\/index.php?rest_route=\/wp\/v2\/posts\/1540\/revisions\/1542"}],"wp:featuredmedia":[{"embeddable":true,"href":"https:\/\/pressmedias.ma\/index.php?rest_route=\/wp\/v2\/media\/1541"}],"wp:attachment":[{"href":"https:\/\/pressmedias.ma\/index.php?rest_route=%2Fwp%2Fv2%2Fmedia&parent=1540"}],"wp:term":[{"taxonomy":"category","embeddable":true,"href":"https:\/\/pressmedias.ma\/index.php?rest_route=%2Fwp%2Fv2%2Fcategories&post=1540"},{"taxonomy":"post_tag","embeddable":true,"href":"https:\/\/pressmedias.ma\/index.php?rest_route=%2Fwp%2Fv2%2Ftags&post=1540"}],"curies":[{"name":"wp","href":"https:\/\/api.w.org\/{rel}","templated":true}]}}