{"id":1550,"date":"2023-10-03T11:01:43","date_gmt":"2023-10-03T11:01:43","guid":{"rendered":"https:\/\/pressmedias.ma\/?p=1550"},"modified":"2025-04-17T16:29:03","modified_gmt":"2025-04-17T15:29:03","slug":"suede-prix-nobel-de-physique-decerne-a-trois-chercheurs","status":"publish","type":"post","link":"https:\/\/pressmedias.ma\/?p=1550","title":{"rendered":"Su\u00e8de.. Prix Nobel de physique d\u00e9cern\u00e9 \u00e0 trois chercheurs"},"content":{"rendered":"\n<p> Le prix Nobel de physique 2023 a \u00e9t\u00e9 d\u00e9cern\u00e9 mardi \u00e0 Stockholm \u00e0 la Hongrie-Autrichienne Ferenc Krauss, au Fran\u00e7ais Pierre Agostini et \u00e0 la Franco-Su\u00e9doise Anne Lewheeler pour leurs recherches sur les instruments d\u2019exploration des \u00e9lectrons dans les atomes et les mol\u00e9cules.<\/p>\n\n\n\n<p>Le jury a annonc\u00e9 que les trois chercheurs ont d\u00e9montr\u00e9 un moyen de cr\u00e9er de tr\u00e8s courtes impulsions de lumi\u00e8re qui peuvent \u00eatre utilis\u00e9es pour mesurer les processus rapides dans lesquels les \u00e9lectrons se d\u00e9placent ou changent d\u2019\u00e9nergie.<\/p>\n\n\n\n<p>Eva Olsson, pr\u00e9sidente du Comit\u00e9 Nobel de physique, a d\u00e9clar\u00e9: \u00ab&nbsp;Nous pouvons maintenant ouvrir la porte au monde des \u00e9lectrons. La physique de l\u2019attoseconde nous donne l\u2019occasion de comprendre les m\u00e9canismes r\u00e9gis par les \u00e9lectrons. La prochaine \u00e9tape sera de l\u2019utiliser. \u00bb<\/p>\n\n\n\n<p>Le prix est de 11 millions de couronnes su\u00e9doises (950 031051 euros), qui seront partag\u00e9es \u00e0 parts \u00e9gales entre les gagnants.<\/p>\n\n\n\n<p>L\u2019ann\u00e9e derni\u00e8re, trois chercheurs fran\u00e7ais, am\u00e9ricains et autrichiens ont re\u00e7u le prix Nobel de physique pour leurs recherches en m\u00e9canique quantique.<\/p>\n\n\n\n<p>La saison Nobel se poursuit mercredi \u00e0 Stockholm avec la remise du prix de chimie, devant le tr\u00e8s attendu prix de litt\u00e9rature jeudi et le prix de la paix vendredi, le seul prix d\u00e9cern\u00e9 \u00e0 Oslo, tandis que le prix d\u2019\u00e9conomie conclut la prestigieuse s\u00e9rie de prix Nobel lundi prochain.<\/p>\n\n\n\n<p>Stockholm\/03 octobre 2023 (MAP)<\/p>\n\n\n\n<p>D\/ F.I.C<\/p>\n","protected":false},"excerpt":{"rendered":"<p>Le prix Nobel de physique 2023 a \u00e9t\u00e9 d\u00e9cern\u00e9 mardi \u00e0 Stockholm \u00e0 la Hongrie-Autrichienne Ferenc Krauss, au Fran\u00e7ais Pierre Agostini et \u00e0 la Franco-Su\u00e9doise Anne Lewheeler pour leurs recherches sur les instruments d\u2019exploration des \u00e9lectrons dans les atomes et les mol\u00e9cules. Le jury a annonc\u00e9 que les trois chercheurs ont d\u00e9montr\u00e9 un moyen de [&hellip;]<\/p>\n","protected":false},"author":1,"featured_media":1551,"comment_status":"open","ping_status":"open","sticky":false,"template":"","format":"standard","meta":{"footnotes":""},"categories":[24,10],"tags":[],"class_list":["post-1550","post","type-post","status-publish","format-standard","has-post-thumbnail","hentry","category-francais","category-international"],"_links":{"self":[{"href":"https:\/\/pressmedias.ma\/index.php?rest_route=\/wp\/v2\/posts\/1550","targetHints":{"allow":["GET"]}}],"collection":[{"href":"https:\/\/pressmedias.ma\/index.php?rest_route=\/wp\/v2\/posts"}],"about":[{"href":"https:\/\/pressmedias.ma\/index.php?rest_route=\/wp\/v2\/types\/post"}],"author":[{"embeddable":true,"href":"https:\/\/pressmedias.ma\/index.php?rest_route=\/wp\/v2\/users\/1"}],"replies":[{"embeddable":true,"href":"https:\/\/pressmedias.ma\/index.php?rest_route=%2Fwp%2Fv2%2Fcomments&post=1550"}],"version-history":[{"count":1,"href":"https:\/\/pressmedias.ma\/index.php?rest_route=\/wp\/v2\/posts\/1550\/revisions"}],"predecessor-version":[{"id":1552,"href":"https:\/\/pressmedias.ma\/index.php?rest_route=\/wp\/v2\/posts\/1550\/revisions\/1552"}],"wp:featuredmedia":[{"embeddable":true,"href":"https:\/\/pressmedias.ma\/index.php?rest_route=\/wp\/v2\/media\/1551"}],"wp:attachment":[{"href":"https:\/\/pressmedias.ma\/index.php?rest_route=%2Fwp%2Fv2%2Fmedia&parent=1550"}],"wp:term":[{"taxonomy":"category","embeddable":true,"href":"https:\/\/pressmedias.ma\/index.php?rest_route=%2Fwp%2Fv2%2Fcategories&post=1550"},{"taxonomy":"post_tag","embeddable":true,"href":"https:\/\/pressmedias.ma\/index.php?rest_route=%2Fwp%2Fv2%2Ftags&post=1550"}],"curies":[{"name":"wp","href":"https:\/\/api.w.org\/{rel}","templated":true}]}}