{"id":1563,"date":"2023-10-09T09:41:46","date_gmt":"2023-10-09T09:41:46","guid":{"rendered":"https:\/\/pressmedias.ma\/?p=1563"},"modified":"2025-04-17T16:29:04","modified_gmt":"2025-04-17T15:29:04","slug":"lage-minimum-de-la-retraite-pour-les-saoudiens-dans-le-monde-rapport","status":"publish","type":"post","link":"https:\/\/pressmedias.ma\/?p=1563","title":{"rendered":"L\u2019\u00e2ge minimum de la retraite pour les Saoudiens dans le monde (rapport)"},"content":{"rendered":"\n<p>&nbsp;Un graphique de l\u2019\u00e2ge de la retraite dans 45 pays pour 2020, bas\u00e9 sur des donn\u00e9es compl\u00e8tes du rapport de l\u2019OCDE, a r\u00e9v\u00e9l\u00e9 que l\u2019Arabie saoudite a enregistr\u00e9 l\u2019\u00e2ge minimum actuel de la retraite de seulement 47 ans, avec des prestations de retraite compl\u00e8tes.<br><br>Les donn\u00e9es, rapport\u00e9es lundi par le journal saoudien \u00ab&nbsp;Al-Watan&nbsp;\u00bb, ont montr\u00e9 que la Turquie \u00e9tait proche du Royaume \u00e0 l\u2019\u00e2ge de la retraite \u00e0 l\u2019\u00e2ge de 52 ans, et que chacun en particulier avait un \u00e2ge de retraite r\u00e9el beaucoup plus \u00e9lev\u00e9 en moyenne.<br><br>Trois pays ont l\u2019\u00e2ge de la retraite actuel le plus \u00e9lev\u00e9 de 67 ans \u2013 l\u2019Islande, Isra\u00ebl et la Norv\u00e8ge \u2013 mais tous ont un \u00e2ge de retraite r\u00e9el l\u00e9g\u00e8rement inf\u00e9rieur en moyenne.<br><br>Les mesures, utilis\u00e9es par l\u2019OCDE, montrent que l\u2019\u00e2ge actuel de la retraite est l\u2019\u00e2ge auquel les individus peuvent prendre leur retraite sans p\u00e9nalit\u00e9 avec une pension apr\u00e8s avoir termin\u00e9 une carri\u00e8re compl\u00e8te \u00e0 partir de l\u2019\u00e2ge de 22 ans, tandis que l\u2019\u00e2ge r\u00e9el de la retraite fait r\u00e9f\u00e9rence \u00e0 l\u2019\u00e2ge moyen de sortie du march\u00e9 du travail pour les travailleurs \u00e2g\u00e9s de 40 ans ou plus.<br><br>Dans de nombreux pays, les travailleurs prennent leur retraite plus t\u00f4t ou plus tard que l\u2019\u00e2ge actuel de la retraite, a-t-elle d\u00e9clar\u00e9, notant que cette disparit\u00e9 peut survenir en raison de nombreux facteurs, notamment les diff\u00e9rences d\u2019\u00e2ge de d\u00e9but de carri\u00e8re, certaines industries offrant une retraite anticip\u00e9e ou des avantages en \u00e9change d\u2019engagements ult\u00e9rieurs, ou les pays facilitant la sortie de diff\u00e9rentes main-d\u2019\u0153uvre en raison des demandes et des politiques du march\u00e9.<\/p>\n\n\n\n<p>Riyad\/9 octobre 2023 (MAP)<\/p>\n","protected":false},"excerpt":{"rendered":"<p>&nbsp;Un graphique de l\u2019\u00e2ge de la retraite dans 45 pays pour 2020, bas\u00e9 sur des donn\u00e9es compl\u00e8tes du rapport de l\u2019OCDE, a r\u00e9v\u00e9l\u00e9 que l\u2019Arabie saoudite a enregistr\u00e9 l\u2019\u00e2ge minimum actuel de la retraite de seulement 47 ans, avec des prestations de retraite compl\u00e8tes. Les donn\u00e9es, rapport\u00e9es lundi par le journal saoudien \u00ab&nbsp;Al-Watan&nbsp;\u00bb, ont montr\u00e9 [&hellip;]<\/p>\n","protected":false},"author":1,"featured_media":1564,"comment_status":"open","ping_status":"open","sticky":false,"template":"","format":"standard","meta":{"footnotes":""},"categories":[24,15,10],"tags":[],"class_list":["post-1563","post","type-post","status-publish","format-standard","has-post-thumbnail","hentry","category-francais","category-15","category-international"],"_links":{"self":[{"href":"https:\/\/pressmedias.ma\/index.php?rest_route=\/wp\/v2\/posts\/1563","targetHints":{"allow":["GET"]}}],"collection":[{"href":"https:\/\/pressmedias.ma\/index.php?rest_route=\/wp\/v2\/posts"}],"about":[{"href":"https:\/\/pressmedias.ma\/index.php?rest_route=\/wp\/v2\/types\/post"}],"author":[{"embeddable":true,"href":"https:\/\/pressmedias.ma\/index.php?rest_route=\/wp\/v2\/users\/1"}],"replies":[{"embeddable":true,"href":"https:\/\/pressmedias.ma\/index.php?rest_route=%2Fwp%2Fv2%2Fcomments&post=1563"}],"version-history":[{"count":1,"href":"https:\/\/pressmedias.ma\/index.php?rest_route=\/wp\/v2\/posts\/1563\/revisions"}],"predecessor-version":[{"id":1565,"href":"https:\/\/pressmedias.ma\/index.php?rest_route=\/wp\/v2\/posts\/1563\/revisions\/1565"}],"wp:featuredmedia":[{"embeddable":true,"href":"https:\/\/pressmedias.ma\/index.php?rest_route=\/wp\/v2\/media\/1564"}],"wp:attachment":[{"href":"https:\/\/pressmedias.ma\/index.php?rest_route=%2Fwp%2Fv2%2Fmedia&parent=1563"}],"wp:term":[{"taxonomy":"category","embeddable":true,"href":"https:\/\/pressmedias.ma\/index.php?rest_route=%2Fwp%2Fv2%2Fcategories&post=1563"},{"taxonomy":"post_tag","embeddable":true,"href":"https:\/\/pressmedias.ma\/index.php?rest_route=%2Fwp%2Fv2%2Ftags&post=1563"}],"curies":[{"name":"wp","href":"https:\/\/api.w.org\/{rel}","templated":true}]}}