{"id":1569,"date":"2023-10-09T10:09:28","date_gmt":"2023-10-09T10:09:28","guid":{"rendered":"https:\/\/pressmedias.ma\/?p=1569"},"modified":"2025-04-17T16:29:04","modified_gmt":"2025-04-17T15:29:04","slug":"les-assemblees-annuelles-banque-mondiale-fmi-loccasion-de-souligner-le-role-du-maroc-en-faveur-du-developpement-du-continent-africain-think-tank-americain","status":"publish","type":"post","link":"https:\/\/pressmedias.ma\/?p=1569","title":{"rendered":"Les Assembl\u00e9es annuelles Banque mondiale-FMI, l\u2019occasion de souligner le r\u00f4le du Maroc en faveur du d\u00e9veloppement du continent africain (think tank am\u00e9ricain)"},"content":{"rendered":"\n<p>Les r\u00e9unions annuelles de la Banque mondiale et du Fonds mon\u00e9taire international (FMI) \u00e0 Marrakech sont l\u2019occasion de souligner le r\u00f4le \u00ab pionnier \u00bb du Maroc dans le d\u00e9veloppement de l\u2019Afrique, a d\u00e9clar\u00e9 Paulo von Schirach, pr\u00e9sident du Think Tank am\u00e9ricain pour la politique mondiale (Global Policy).<\/p>\n\n\n\n<p>Gr\u00e2ce \u00e0 ses politiques innovantes, le Maroc est engag\u00e9 dans une dynamique d\u2019investissement sur le continent, notamment \u00e0 travers la m\u00e9diation de ses institutions financi\u00e8res, a indiqu\u00e9 \u00e0 la MAP le responsable du think tank bas\u00e9 \u00e0 Washington, soulignant que le Royaume met son expertise multisectorielle au service de nombreux pays africains.<\/p>\n\n\n\n<p>Le Maroc est l\u2019un des plus grands producteurs et exportateurs d\u2019engrais au monde, a relev\u00e9 l\u2019expert am\u00e9ricain, notant que le Royaume fournit \u00e9galement des conseils aux pays du continent souhaitant d\u00e9velopper leur productivit\u00e9 agricole.<\/p>\n\n\n\n<p>D\u2019autre part, l\u2019analyste am\u00e9ricain a soulign\u00e9 le r\u00f4le jou\u00e9 par le Maroc dans le renforcement des comp\u00e9tences et le d\u00e9veloppement des capacit\u00e9s des \u00e9tudiants d\u2019Afrique subsaharienne, notant que de nombreux jeunes du continent s\u2019inscrivent dans les universit\u00e9s marocaines pour obtenir une formation avanc\u00e9e.<\/p>\n\n\n\n<p>\u00ab&nbsp;Le Maroc est qualifi\u00e9 pour conduire le continent africain de mani\u00e8re constructive vers l\u2019avenir&nbsp;\u00bb, a-t-il dit, notant que la d\u00e9cision des deux institutions internationales de tenir leurs r\u00e9unions annuelles \u00e0 Marrakech, pour la premi\u00e8re fois en Afrique depuis cinquante ans, traduit clairement ce r\u00f4le jou\u00e9 par le Royaume au profit de sa profondeur strat\u00e9gique et de son extension naturelle.<\/p>\n\n\n\n<p>Le Maroc est un mod\u00e8le d\u2019\u00e9conomie \u00e9mergente tourn\u00e9e vers l\u2019avenir, gr\u00e2ce \u00e0 des politiques pionni\u00e8res, a d\u00e9clar\u00e9 le chef du Centre pour la politique mondiale.<\/p>\n\n\n\n<p>L\u2019expert a mis en exergue les accords multiformats qui lient le Royaume \u00e0 de nombreux groupes et pays, tels que l\u2019Union europ\u00e9enne et les Etats-Unis, notant que le Maroc dispose d\u2019une \u00e9conomie qui \u00ab&nbsp;s\u2019adapte et profite des opportunit\u00e9s offertes par l\u2019\u00e9conomie mondiale&nbsp;\u00bb.<\/p>\n\n\n\n<p>Les r\u00e9unions annuelles \u00e0 Marrakech, qui se d\u00e9rouleront du 9 au 15 octobre, verront la participation d\u2019environ 12 200 participants et de plus de 180 pays membres du Fonds mon\u00e9taire international et de la Banque mondiale, y compris des responsables du secteur public (banques centrales, minist\u00e8res des finances et du d\u00e9veloppement, parlementaires), du secteur priv\u00e9, des organisations de la soci\u00e9t\u00e9 civile, de la jeunesse, des m\u00e9dias et des chercheurs universitaires, pour d\u00e9lib\u00e9rer sur des questions de nature internationale.<\/p>\n\n\n\n<p>Cet important forum international se tient pendant deux ann\u00e9es cons\u00e9cutives au si\u00e8ge des institutions financi\u00e8res \u00e0 Washington, et tous les trois ans dans un autre pays membre.<\/p>\n\n\n\n<p>Washington\/08 octobre 2023 (MAP)<\/p>\n\n\n\n<p>p e<\/p>\n","protected":false},"excerpt":{"rendered":"<p>Les r\u00e9unions annuelles de la Banque mondiale et du Fonds mon\u00e9taire international (FMI) \u00e0 Marrakech sont l\u2019occasion de souligner le r\u00f4le \u00ab pionnier \u00bb du Maroc dans le d\u00e9veloppement de l\u2019Afrique, a d\u00e9clar\u00e9 Paulo von Schirach, pr\u00e9sident du Think Tank am\u00e9ricain pour la politique mondiale (Global Policy). Gr\u00e2ce \u00e0 ses politiques innovantes, le Maroc est [&hellip;]<\/p>\n","protected":false},"author":1,"featured_media":1570,"comment_status":"open","ping_status":"open","sticky":false,"template":"","format":"standard","meta":{"footnotes":""},"categories":[24,10],"tags":[],"class_list":["post-1569","post","type-post","status-publish","format-standard","has-post-thumbnail","hentry","category-francais","category-international"],"_links":{"self":[{"href":"https:\/\/pressmedias.ma\/index.php?rest_route=\/wp\/v2\/posts\/1569","targetHints":{"allow":["GET"]}}],"collection":[{"href":"https:\/\/pressmedias.ma\/index.php?rest_route=\/wp\/v2\/posts"}],"about":[{"href":"https:\/\/pressmedias.ma\/index.php?rest_route=\/wp\/v2\/types\/post"}],"author":[{"embeddable":true,"href":"https:\/\/pressmedias.ma\/index.php?rest_route=\/wp\/v2\/users\/1"}],"replies":[{"embeddable":true,"href":"https:\/\/pressmedias.ma\/index.php?rest_route=%2Fwp%2Fv2%2Fcomments&post=1569"}],"version-history":[{"count":1,"href":"https:\/\/pressmedias.ma\/index.php?rest_route=\/wp\/v2\/posts\/1569\/revisions"}],"predecessor-version":[{"id":1571,"href":"https:\/\/pressmedias.ma\/index.php?rest_route=\/wp\/v2\/posts\/1569\/revisions\/1571"}],"wp:featuredmedia":[{"embeddable":true,"href":"https:\/\/pressmedias.ma\/index.php?rest_route=\/wp\/v2\/media\/1570"}],"wp:attachment":[{"href":"https:\/\/pressmedias.ma\/index.php?rest_route=%2Fwp%2Fv2%2Fmedia&parent=1569"}],"wp:term":[{"taxonomy":"category","embeddable":true,"href":"https:\/\/pressmedias.ma\/index.php?rest_route=%2Fwp%2Fv2%2Fcategories&post=1569"},{"taxonomy":"post_tag","embeddable":true,"href":"https:\/\/pressmedias.ma\/index.php?rest_route=%2Fwp%2Fv2%2Ftags&post=1569"}],"curies":[{"name":"wp","href":"https:\/\/api.w.org\/{rel}","templated":true}]}}