{"id":1616,"date":"2023-11-15T17:54:12","date_gmt":"2023-11-15T17:54:12","guid":{"rendered":"https:\/\/pressmedias.ma\/?p=1616"},"modified":"2023-11-15T17:54:13","modified_gmt":"2023-11-15T17:54:13","slug":"%d8%a7%d9%84%d9%87%d9%8a%d8%a3%d8%a9-%d8%a7%d9%84%d9%88%d8%b7%d9%86%d9%8a%d8%a9-%d9%84%d9%84%d8%b4%d8%a8%d8%a7%d8%a8-%d8%a7%d9%84%d9%85%d9%84%d9%83%d9%8a-%d9%84%d9%84%d8%af%d9%81%d8%a7%d8%b9-%d8%b9","status":"publish","type":"post","link":"https:\/\/pressmedias.ma\/?p=1616","title":{"rendered":"\u0627\u0644\u0647\u064a\u0623\u0629 \u0627\u0644\u0648\u0637\u0646\u064a\u0629 \u0644\u0644\u0634\u0628\u0627\u0628 \u0627\u0644\u0645\u0644\u0643\u064a \u0644\u0644\u062f\u0641\u0627\u0639 \u0639\u0646 \u0627\u0644\u0648\u062d\u062f\u0629 \u0627\u0644\u062a\u0631\u0627\u0628\u064a\u0629"},"content":{"rendered":"\n<p>Ecrit par Hassan Moutachaouiq<\/p>\n\n\n\n<p>L&rsquo;organisation des jeunes royalistes pour la d\u00e9fense de l&rsquo;unit\u00e9 territoriale, telle est la traduction du titre de cet article en arabe, et il s&rsquo;agit d&rsquo;une jeune association n\u00e9e a Tanger le mois de Avril 2023. Elle est pr\u00e9sid\u00e9e par un jeune citoyen nationaliste nomm\u00e9 Mustapha Amri. <\/p>\n\n\n\n<p>Depuis sa cr\u00e9ation elle ne cesse de travailler sur l&rsquo;unit\u00e9 nationale en encadrant des jeunes de la ville ainsi que l&rsquo;extension par l&rsquo;ouverture des filiales dot\u00e9es de l&rsquo;autonomie mais suivent les m\u00eames objectifs. et a pu voire le jour successivement et rapidement une a Larache, T\u00e9touan, Nador, F\u00e8s, et la suite sera tr\u00e8s prochainement a Laayoune et Casablanca &#8230;, d&rsquo;autres villes \u00e9trang\u00e8res sont aussi en attente.<\/p>\n\n\n\n<p>A l&rsquo;occasion de la f\u00eate nationale de la marche verte, l&rsquo;association, avec la participation des filiales des autres villes suscit\u00e9es, a organis\u00e9 son premier Festival de Tanger , qui a dur\u00e9 trois jours, 10, 11 et 12 Novembre, sous le th\u00e8me \u00ab\u00a0Marocains jusqu&rsquo;\u00e0 la mort\u00a0\u00bb,<\/p>\n\n\n\n<figure class=\"wp-block-image size-large is-resized\"><img loading=\"lazy\" decoding=\"async\" width=\"1024\" height=\"419\" src=\"https:\/\/pressmedias.ma\/wp-content\/uploads\/2023\/11\/232-1024x419.jpg\" alt=\"\" class=\"wp-image-1618\" style=\"aspect-ratio:2.443914081145585;width:453px;height:auto\" srcset=\"https:\/\/pressmedias.ma\/wp-content\/uploads\/2023\/11\/232-1024x419.jpg 1024w, https:\/\/pressmedias.ma\/wp-content\/uploads\/2023\/11\/232-300x123.jpg 300w, https:\/\/pressmedias.ma\/wp-content\/uploads\/2023\/11\/232-768x314.jpg 768w, https:\/\/pressmedias.ma\/wp-content\/uploads\/2023\/11\/232-1536x629.jpg 1536w, https:\/\/pressmedias.ma\/wp-content\/uploads\/2023\/11\/232.jpg 1600w\" sizes=\"auto, (max-width: 1024px) 100vw, 1024px\" \/><\/figure>\n\n\n\n<p>Ainsi pendant trois jours au centre de Tanger \u00ab\u00a0Place des nations \u00a0\u00bb une foire a \u00e9t\u00e9 dress\u00e9e pour commercialiser des produits purement marocains, et a cot\u00e9 des ateliers pour toucher les \u00e9coliers et jeunes adolescents pour se rappeler et c\u00e9l\u00e9brer la victoire de la marche verte conduite par le feu Hassan II et participation massive de nos grands parents.    <\/p>\n\n\n\n<figure class=\"wp-block-image size-large is-resized\"><img loading=\"lazy\" decoding=\"async\" width=\"1024\" height=\"576\" src=\"https:\/\/pressmedias.ma\/wp-content\/uploads\/2023\/11\/235-1024x576.jpg\" alt=\"\" class=\"wp-image-1619\" style=\"aspect-ratio:1.7777777777777777;width:495px;height:auto\" srcset=\"https:\/\/pressmedias.ma\/wp-content\/uploads\/2023\/11\/235-1024x576.jpg 1024w, https:\/\/pressmedias.ma\/wp-content\/uploads\/2023\/11\/235-300x169.jpg 300w, https:\/\/pressmedias.ma\/wp-content\/uploads\/2023\/11\/235-768x432.jpg 768w, https:\/\/pressmedias.ma\/wp-content\/uploads\/2023\/11\/235-1536x864.jpg 1536w, https:\/\/pressmedias.ma\/wp-content\/uploads\/2023\/11\/235.jpg 1600w\" sizes=\"auto, (max-width: 1024px) 100vw, 1024px\" \/><\/figure>\n\n\n\n<p>En parall\u00e8le deux soir\u00e9es sous forme de tables rondes ont \u00e9t\u00e9 programm\u00e9es <\/p>\n\n\n\n<ul class=\"wp-block-list\">\n<li>La premi\u00e8re, le 10 Novembre, Mr Noureddine Bel Haddad a eu le m\u00e9rite de nous faire rappeler notre histoire et surtout l&rsquo;histoires des Sultans Alaouite, que tout les assistants, qui malgr\u00e9 leurs niveaux intellectuels et universitaire ignorent une grande partie. Encore une fois un grand merci a Mr Noureddine Bel Haddad       <\/li>\n\n\n\n<li> La deuxi\u00e8me soir\u00e9e anim\u00e9e par Mr Tayeb Boutebkalet et Mr Noureddine Bel Haddad tout deux ont soulign\u00e9 et expliqu\u00e9 les arguments, techniques et r\u00e9alit\u00e9s historiques que tout marocains se doit d&rsquo;utiliser pour d\u00e9fendre la souverainet\u00e9 Marocaine sur son Sahara&#8230;  <\/li>\n<\/ul>\n\n\n\n<p> Ces deux tables rondes peuvent bel et bien donner l&rsquo;id\u00e9e d&rsquo;une \u00e9mission t\u00e9l\u00e9vis\u00e9e de plus d&rsquo;une trentaine d&rsquo;\u00e9pisodes, une heure chacune.  Un s\u00e9rieux appel a nos responsables de production et de r\u00e9alisation de la RTM de se diriger vers Mr Bel Haddad Noureddine. Un grand hommage a ce monsieur noble et marocain jusqu&rsquo;\u00e0 la mort.<\/p>\n\n\n\n<figure class=\"wp-block-image size-large is-resized\"><img loading=\"lazy\" decoding=\"async\" width=\"1024\" height=\"419\" src=\"https:\/\/pressmedias.ma\/wp-content\/uploads\/2023\/11\/237-1024x419.jpg\" alt=\"\" class=\"wp-image-1620\" style=\"aspect-ratio:2.443914081145585;width:613px;height:auto\" srcset=\"https:\/\/pressmedias.ma\/wp-content\/uploads\/2023\/11\/237-1024x419.jpg 1024w, https:\/\/pressmedias.ma\/wp-content\/uploads\/2023\/11\/237-300x123.jpg 300w, https:\/\/pressmedias.ma\/wp-content\/uploads\/2023\/11\/237-768x314.jpg 768w, https:\/\/pressmedias.ma\/wp-content\/uploads\/2023\/11\/237-1536x629.jpg 1536w, https:\/\/pressmedias.ma\/wp-content\/uploads\/2023\/11\/237.jpg 1600w\" sizes=\"auto, (max-width: 1024px) 100vw, 1024px\" \/><\/figure>\n\n\n\n<p>Le dernier jour, un carnaval avec la participation de plus deux milles personnes marchant sur un boulevard {l&rsquo;art\u00e8re de la ville de Tanger} bloqu\u00e9 pendant plus d&rsquo;une heure ou des jeunes de diff\u00e9rents \u00e2ges, repr\u00e9sentant toutes les r\u00e9gions du Maroc, marchaient depuis la place du 9 Avril ( Le d\u00e9funt Mohamed V a eu son m\u00e9morable discours en Avril 1947) traversant boulevard Med V jusque la place des nations. une exposition des photos des sultans Alaouites ainsi que quelque antiquit\u00e9s li\u00e9es a la marche verte que certains l&rsquo;ont vues pour la premi\u00e8re fois. un Hommage aussi a Mr Younes Cheikh Ali.<\/p>\n\n\n\n<p>L&rsquo;\u00e9v\u00e8nement a pris fin tard la nuit du 12 Novembre apr\u00e8s une soir\u00e9e spectacle en pr\u00e9sence des chanteurs et acteurs marocain a l&rsquo;instar de l&rsquo; aimable Saida Talal et Rachid Berriah, Rania Jamal et autres&#8230;<\/p>\n\n\n\n<figure class=\"wp-block-image size-large is-resized\"><img loading=\"lazy\" decoding=\"async\" width=\"1024\" height=\"611\" src=\"https:\/\/pressmedias.ma\/wp-content\/uploads\/2023\/11\/230-1024x611.jpg\" alt=\"\" class=\"wp-image-1621\" style=\"aspect-ratio:1.6759410801963994;width:432px;height:auto\" srcset=\"https:\/\/pressmedias.ma\/wp-content\/uploads\/2023\/11\/230-1024x611.jpg 1024w, https:\/\/pressmedias.ma\/wp-content\/uploads\/2023\/11\/230-300x179.jpg 300w, https:\/\/pressmedias.ma\/wp-content\/uploads\/2023\/11\/230-768x458.jpg 768w, https:\/\/pressmedias.ma\/wp-content\/uploads\/2023\/11\/230.jpg 1067w\" sizes=\"auto, (max-width: 1024px) 100vw, 1024px\" \/><\/figure>\n\n\n\n<p>Je n&rsquo;oublie absolument pas de lever le chapeau aux autorit\u00e9s locales qui ont montr\u00e9 une autre fois leur haut niveau et leur participation concr\u00e8te a la r\u00e9ussite de ce premier festival.<\/p>\n\n\n\n<p>Et enfin je reproche au m\u00e9dias de tout genre qui se doit de se pencher sur ce type d&rsquo;activit\u00e9s au lieu de courir derri\u00e8re les banalit\u00e9s&#8230;   <\/p>\n\n\n\n<p>Et ce n&rsquo;est que le d\u00e9but <\/p>\n\n\n\n<p>Couverture de presse et photographie le journaliste Hassan Barhon<\/p>\n","protected":false},"excerpt":{"rendered":"<p>Ecrit par Hassan Moutachaouiq L&rsquo;organisation des jeunes royalistes pour la d\u00e9fense de l&rsquo;unit\u00e9 territoriale, telle est la traduction du titre de cet article en arabe, et il s&rsquo;agit d&rsquo;une jeune association n\u00e9e a Tanger le mois de Avril 2023. Elle est pr\u00e9sid\u00e9e par un jeune citoyen nationaliste nomm\u00e9 Mustapha Amri. Depuis sa cr\u00e9ation elle ne [&hellip;]<\/p>\n","protected":false},"author":1,"featured_media":1617,"comment_status":"open","ping_status":"open","sticky":false,"template":"","format":"standard","meta":{"footnotes":""},"categories":[11],"tags":[],"class_list":["post-1616","post","type-post","status-publish","format-standard","has-post-thumbnail","hentry","category-national"],"_links":{"self":[{"href":"https:\/\/pressmedias.ma\/index.php?rest_route=\/wp\/v2\/posts\/1616","targetHints":{"allow":["GET"]}}],"collection":[{"href":"https:\/\/pressmedias.ma\/index.php?rest_route=\/wp\/v2\/posts"}],"about":[{"href":"https:\/\/pressmedias.ma\/index.php?rest_route=\/wp\/v2\/types\/post"}],"author":[{"embeddable":true,"href":"https:\/\/pressmedias.ma\/index.php?rest_route=\/wp\/v2\/users\/1"}],"replies":[{"embeddable":true,"href":"https:\/\/pressmedias.ma\/index.php?rest_route=%2Fwp%2Fv2%2Fcomments&post=1616"}],"version-history":[{"count":1,"href":"https:\/\/pressmedias.ma\/index.php?rest_route=\/wp\/v2\/posts\/1616\/revisions"}],"predecessor-version":[{"id":1622,"href":"https:\/\/pressmedias.ma\/index.php?rest_route=\/wp\/v2\/posts\/1616\/revisions\/1622"}],"wp:featuredmedia":[{"embeddable":true,"href":"https:\/\/pressmedias.ma\/index.php?rest_route=\/wp\/v2\/media\/1617"}],"wp:attachment":[{"href":"https:\/\/pressmedias.ma\/index.php?rest_route=%2Fwp%2Fv2%2Fmedia&parent=1616"}],"wp:term":[{"taxonomy":"category","embeddable":true,"href":"https:\/\/pressmedias.ma\/index.php?rest_route=%2Fwp%2Fv2%2Fcategories&post=1616"},{"taxonomy":"post_tag","embeddable":true,"href":"https:\/\/pressmedias.ma\/index.php?rest_route=%2Fwp%2Fv2%2Ftags&post=1616"}],"curies":[{"name":"wp","href":"https:\/\/api.w.org\/{rel}","templated":true}]}}