{"id":1646,"date":"2023-12-06T13:58:03","date_gmt":"2023-12-06T13:58:03","guid":{"rendered":"https:\/\/pressmedias.ma\/?p=1646"},"modified":"2025-04-17T16:29:06","modified_gmt":"2025-04-17T15:29:06","slug":"la-crise-de-lenseignement-public-au-maroc-est-elle-arrivee-au-stade-de-la-catastrophe","status":"publish","type":"post","link":"https:\/\/pressmedias.ma\/?p=1646","title":{"rendered":"La crise de l\u2019enseignement public au Maroc est-elle arriv\u00e9e au stade de la catastrophe"},"content":{"rendered":"\n<p dir=\"ltr\"><strong>D<\/strong>epuis le d\u00e9but de l&rsquo;ann\u00e9e scolaire 2023-2024, le secteur de l&rsquo;\u00e9ducation nationale au Maroc a connu une vague de protestations et de gr\u00e8ves des syndicats et de la coordination \u00e9ducative, en rejet du nouveau syst\u00e8me de base approuv\u00e9 unilat\u00e9ralement par le gouvernement et le minist\u00e8re comp\u00e9tent. Ces instances syndicales et de coordination accusent le gouvernement et le minist\u00e8re de ne pas respecter ses engagements sign\u00e9s dans l&rsquo;accord du 14 janvier 2023, qui comprend un ensemble de revendications sociales, professionnelles et militantes pour les travailleurs de l&rsquo;\u00e9ducation.<\/p>\n\n\n\n<p dir=\"ltr\">Cette situation a conduit \u00e0 la perturbation du parcours d&rsquo;\u00e9tudes \u00e0 diff\u00e9rents niveaux et fili\u00e8res \u00e9ducatives, \u00e0 une d\u00e9t\u00e9rioration des relations entre le gouvernement, les syndicats et la coordination, et \u00e0 l&rsquo;exacerbation de la crise dont souffre le secteur \u00e9ducatif au Maroc.<\/p>\n\n\n\n<p dir=\"ltr\"><strong>S<\/strong>ans arr\u00eater sur les causes et les responsabilit\u00e9s, nul ne peut contester que notre syst\u00e8me \u00e9ducatif est d\u00e9faillant et le niveau de nos \u00e9lev\u00e9s est tr\u00e8s critique.<\/p>\n\n\n\n<p dir=\"ltr\">De ministre \u00e0 autre sans aucune am\u00e9lioration. Le premier tiers de cette ann\u00e9e les \u00e9l\u00e8vent l\u2019ont pass\u00e9 en train de jouer avec uniquement quelques jour de scolarit\u00e9 et aussi bien les syndicats des enseignants se sont permis, sans honte, de prendre les vacances\u2026<\/p>\n\n\n\n<p dir=\"ltr\">Posons une question simple&nbsp;:<\/p>\n\n\n\n<p dir=\"ltr\"><strong>Si le gouvernement suspend ledit nouveau syst\u00e8me et la classe des enseignants aient les augmentations de salaires qu\u2019elle souhaite est ce que nous pouvons esp\u00e9rer une am\u00e9lioration de notre syst\u00e8me \u00e9ducatif&nbsp;?<\/strong><\/p>\n\n\n\n<p dir=\"ltr\">Je me permets de poser cette question afin de soulever le caract\u00e8re \u00e9go\u00efste des enseignants et leurs syndicats d\u2019une part et le Gouvernement et le minist\u00e8re de l\u2019autre part. Tous deux se veulent d\u00e9fendre des int\u00e9r\u00eats personnels, dans la mesure o\u00f9 ils se doivent d\u2019avoir de la honte et se penchent sur le vrai probl\u00e8me, \u00e0 savoir le niveau de nos \u00e9lev\u00e9s qui n\u2019a pas cess\u00e9 de se d\u00e9t\u00e9riorer depuis des d\u00e9cennies, et de travailler sur les moyens de le d\u00e9velopper.&nbsp; Et ce en travaillant sur la vision, les objectifs et les axes strat\u00e9giques du gouvernement marocain dans le domaine de l&rsquo;\u00e9ducation. Si bien entendu il y a une vision et\/ou une strat\u00e9gie&nbsp;!<\/p>\n\n\n\n<p dir=\"ltr\">Par ailleurs, la gestion du secteur et son renforcement repose sur la gestion des capacit\u00e9s des ressources humaines du ministre jusqu\u2019aux gardiens des \u00e9tablissements scolaires.<\/p>\n\n\n\n<p dir=\"ltr\">&nbsp;La rationalisation des d\u00e9penses en limitant le gaspillage des fonds d\u2019un c\u00f4t\u00e9 et avoir le courage de virer les fonctionnaires \u00e0 z\u00e9ro valeurs ajout\u00e9e, sans parler des fonctionnaires fictifs qui continuent \u00e0 Reigner dans nos minist\u00e8res et \u00e9tablissements publics de l\u2019autre c\u00f4t\u00e9. Chose est sure, nous aurons un budget tr\u00e8s important qui nous permettrait de r\u00e9soudre le probl\u00e8me des classes condens\u00e9es et am\u00e9liorer la situation des enseignants.<\/p>\n\n\n\n<p dir=\"ltr\">Mettre en place des ateliers de recherches et d\u00e9veloppement qui peuvent discuter et s\u2019inspirer des model\u00e9s \u00e9ducatifs suivis dans certains pays performants dans le domaine de l\u2019\u00e9ducation, ces ateliers doivent \u00eatre compos\u00e9s de nouvelles comp\u00e9tences pour ne pas rester fid\u00e8les aux m\u00eames id\u00e9es qui m\u00e8nent aux m\u00eames r\u00e9sultats&nbsp;!<\/p>\n\n\n\n<p dir=\"ltr\">En guise de conclusion, m\u00eame si ce sujet est tr\u00e8s complexe pour le conclure, rappeler vous que les marocains ont montr\u00e9 leurs engagements et leurs soutiens imminents et spontan\u00e9s des r\u00e9gions sinistr\u00e9es lors du tremblement de terre d\u2019Al Hawz. De ce fait si le gouvernement d\u00e9clare et avoue que le syst\u00e8me \u00e9ducatif marocain est arriv\u00e9 \u00e0 un stade catastrophique personne n\u2019\u00e9pargnera d\u2019effort pour le soutenir. D\u00e8s lors, Si sa majest\u00e9 le Roi Mohamed VI ne cesse de rappeler d\u2019\u00eatre s\u00e9rieux et cr\u00e9dible, il ne faut surtout pas continuer \u00e0 maquiller la r\u00e9alit\u00e9 car ceci concerne tout le pays et on ne peut esp\u00e9rer un d\u00e9veloppement durable quiconque sans futures g\u00e9n\u00e9rations qui assureront la continuit\u00e9&#8230;<\/p>\n","protected":false},"excerpt":{"rendered":"<p>Depuis le d\u00e9but de l&rsquo;ann\u00e9e scolaire 2023-2024, le secteur de l&rsquo;\u00e9ducation nationale au Maroc a connu une vague de protestations et de gr\u00e8ves des syndicats et de la coordination \u00e9ducative, en rejet du nouveau syst\u00e8me de base approuv\u00e9 unilat\u00e9ralement par le gouvernement et le minist\u00e8re comp\u00e9tent. Ces instances syndicales et de coordination accusent le gouvernement [&hellip;]<\/p>\n","protected":false},"author":1,"featured_media":1647,"comment_status":"open","ping_status":"open","sticky":false,"template":"","format":"standard","meta":{"footnotes":""},"categories":[24,15,11],"tags":[],"class_list":["post-1646","post","type-post","status-publish","format-standard","has-post-thumbnail","hentry","category-francais","category-15","category-national"],"_links":{"self":[{"href":"https:\/\/pressmedias.ma\/index.php?rest_route=\/wp\/v2\/posts\/1646","targetHints":{"allow":["GET"]}}],"collection":[{"href":"https:\/\/pressmedias.ma\/index.php?rest_route=\/wp\/v2\/posts"}],"about":[{"href":"https:\/\/pressmedias.ma\/index.php?rest_route=\/wp\/v2\/types\/post"}],"author":[{"embeddable":true,"href":"https:\/\/pressmedias.ma\/index.php?rest_route=\/wp\/v2\/users\/1"}],"replies":[{"embeddable":true,"href":"https:\/\/pressmedias.ma\/index.php?rest_route=%2Fwp%2Fv2%2Fcomments&post=1646"}],"version-history":[{"count":3,"href":"https:\/\/pressmedias.ma\/index.php?rest_route=\/wp\/v2\/posts\/1646\/revisions"}],"predecessor-version":[{"id":2810,"href":"https:\/\/pressmedias.ma\/index.php?rest_route=\/wp\/v2\/posts\/1646\/revisions\/2810"}],"wp:featuredmedia":[{"embeddable":true,"href":"https:\/\/pressmedias.ma\/index.php?rest_route=\/wp\/v2\/media\/1647"}],"wp:attachment":[{"href":"https:\/\/pressmedias.ma\/index.php?rest_route=%2Fwp%2Fv2%2Fmedia&parent=1646"}],"wp:term":[{"taxonomy":"category","embeddable":true,"href":"https:\/\/pressmedias.ma\/index.php?rest_route=%2Fwp%2Fv2%2Fcategories&post=1646"},{"taxonomy":"post_tag","embeddable":true,"href":"https:\/\/pressmedias.ma\/index.php?rest_route=%2Fwp%2Fv2%2Ftags&post=1646"}],"curies":[{"name":"wp","href":"https:\/\/api.w.org\/{rel}","templated":true}]}}