{"id":1674,"date":"2023-12-19T13:58:31","date_gmt":"2023-12-19T13:58:31","guid":{"rendered":"https:\/\/pressmedias.ma\/?p=1674"},"modified":"2025-04-17T16:29:05","modified_gmt":"2025-04-17T15:29:05","slug":"la-visite-royale-aux-emirats-arabes-unis-renforcement-des-liens-strategiques-et-cooperation-bilaterale","status":"publish","type":"post","link":"https:\/\/pressmedias.ma\/?p=1674","title":{"rendered":"La Visite Royale aux \u00c9mirats Arabes Unis : Renforcement des Liens Strat\u00e9giques et Coop\u00e9ration Bilat\u00e9rale"},"content":{"rendered":"\n<p><strong>C<\/strong>et article met en lumi\u00e8re l&rsquo;importance de la visite royale aux \u00c9mirats arabes unis et ses implications sur les relations bilat\u00e9rales entre les deux pays.<\/p>\n\n\n\n<p>La visite officielle de SM le roi Mohammed VI aux \u00c9mirats arabes unis qui a eu lieu du 5 au 7 d\u00e9cembre 2023 a \u00e9t\u00e9 marqu\u00e9e par un accueil somptueux et chaleureux de la part du pr\u00e9sident \u00e9mirati Cheikh Mohammed ben Zayed Al-Nahyane, Les deux dirigeants ont sign\u00e9 la d\u00e9claration \u201cvers un partenariat novateur, renouvel\u00e9 et enracin\u00e9\u201d, qui vise \u00e0 renforcer la coop\u00e9ration \u00e9conomique, commerciale et d\u2019investissement entre les deux pays. Les m\u00e9dias \u00e9miratis ont salu\u00e9 l\u2019alliance fraternelle entre les deux nations, fond\u00e9e sur l\u2019entente, le respect mutuel et la coop\u00e9ration.<\/p>\n\n\n\n<p><strong>&nbsp;<\/strong><strong>Q<\/strong><strong>uel sont alors les enjeux \u00e9conomiques majeurs de la visite royale ?<\/strong><\/p>\n\n\n\n<p>Les enjeux \u00e9conomiques majeurs de la visite royale aux EAU sont li\u00e9s aux secteurs suivants :<\/p>\n\n\n\n<p><strong><u>L\u2019\u00e9nergie<\/u><\/strong> : les deux pays ont sign\u00e9 un m\u00e9morandum d\u2019entente pour le financement du projet du gazoduc Afrique-Atlantique, qui vise \u00e0 acheminer le gaz naturel du Nigeria vers le Maroc et l\u2019Europe1. Ils ont \u00e9galement convenu de renforcer leur coop\u00e9ration dans les \u00e9nergies renouvelables, notamment l\u2019\u00e9olien et le solaire2.<\/p>\n\n\n\n<p><strong><u>Le tourisme et l\u2019immobilier<\/u><\/strong> : les deux pays ont convenu de d\u00e9velopper des projets communs dans ces domaines, en particulier dans les r\u00e9gions de Dakhla et de Tarfaya, qui offrent un potentiel touristique important1. Ils ont \u00e9galement exprim\u00e9 leur volont\u00e9 de faciliter la mobilit\u00e9 des personnes et des biens entre les deux pays2.<\/p>\n\n\n\n<p><strong><u>L\u2019agriculture et la s\u00e9curit\u00e9 alimentaire <\/u><\/strong>: les deux pays ont sign\u00e9 un m\u00e9morandum d\u2019entente pour la cr\u00e9ation d\u2019un fonds d\u2019investissement agricole, qui vise \u00e0 soutenir le d\u00e9veloppement du secteur agricole au Maroc et \u00e0 renforcer la s\u00e9curit\u00e9 alimentaire dans la r\u00e9gion1. Ils ont \u00e9galement convenu de coop\u00e9rer dans le domaine de la p\u00eache maritime et de l\u2019aquaculture2.<\/p>\n\n\n\n<p><strong><u>L\u2019industrie et l\u2019innovation<\/u><\/strong> : les deux pays ont sign\u00e9 un m\u00e9morandum d\u2019entente pour la cr\u00e9ation d\u2019un fonds d\u2019investissement industriel, qui vise \u00e0 soutenir le d\u00e9veloppement du secteur industriel au Maroc et \u00e0 promouvoir l\u2019innovation et la comp\u00e9titivit\u00e91. Ils ont \u00e9galement convenu de renforcer leur coop\u00e9ration dans les domaines de l\u2019a\u00e9ronautique, de l\u2019automobile, de la pharmacie et des technologies de l\u2019information et de la communication.<\/p>\n\n\n\n<p>Enfin, la visite a permis aux deux pays de renforcer leur coordination sur les questions r\u00e9gionales et internationales. Ils ont notamment r\u00e9affirm\u00e9 leur soutien \u00e0 la r\u00e9solution pacifique des conflits et \u00e0 la promotion de la paix et de la stabilit\u00e9 dans la r\u00e9gion du Moyen-Orient et de l\u2019Afrique du Nord. Ils ont \u00e9galement exprim\u00e9 leur volont\u00e9 de travailler ensemble pour renforcer la coop\u00e9ration entre les pays arabes et africains. <\/p>\n\n\n\n<p>En conclusion, la visite du Roi Mohammed VI aux \u00c9mirats arabes unis a marqu\u00e9 une nouvelle \u00e9tape dans le renforcement du partenariat strat\u00e9gique entre les deux pays. Elle a permis de consolider les liens politiques, \u00e9conomiques, culturels et s\u00e9curitaires entre le Maroc et les \u00c9mirats arabes unis, et de renforcer leur coop\u00e9ration face aux d\u00e9fis communs. Cette visite a \u00e9galement t\u00e9moign\u00e9 de la solidarit\u00e9 et de l\u2019amiti\u00e9 profonde qui unissent les deux pays, et a ouvert de nouvelles.<\/p>\n","protected":false},"excerpt":{"rendered":"<p>Cet article met en lumi\u00e8re l&rsquo;importance de la visite royale aux \u00c9mirats arabes unis et ses implications sur les relations bilat\u00e9rales entre les deux pays. La visite officielle de SM le roi Mohammed VI aux \u00c9mirats arabes unis qui a eu lieu du 5 au 7 d\u00e9cembre 2023 a \u00e9t\u00e9 marqu\u00e9e par un accueil somptueux [&hellip;]<\/p>\n","protected":false},"author":1,"featured_media":1675,"comment_status":"open","ping_status":"open","sticky":false,"template":"","format":"standard","meta":{"footnotes":""},"categories":[24,10,11],"tags":[],"class_list":["post-1674","post","type-post","status-publish","format-standard","has-post-thumbnail","hentry","category-francais","category-international","category-national"],"_links":{"self":[{"href":"https:\/\/pressmedias.ma\/index.php?rest_route=\/wp\/v2\/posts\/1674","targetHints":{"allow":["GET"]}}],"collection":[{"href":"https:\/\/pressmedias.ma\/index.php?rest_route=\/wp\/v2\/posts"}],"about":[{"href":"https:\/\/pressmedias.ma\/index.php?rest_route=\/wp\/v2\/types\/post"}],"author":[{"embeddable":true,"href":"https:\/\/pressmedias.ma\/index.php?rest_route=\/wp\/v2\/users\/1"}],"replies":[{"embeddable":true,"href":"https:\/\/pressmedias.ma\/index.php?rest_route=%2Fwp%2Fv2%2Fcomments&post=1674"}],"version-history":[{"count":2,"href":"https:\/\/pressmedias.ma\/index.php?rest_route=\/wp\/v2\/posts\/1674\/revisions"}],"predecessor-version":[{"id":2783,"href":"https:\/\/pressmedias.ma\/index.php?rest_route=\/wp\/v2\/posts\/1674\/revisions\/2783"}],"wp:featuredmedia":[{"embeddable":true,"href":"https:\/\/pressmedias.ma\/index.php?rest_route=\/wp\/v2\/media\/1675"}],"wp:attachment":[{"href":"https:\/\/pressmedias.ma\/index.php?rest_route=%2Fwp%2Fv2%2Fmedia&parent=1674"}],"wp:term":[{"taxonomy":"category","embeddable":true,"href":"https:\/\/pressmedias.ma\/index.php?rest_route=%2Fwp%2Fv2%2Fcategories&post=1674"},{"taxonomy":"post_tag","embeddable":true,"href":"https:\/\/pressmedias.ma\/index.php?rest_route=%2Fwp%2Fv2%2Ftags&post=1674"}],"curies":[{"name":"wp","href":"https:\/\/api.w.org\/{rel}","templated":true}]}}