{"id":1737,"date":"2024-01-07T10:39:00","date_gmt":"2024-01-07T10:39:00","guid":{"rendered":"https:\/\/pressmedias.ma\/?p=1737"},"modified":"2025-04-17T16:29:06","modified_gmt":"2025-04-17T15:29:06","slug":"festivites-du-nouvel-an-2024-la-prefecture-de-police-de-beni-mellal-deploie-un-important-dispositif-de-securite","status":"publish","type":"post","link":"https:\/\/pressmedias.ma\/?p=1737","title":{"rendered":"Festivit\u00e9s du nouvel an 2024\u00a0: la pr\u00e9fecture de police de Beni Mellal d\u00e9ploie un important dispositif de s\u00e9curit\u00e9."},"content":{"rendered":"\n<p class=\"has-text-align-left\">Conform\u00e9ment aux directives de M le Directeur g\u00e9n\u00e9ral de la Suret\u00e9 nationale, la pr\u00e9fecture de police, r\u00e9gion de Beni Mellal kh\u00e9nifra , a&nbsp; pris toutes les mesures n\u00e9cessaires afin que les festivit\u00e9s du nouvel an 2024 se d\u00e9roulent dans de bonnes conditions &nbsp;<\/p>\n\n\n\n<p class=\"has-text-align-left\">Dans une d\u00e9claration \u00e0 ALM, le pr\u00e9fet de police, r\u00e9gion de Beni Mellal Kh\u00e9nifra, M Taib Ouali, a d\u00e9clar\u00e9 \u00ab&nbsp;A l\u2019occasion du nouvel an 2024, je pr\u00e9sente, d\u2019abord, mes v\u0153ux d\u00e9f\u00e9rents de bonheur et de prosp\u00e9rit\u00e9 \u00e0 tous les \u00e9l\u00e9ments de la suret\u00e9 nationale au niveau r\u00e9gional national&nbsp; et \u00e0 tous les habitants de Beni Mellal kh\u00e9nifra . Je porte \u00e0 votre connaissance que nous &nbsp;avons re\u00e7u les f\u00e9licitations et les v\u0153ux&nbsp; de M le Directeur g\u00e9n\u00e9ral de la suret\u00e9 nationale. Pour ce qui est de la c\u00e9l\u00e9bration des festivit\u00e9s du nouvel an, et conform\u00e9ment aux instructions de M le Directeur g\u00e9n\u00e9ral de la suret\u00e9 nationale, on prend toutes les mesures qui s\u2019imposent pour que les festivit\u00e9s se d\u00e9roulent dans des conditions favorables. Cette nuit, comme d\u2019habitude, toutes les \u00e9quipes de police sont \u00e0 pied d\u2019\u0153uvre&nbsp; pour prot\u00e9ger les citoyens et leurs&nbsp; biens , \u00e0 savoir , le corps urbain, la brigade de la circulation, la police judiciaire, les services des Renseignements g\u00e9n\u00e9raux, la Brigade mobile motocycliste, la Brigade r\u00e9gionale d\u2019intervention, le Groupe d\u2019intervention rapide, les Forces auxiliaires, la Brigade \u00e9questre et d\u2019autres corps\u2026 &nbsp;Il faut noter que gr\u00e2ce aux efforts consid\u00e9rables d\u00e9ploy\u00e9s par la pr\u00e9fecture de police, \u00e0 Beni Mellal Kh\u00e9nifra, le &nbsp;&nbsp;taux de criminalit\u00e9 a diminu\u00e9 au niveau r\u00e9gional de 10% surtout en ce qui concerne le crime violent&nbsp; dont le taux a diminu\u00e9 de&nbsp; plus de 22% bien que ce genre de crime ne constitue que 30%&nbsp; du nombre global des d\u00e9lits au niveau de la R\u00e9gion Beni Mellal Kh\u00e9nifra\u2026&nbsp;\u00bb<\/p>\n\n\n\n<p class=\"has-text-align-left\">&nbsp; Afin que la c\u00e9l\u00e9bration de la f\u00eate du nouvel an 2024 se passe dans de bonnes conditions, la pr\u00e9fecture de police de Beni Mellal a pris toutes les mesures n\u00e9cessaires. Ainsi, M El Khatib&nbsp; L\u00e9hbil&nbsp; Wali de la R\u00e9gion de Beni Mellal kh\u00e9nifra et Gouverneur de la province de Beni Mellal et ses proches collaborateurs &nbsp;&nbsp;ont &nbsp; effectu\u00e9 une visite \u00e0 la Pr\u00e9fecture de police de B\u00e9ni-Mellal, Dimanche 31 D\u00e9cembre 2023, o\u00f9 &nbsp;ils ont \u00e9t\u00e9 accueillis par M Taib Ouali, Pr\u00e9fet de police de la R\u00e9gion de Beni Mellal Kh\u00e9nifra et les cadres de la suret\u00e9 nationale. Lors de cette visite, M le Wali de la r\u00e9gion a pass\u00e9 en revue les diff\u00e9rentes forces s\u00e9curitaires &nbsp;participantes aux mesures s\u00e9curitaires arr\u00eat\u00e9es par les services de la suret\u00e9 nationale \u00e0 B\u00e9ni-Mellal, des&nbsp; explications lui ont \u00e9t\u00e9s pr\u00e9sent\u00e9es.<\/p>\n\n\n\n<p class=\"has-text-align-left\">Tous les cadres de la S\u00fbret\u00e9 Nationale ont \u00e9t\u00e9 sur le qui-vive. Illico presto, toutes les \u00e9quipes de police se sont d\u00e9ploy\u00e9es partout et &nbsp;sur les voies publiques et &nbsp;toutes les patrouilles se sont install\u00e9es &nbsp;dans les points urbains les plus sensibles. Les mesures s\u00e9curitaires pr\u00e9cit\u00e9es ont &nbsp;\u00e9t\u00e9 prises dans le cadre d\u2019une op\u00e9ration s\u00e9curitaire proactive ayant pour objectif de contrecarrer tous les \u00e9l\u00e9ments constitutifs de la criminalit\u00e9 comme le trafic des drogues, les boissons alcoolis\u00e9es (l\u2019eau de vie)\u2026 Les \u00e9quipes de police, les forces de l\u2019ordre, des patrouilles p\u00e9destres et motoris\u00e9es munies de moyens logistiques, des policiers en civile\u2026 se trouvent partout, au niveau des barrages, aux entr\u00e9es de la ville de Beni Mellal, aux points les plus sensibles\u2026 en vue de faciliter toute intervention en cas de besoin. En somme, des mesures s\u00e9curitaires sont prises, conform\u00e9ment aux instructions de M le Directeur g\u00e9n\u00e9ral de la suret\u00e9 nationale &nbsp;pour anticiper toute action pouvant porter atteinte \u00e0 la s\u00e9curit\u00e9 des citoyens ou \u00e0 celle de leurs biens<\/p>\n\n\n\n<p class=\"has-text-align-left\">Par cons\u00e9quent,&nbsp;et &nbsp;gr\u00e2ce \u00e0 un dispositif s\u00e9curitaire qui a \u00e9t\u00e9 d\u00e9ploy\u00e9 partout , en ville, aucune action malveillante n\u2019a \u00e9t\u00e9 signal\u00e9e dans la mesure o\u00f9 le sentiment de s\u00e9curit\u00e9 a \u00e9t\u00e9 renforc\u00e9 par la mise en \u0153uvre d\u2019un plan s\u00e9curitaire unique en son genre.<\/p>\n\n\n\n<p><strong>Aujourd\u2019hui le Maroc<\/strong><\/p>\n","protected":false},"excerpt":{"rendered":"<p>Conform\u00e9ment aux directives de M le Directeur g\u00e9n\u00e9ral de la Suret\u00e9 nationale, la pr\u00e9fecture de police, r\u00e9gion de Beni Mellal kh\u00e9nifra , a&nbsp; pris toutes les mesures n\u00e9cessaires afin que les festivit\u00e9s du nouvel an 2024 se d\u00e9roulent dans de bonnes conditions &nbsp; Dans une d\u00e9claration \u00e0 ALM, le pr\u00e9fet de police, r\u00e9gion de Beni [&hellip;]<\/p>\n","protected":false},"author":4,"featured_media":1738,"comment_status":"open","ping_status":"open","sticky":false,"template":"","format":"standard","meta":{"footnotes":""},"categories":[24,11],"tags":[],"class_list":["post-1737","post","type-post","status-publish","format-standard","has-post-thumbnail","hentry","category-francais","category-national"],"_links":{"self":[{"href":"https:\/\/pressmedias.ma\/index.php?rest_route=\/wp\/v2\/posts\/1737","targetHints":{"allow":["GET"]}}],"collection":[{"href":"https:\/\/pressmedias.ma\/index.php?rest_route=\/wp\/v2\/posts"}],"about":[{"href":"https:\/\/pressmedias.ma\/index.php?rest_route=\/wp\/v2\/types\/post"}],"author":[{"embeddable":true,"href":"https:\/\/pressmedias.ma\/index.php?rest_route=\/wp\/v2\/users\/4"}],"replies":[{"embeddable":true,"href":"https:\/\/pressmedias.ma\/index.php?rest_route=%2Fwp%2Fv2%2Fcomments&post=1737"}],"version-history":[{"count":1,"href":"https:\/\/pressmedias.ma\/index.php?rest_route=\/wp\/v2\/posts\/1737\/revisions"}],"predecessor-version":[{"id":1739,"href":"https:\/\/pressmedias.ma\/index.php?rest_route=\/wp\/v2\/posts\/1737\/revisions\/1739"}],"wp:featuredmedia":[{"embeddable":true,"href":"https:\/\/pressmedias.ma\/index.php?rest_route=\/wp\/v2\/media\/1738"}],"wp:attachment":[{"href":"https:\/\/pressmedias.ma\/index.php?rest_route=%2Fwp%2Fv2%2Fmedia&parent=1737"}],"wp:term":[{"taxonomy":"category","embeddable":true,"href":"https:\/\/pressmedias.ma\/index.php?rest_route=%2Fwp%2Fv2%2Fcategories&post=1737"},{"taxonomy":"post_tag","embeddable":true,"href":"https:\/\/pressmedias.ma\/index.php?rest_route=%2Fwp%2Fv2%2Ftags&post=1737"}],"curies":[{"name":"wp","href":"https:\/\/api.w.org\/{rel}","templated":true}]}}