{"id":1745,"date":"2024-01-11T20:41:08","date_gmt":"2024-01-11T20:41:08","guid":{"rendered":"https:\/\/pressmedias.ma\/?p=1745"},"modified":"2025-04-17T16:29:04","modified_gmt":"2025-04-17T15:29:04","slug":"ouverture-dun-centre-regional-daffaires-pour-la-societe-nationale-de-garantie-et-de-financement-des-entreprises","status":"publish","type":"post","link":"https:\/\/pressmedias.ma\/?p=1745","title":{"rendered":"Ouverture d\u2019un centre r\u00e9gional d\u2019affaires\u00a0 pour la Soci\u00e9t\u00e9 nationale de garantie et de financement\u00a0 des Entreprises."},"content":{"rendered":"\n<p class=\"has-text-align-left\">En pr\u00e9sent du wali de la r\u00e9gion de Beni Mellal Kh\u00e9nifra et Gouverneur de la province de Beni Mellal&nbsp; , du Directeur g\u00e9n\u00e9ral de la soci\u00e9t\u00e9 nationale&nbsp; de garantie et du financement&nbsp; des Entreprises , du Directeur&nbsp; du Centre r\u00e9gional d\u2019investissement&nbsp; , du pr\u00e9sident de la section r\u00e9gionale&nbsp; de l\u2019Union g\u00e9n\u00e9rale des Entreprises&nbsp; marocains, des repr\u00e9sentants des banques&nbsp; au niveau r\u00e9gional&nbsp;; de la chambre de commerce et d\u2019industrie et des Services et d\u2019un grand nombre d\u2019investisseurs et d\u2019acteurs \u00e9conomiques, la c\u00e9r\u00e9monie&nbsp; d\u2019ouverture du Centre d\u2019affaires de la soci\u00e9t\u00e9 nationale&nbsp; de garantie et de financement&nbsp; des Entreprises&nbsp; a \u00e9t\u00e9 organis\u00e9e , Mardi 26 D\u00e9cembre 2023, \u00e0 Beni Mellal.<\/p>\n\n\n\n<p class=\"has-text-align-left\">Lors de son discours , \u00e0 cette occasion ,le Wali de la R\u00e9gion de Beni Mellal Kh\u00e9nifra&nbsp; a soulign\u00e9 que ce centre&nbsp; permettrait de simplifier et de faciliter&nbsp; l\u2019acc\u00e8s des entreprises&nbsp; r\u00e9gionales \u00e0 tous les m\u00e9canismes d\u2019accompagnement&nbsp; mis en place par la Soci\u00e9t\u00e9 nationale&nbsp; de garantie&nbsp; et de financement des Entreprises&nbsp; qui contribueront \u00e0 renforcer le dynamisme \u00e9conomique&nbsp; enregistr\u00e9 ces derni\u00e8res ann\u00e9es , au niveau de la plupart des indicateurs&nbsp; macro-\u00e9conomiques dans la r\u00e9gion de Beni Mellal Kh\u00e9nifra&nbsp; tout en passant en revue&nbsp; les effort(s d\u00e9ploy\u00e9s au niveau r\u00e9gional pour offrir un environnement appropri\u00e9&nbsp; en vue d\u2019attirer les investisseurs , notamment \u00e0 travers l\u2019am\u00e9lioration du climat des affaires , le renforcement et la diversification&nbsp; des syst\u00e8mes de soutien&nbsp; au profit des investisseurs&nbsp; et des moyennes , petites et tr\u00e8s petites entreprises.<\/p>\n\n\n\n<p class=\"has-text-align-left\">Pour sa part, le Directeur g\u00e9n\u00e9ral de la Soci\u00e9t\u00e9 nationale de garantie et de financement des Entreprises&nbsp; \u00ab&nbsp;Tamwilcom&nbsp;\u00bb a soulign\u00e9 que cette institution&nbsp; a pris conscience d\u2019une nouvelle dynamique&nbsp; en accomplissant ses missions d\u2019int\u00e9r\u00eat public qui r\u00e9sident dans le partage des risque avec le reste du secteur financier pour faciliter l\u2019acc\u00e8s des moyennes , petites et tr\u00e8s petites entreprises au financement&nbsp; ajoutant que parmi les objectifs strat\u00e9giques&nbsp; de cette institution figure la correction des \u00e9quilibres&nbsp; du march\u00e9&nbsp; en proposant un ensemble de solutions , notamment les m\u00e9canismes de garantie&nbsp; dans le cadre de la compl\u00e9mentarit\u00e9&nbsp; avec tous les partenaires financiers&nbsp; afin de couvrir les besoins du march\u00e9 de financement.<\/p>\n\n\n\n<p class=\"has-text-align-left\">Il a \u00e9galement indiqu\u00e9 que la r\u00e9gion de Beni Mellal Kh\u00e9nifra&nbsp; se distingue par ses diverses potentialit\u00e9s \u00e9conomiques&nbsp; soulignant que la mise en place&nbsp; d\u2019une repr\u00e9sentation r\u00e9gionale de \u00ab&nbsp;Tamwilcom&nbsp;\u00bb&nbsp; participera \u00e0 la promotion&nbsp; du dynamisme de d\u00e9veloppement&nbsp; que connait cette r\u00e9gion &nbsp;tout en contribuant \u00e0 cr\u00e9er un environnement propice&nbsp; \u00e0 l\u2019attraction des investissements et \u00e0 la cr\u00e9ation des entreprises.<\/p>\n\n\n\n<p class=\"has-text-align-left\" dir=\"ltr\">Notons que cette rencontre a connu plusieurs interventions&nbsp; centr\u00e9es sur les efforts d\u00e9ploy\u00e9s&nbsp; dans la r\u00e9gion de Beni Mellal Kh\u00e9nifra&nbsp; pour attirer les investissements&nbsp; et cr\u00e9er l\u2019entrepreneuriat&nbsp; ainsi que sur les contraintes qui entravent la cr\u00e9ation de l\u2019entrepreneuriat et les moyens de les surmonter.<\/p>\n","protected":false},"excerpt":{"rendered":"<p>En pr\u00e9sent du wali de la r\u00e9gion de Beni Mellal Kh\u00e9nifra et Gouverneur de la province de Beni Mellal&nbsp; , du Directeur g\u00e9n\u00e9ral de la soci\u00e9t\u00e9 nationale&nbsp; de garantie et du financement&nbsp; des Entreprises , du Directeur&nbsp; du Centre r\u00e9gional d\u2019investissement&nbsp; , du pr\u00e9sident de la section r\u00e9gionale&nbsp; de l\u2019Union g\u00e9n\u00e9rale des Entreprises&nbsp; marocains, des [&hellip;]<\/p>\n","protected":false},"author":4,"featured_media":1746,"comment_status":"open","ping_status":"open","sticky":false,"template":"","format":"standard","meta":{"footnotes":""},"categories":[24,12],"tags":[],"class_list":["post-1745","post","type-post","status-publish","format-standard","has-post-thumbnail","hentry","category-francais","category-economies"],"_links":{"self":[{"href":"https:\/\/pressmedias.ma\/index.php?rest_route=\/wp\/v2\/posts\/1745","targetHints":{"allow":["GET"]}}],"collection":[{"href":"https:\/\/pressmedias.ma\/index.php?rest_route=\/wp\/v2\/posts"}],"about":[{"href":"https:\/\/pressmedias.ma\/index.php?rest_route=\/wp\/v2\/types\/post"}],"author":[{"embeddable":true,"href":"https:\/\/pressmedias.ma\/index.php?rest_route=\/wp\/v2\/users\/4"}],"replies":[{"embeddable":true,"href":"https:\/\/pressmedias.ma\/index.php?rest_route=%2Fwp%2Fv2%2Fcomments&post=1745"}],"version-history":[{"count":1,"href":"https:\/\/pressmedias.ma\/index.php?rest_route=\/wp\/v2\/posts\/1745\/revisions"}],"predecessor-version":[{"id":1747,"href":"https:\/\/pressmedias.ma\/index.php?rest_route=\/wp\/v2\/posts\/1745\/revisions\/1747"}],"wp:featuredmedia":[{"embeddable":true,"href":"https:\/\/pressmedias.ma\/index.php?rest_route=\/wp\/v2\/media\/1746"}],"wp:attachment":[{"href":"https:\/\/pressmedias.ma\/index.php?rest_route=%2Fwp%2Fv2%2Fmedia&parent=1745"}],"wp:term":[{"taxonomy":"category","embeddable":true,"href":"https:\/\/pressmedias.ma\/index.php?rest_route=%2Fwp%2Fv2%2Fcategories&post=1745"},{"taxonomy":"post_tag","embeddable":true,"href":"https:\/\/pressmedias.ma\/index.php?rest_route=%2Fwp%2Fv2%2Ftags&post=1745"}],"curies":[{"name":"wp","href":"https:\/\/api.w.org\/{rel}","templated":true}]}}