{"id":1772,"date":"2024-01-27T11:10:27","date_gmt":"2024-01-27T11:10:27","guid":{"rendered":"https:\/\/pressmedias.ma\/?p=1772"},"modified":"2025-04-17T16:29:05","modified_gmt":"2025-04-17T15:29:05","slug":"lancement-dassurif-2-un-moyen-daccompagner-les-jeunes-porteurs-de-projets","status":"publish","type":"post","link":"https:\/\/pressmedias.ma\/?p=1772","title":{"rendered":"Lancement d\u2019Assurif 2, un moyen d\u2019accompagner les jeunes porteurs de projets."},"content":{"rendered":"\n<p class=\"has-text-align-left\"><strong>En partenariat avec l\u2019ONG espagnole&nbsp;\u00abManos Unidas\u00bb&nbsp; l\u2019Association&nbsp; Al Intilaka AIDECA, d\u2019Afourer, province d\u2019Azilal, a donn\u00e9 le coup d\u2019envoi du projet ASSURIF 2 d\u00e9but d\u00e9cembre 2023. Ce projet qui est la continuit\u00e9 d\u2019ASSURIF 1, un <em>pas<\/em> en tamazight, &nbsp;s\u2019assigne pour objectif d\u2019accompagner&nbsp; les jeunes et les femmes en situation vuln\u00e9rable&nbsp; afin qu\u2019ils r\u00e9ussissent \u00e0 cr\u00e9er leur petite entreprise ou des coop\u00e9ratives.<\/strong><\/p>\n\n\n\n<p class=\"has-text-align-left\">\u00ab&nbsp;Jeudi 28 D\u00e9cembre 2023, l\u2019Association pr\u00e9cit\u00e9e a organis\u00e9, au centre du renforcement des capacit\u00e9s des jeunes, \u00e0 Afourer, une journ\u00e9e d\u2019information pour le lancement de ASSURIF 2 en pr\u00e9sence de la Repr\u00e9sentante de l\u2019ONG Espagnole Manos Unidas , du repr\u00e9sentant de la division de l\u2019action social de la province d\u2019Azilal , du D\u00e9l\u00e9gu\u00e9 de l\u2019office du d\u00e9veloppement de la coop\u00e9ration (ODCO ), du Repr\u00e9sentant de la Direction r\u00e9gionale d\u2019Agriculture de la R\u00e9gion de Beni Mellal Kh\u00e9nifra, du repr\u00e9sentant de ANAPEC en plus d\u2019un grand nombre d\u2019Associations de la soci\u00e9t\u00e9 civile et des coop\u00e9ratives ainsi que les repr\u00e9sentants de la presse r\u00e9gionale et nationale&nbsp;\u00bb a d\u00e9clar\u00e9 Chaima Salami, pr\u00e9sidente de&nbsp;l\u2019AIDECA. Et d\u2019ajouter \u00ab&nbsp; On mettra l\u2019accent &nbsp;sur les objectifs que s\u2019assigne ASSURIF 2 et sur la strat\u00e9gie de l\u2019Association qui repose sur&nbsp; le lancement d\u2019un grand nombre d\u2019initiatives \u00e0 m\u00eame de soutenir, de point de vue financier et technique et sur le plan de formation et d\u2019accompagnement, &nbsp;les jeunes &nbsp;porteurs de projets, mais&nbsp; en situation pr\u00e9caire, pour qu\u2019ils cr\u00e9ent leurs entreprises &nbsp;ou &nbsp;des coop\u00e9ratives au niveau de la r\u00e9gion de B\u00e9ni Mellal-Kh\u00e9nifra.&nbsp;\u00bb<\/p>\n\n\n\n<p class=\"has-text-align-left\">Pour sa part le coordinateur des projets Mohamed ALOUANE a soulign\u00e9 que Le projet d\u2019 ASSURIF 2 ambitionne&nbsp; de s\u00e9lectionner entre 8 et 15 projets de jeunes en situation pr\u00e9caire,&nbsp; en coordination avec les op\u00e9rateurs concern\u00e9s dans le dessein de les soutenir financi\u00e8rement et techniquement, les accompagner et participer au renforcement des capacit\u00e9s de ces jeunes porteurs de projets afin qu\u2019ils aillent de l\u2019avant tout en organisant des visites \u00e0 d\u2019autres projets et aux coop\u00e9ratives pour tirer profit des autres exp\u00e9riences en mati\u00e8re de cr\u00e9ation des projets. &nbsp;Et d\u2019ajouter &nbsp;que \u00ab&nbsp;70% de ces projets seront r\u00e9serv\u00e9s aux femmes. Notre objectif, en outre, est d\u2019aider les jeunes \u00e0 cr\u00e9er de nouveaux&nbsp; projets &nbsp;\u00e0 m\u00eame de donner naissance \u00e0 des opportunit\u00e9s d\u2019emplois et \u00e0 &nbsp;promouvoir le d\u00e9veloppement socio\u00e9conomique&nbsp; et les investissements au niveau de la R\u00e9gion de Beni Mellal Kh\u00e9nifra. A rappeler que les projets d\u2019ASSURIF 1 \u00e9taient limit\u00e9s \u00e0 la province d\u2019Azilal. Mais l\u2019AIDECA table d\u2019\u00e9largir la zone de ces projets au niveau d\u2019ASSURIF 2 aux provinces de Beni Mellal et de Fkih Ben Salah.&nbsp;\u00bb<\/p>\n\n\n\n<p class=\"has-text-align-left\">\u00ab&nbsp;L\u2019Association Al Intilaka d\u2019Afourer est &nbsp;cr\u00e9\u00e9e le 22\/12\/1996. Elle s\u2019assigne pour objectifs de participer au d\u00e9veloppement socio\u00e9conomique locale de la r\u00e9gion de Beni Mellal Kh\u00e9nifra via la r\u00e9alisation d\u2019une dynamique sociale \u00e0 m\u00eame d\u2019affermir les droits individuels et collectifs et le renforcement des comp\u00e9tences des partenaires locaux&nbsp; tout en mettant en exergue&nbsp; quatre points essentiels ,\u00e0 savoir, l\u2019inclusion socio-\u00e9conomique des jeunes et des femmes,, la gouvernance locale, l\u2019\u00e9ducation et la migration \u00bb a not\u00e9 Alouane.<\/p>\n\n\n\n<p class=\"has-text-align-left\">\u00ab&nbsp;Pendant la pand\u00e9mie de COVID-19, Abderzzak a jou\u00e9 un r\u00f4le vital dans sa ville en fournissant des services de livraison essentiels. AIDECA a reconnu son d\u00e9vouement et, par le biais du projet ASSURIF, lui a fourni un soutien technique et un v\u00e9lo \u00e9lectrique pour lancer une petite entreprise de livraison. Ce soutien a permis \u00e0 Abderzzak d&rsquo;\u00e9tendre ses services, d&rsquo;augmenter ses revenus et d&rsquo;am\u00e9liorer la situation de sa famille.&nbsp;\u00bb a soulign\u00e9 Alouane. Et de poursuivre \u00ab&nbsp;Dans la charmante ville d&rsquo;Ouaouzerth, Meriam a trac\u00e9 son chemin vers le succ\u00e8s en suivant sa passion pour la mode et la d\u00e9coration. Apr\u00e8s avoir obtenu son dipl\u00f4me d&rsquo;un centre professionnel local, elle et ses coll\u00e8gues ont d\u00e9cid\u00e9 de lancer une petite activit\u00e9 commerciale, confectionnant des v\u00eatements et des d\u00e9corations locales depuis chez eux pour les vendre sur les march\u00e9s locaux. Le tournant d\u00e9cisif est survenu lorsqu&rsquo;ils ont soumi avec succ\u00e8s une demande de soutien financier \u00e0 AIDECA, concr\u00e9tisant ainsi leur r\u00eave de cr\u00e9er une coop\u00e9rative Ibra Tamariss. Gr\u00e2ce au financement re\u00e7u, la coop\u00e9rative prosp\u00e8re aujourd&rsquo;hui, offrant des opportunit\u00e9s d&#8217;emploi aux artisans locaux et contribuant \u00e0 l&rsquo;\u00e9conomie locale&nbsp;\u00bb<\/p>\n\n\n\n<p class=\"has-text-align-left\">&nbsp;\u00ab&nbsp;Rappelons que les r\u00e9alisations d\u2019ASSURIF 1 ont port\u00e9, entre autres, sur le soutien de 15 projets dont des coop\u00e9ratives, des auto entrepreneurs ainsi que le financement de 7 projets regroupant 25 b\u00e9n\u00e9ficiaires&nbsp; (9 gar\u00e7ons et 16 filles organis\u00e9s dans 4 coop\u00e9ratives&nbsp; et 3 auto entrepreneurs relevant des cercles de Ouaouizerth et Afourer.&nbsp;\u00bb a-t-il conclu&nbsp;&nbsp;<\/p>\n\n\n\n<p><strong>ALM<\/strong><\/p>\n","protected":false},"excerpt":{"rendered":"<p>En partenariat avec l\u2019ONG espagnole&nbsp;\u00abManos Unidas\u00bb&nbsp; l\u2019Association&nbsp; Al Intilaka AIDECA, d\u2019Afourer, province d\u2019Azilal, a donn\u00e9 le coup d\u2019envoi du projet ASSURIF 2 d\u00e9but d\u00e9cembre 2023. Ce projet qui est la continuit\u00e9 d\u2019ASSURIF 1, un pas en tamazight, &nbsp;s\u2019assigne pour objectif d\u2019accompagner&nbsp; les jeunes et les femmes en situation vuln\u00e9rable&nbsp; afin qu\u2019ils r\u00e9ussissent \u00e0 cr\u00e9er leur [&hellip;]<\/p>\n","protected":false},"author":4,"featured_media":1773,"comment_status":"open","ping_status":"open","sticky":false,"template":"","format":"standard","meta":{"footnotes":""},"categories":[24,12],"tags":[],"class_list":["post-1772","post","type-post","status-publish","format-standard","has-post-thumbnail","hentry","category-francais","category-economies"],"_links":{"self":[{"href":"https:\/\/pressmedias.ma\/index.php?rest_route=\/wp\/v2\/posts\/1772","targetHints":{"allow":["GET"]}}],"collection":[{"href":"https:\/\/pressmedias.ma\/index.php?rest_route=\/wp\/v2\/posts"}],"about":[{"href":"https:\/\/pressmedias.ma\/index.php?rest_route=\/wp\/v2\/types\/post"}],"author":[{"embeddable":true,"href":"https:\/\/pressmedias.ma\/index.php?rest_route=\/wp\/v2\/users\/4"}],"replies":[{"embeddable":true,"href":"https:\/\/pressmedias.ma\/index.php?rest_route=%2Fwp%2Fv2%2Fcomments&post=1772"}],"version-history":[{"count":1,"href":"https:\/\/pressmedias.ma\/index.php?rest_route=\/wp\/v2\/posts\/1772\/revisions"}],"predecessor-version":[{"id":1774,"href":"https:\/\/pressmedias.ma\/index.php?rest_route=\/wp\/v2\/posts\/1772\/revisions\/1774"}],"wp:featuredmedia":[{"embeddable":true,"href":"https:\/\/pressmedias.ma\/index.php?rest_route=\/wp\/v2\/media\/1773"}],"wp:attachment":[{"href":"https:\/\/pressmedias.ma\/index.php?rest_route=%2Fwp%2Fv2%2Fmedia&parent=1772"}],"wp:term":[{"taxonomy":"category","embeddable":true,"href":"https:\/\/pressmedias.ma\/index.php?rest_route=%2Fwp%2Fv2%2Fcategories&post=1772"},{"taxonomy":"post_tag","embeddable":true,"href":"https:\/\/pressmedias.ma\/index.php?rest_route=%2Fwp%2Fv2%2Ftags&post=1772"}],"curies":[{"name":"wp","href":"https:\/\/api.w.org\/{rel}","templated":true}]}}