{"id":1775,"date":"2024-01-27T11:10:04","date_gmt":"2024-01-27T11:10:04","guid":{"rendered":"https:\/\/pressmedias.ma\/?p=1775"},"modified":"2025-04-17T16:28:25","modified_gmt":"2025-04-17T15:28:25","slug":"visite-et-lancement-de-projets-de-developpement","status":"publish","type":"post","link":"https:\/\/pressmedias.ma\/?p=1775","title":{"rendered":"visite et lancement de projets de d\u00e9veloppement"},"content":{"rendered":"\n<p class=\"has-text-align-left\"><strong>l<\/strong><\/p>\n\n\n\n<p class=\"has-text-align-left\"><a>Le Ministre de l&rsquo;Agriculture, de la P\u00eache Maritime, du D\u00e9veloppement Rural et des Eaux et For\u00eats,<\/a> M. Mohammed Sadiki, a effectu\u00e9 le vendredi 22 d\u00e9cembre 2023, une visite de terrain au niveau de la Province d\u2019Azilal dans la R\u00e9gion B\u00e9ni Mellal-Kh\u00e9nifra. Il \u00e9tait accompagn\u00e9 du Gouverneur de la Province d\u2019Azilal, du Pr\u00e9sident de la Chambre d&rsquo;Agriculture de la R\u00e9gion, des professionnels, des \u00e9lus, ainsi qu\u2019une importante d\u00e9l\u00e9gation de responsables du minist\u00e8re.<\/p>\n\n\n\n<p class=\"has-text-align-left\">&nbsp;Dans une d\u00e9claration \u00e0 ALM, M le Ministre a d\u00e9clar\u00e9 \u00ab&nbsp;Nous effectuons&nbsp; cette visite, aujourd\u2019hui, dans la province d\u2019Azilal pour lancer plusieurs projets et suivre ceux qui sont en cours de r\u00e9alisation et ce dans le cadre&nbsp; de la mise en \u0153uvre de la strat\u00e9gie G\u00e9n\u00e9ration Green qui a \u00e9t\u00e9 lanc\u00e9e par Sa Majest\u00e9 le Roi , que Dieu l\u2019assiste&nbsp; en 2020. Cette strat\u00e9gie est d\u00e9clin\u00e9e au niveau de la province&nbsp; \u00e0 travers le plan agricole provincial qui regroupe toutes les composantes avec une vision int\u00e9gr\u00e9e de d\u00e9veloppement agricole&nbsp; et rural. Aujourd\u2019hui, nous avons lanc\u00e9 un programme de plantation de caroubiers. C\u2019est une esp\u00e8ce&nbsp; productive qui est tr\u00e8s importante pour la r\u00e9gion adapt\u00e9e et qui r\u00e9siste aux changements climatiques,&nbsp; c\u2019est un projet&nbsp; int\u00e9gr\u00e9 o\u00f9 \u00e0 c\u00f4t\u00e9 de la plantation, nous avons l\u2019unit\u00e9 de valorisation&nbsp; qui va permettre de capter&nbsp; la valeur ajout\u00e9e&nbsp; de la transformation du produit&nbsp; pour qu\u2019elle reste localement&nbsp;\u00bb. Et de poursuivre&nbsp;\u00ab&nbsp; Nous avons \u00e9galement la composante du d\u00e9senclavement&nbsp; pour faciliter l\u2019acc\u00e8s aux parcelles&nbsp; et aux exploitations agricoles et \u00e0 la commercialisation du produit. Il y a un autre volet tr\u00e8s&nbsp; int\u00e9ressant portant sur l\u2019irrigation, la valorisation de l\u2019eau \u00e0 travers le r\u00e9am\u00e9nagement des s\u00e9guias et des canaux existant&nbsp; pour r\u00e9duire la perte d\u2019eau&nbsp; et \u00e9tendre la superficie irrigu\u00e9e. C\u2019est le mod\u00e8le de projet d\u2019agriculture solidaire o\u00f9 l\u2019investissement public&nbsp; constitue plus de 90% avec la contribution d\u2019autres partenaires , une strat\u00e9gie qui permet&nbsp; , en m\u00eame temps ,&nbsp; de stabiliser la population , de valoriser les territoires et de fournir les bases pour la souverainet\u00e9 alimentaire&nbsp; de notre pays car ce sont ces agriculteurs qui continuent de produire pour l\u2019assurer&nbsp;\u00bb<\/p>\n\n\n\n<p class=\"has-text-align-left\">La visite a port\u00e9 sur l\u2019\u00e9tat d\u2019avancement du plan agricole r\u00e9gional de la strat\u00e9gie G\u00e9n\u00e9ration Green et le lancement de projets de d\u00e9veloppement agricole et rural. Le Ministre a pris connaissance de l\u2019\u00e9tat d\u2019avancement du Plan Agricole Provincial de la strat\u00e9gie G\u00e9n\u00e9ration Green. Le Plan Agricole Provincial d\u2019Azilal se compose de plusieurs programmes et projets qui tiennent compte des contraintes et capacit\u00e9s naturelles et humaines de la Province pour un montant d\u2019investissement estim\u00e9 \u00e0 1,3 milliards de dirhams.<\/p>\n\n\n\n<p class=\"has-text-align-left\">Au niveau de la commune territoriale Moulay Aissa Ben Driss, le Ministre a visit\u00e9 le complexe de valorisation des produits agricoles situ\u00e9 \u00e0 A\u00eft Attab et pr\u00e9sid\u00e9 la c\u00e9r\u00e9monie d\u2019inauguration d\u2019une unit\u00e9 de valorisation de caroubier au profit d\u2019une union de 14 coop\u00e9ratives. D\u2019un montant d\u2019investissement de 13 millions de dirhams, cette unit\u00e9 dispose d\u2019une capacit\u00e9 de 2 000 tonnes par an. Elle permettra de valoriser la production de caroubier en produisant des graines de caroubier, de la p\u00e2te de caroube et de la poudre de caroube grill\u00e9e.<\/p>\n\n\n\n<p class=\"has-text-align-left\">Au niveau de la commune territoriale Foum Jemaa, le Ministre a visit\u00e9 un projet d\u2019agr\u00e9gation agricole autour d\u2019une miellerie. D\u2019un montant d\u2019investissement de 8 millions de dirhams, cette miellerie dispose d\u2019une capacit\u00e9 de production pouvant atteindre 150 tonnes par an. Ce projet vise \u00e0 regrouper 62 apiculteurs et 7 500 ruches afin de produire environ 135 tonnes de miel par an.<\/p>\n\n\n\n<p class=\"has-text-align-left\">Dans la commune territoriale Sidi Yaakoub, le Ministre a pr\u00e9sid\u00e9 le lancement des travaux de plantation de caroubier sur une superficie 200 ha dans le cadre d\u2019un projet de l&rsquo;agriculture solidaire.<\/p>\n\n\n\n<p class=\"has-text-align-left\">Le projet d\u2019agriculture solidaire comprend la plantation de 500 ha de caroubier, le greffage de 20 000 arbres de caroubier et le d\u00e9veloppement de la fili\u00e8re du safran sur une superficie de 70 ha. Il comprend \u00e9galement l\u2019am\u00e9nagement de 20 Km de s\u00e9guias, l\u2019am\u00e9nagement de 7 km de pistes agricoles, ainsi que l\u2019acquisition des \u00e9quipements techniques et l\u2019accompagnement des b\u00e9n\u00e9ficiaires pour un montant d\u2019investissement d&rsquo;environ 37 millions de dirhams.<\/p>\n\n\n\n<p><strong>ALM<\/strong><\/p>\n","protected":false},"excerpt":{"rendered":"<p>l Le Ministre de l&rsquo;Agriculture, de la P\u00eache Maritime, du D\u00e9veloppement Rural et des Eaux et For\u00eats, M. Mohammed Sadiki, a effectu\u00e9 le vendredi 22 d\u00e9cembre 2023, une visite de terrain au niveau de la Province d\u2019Azilal dans la R\u00e9gion B\u00e9ni Mellal-Kh\u00e9nifra. Il \u00e9tait accompagn\u00e9 du Gouverneur de la Province d\u2019Azilal, du Pr\u00e9sident de la [&hellip;]<\/p>\n","protected":false},"author":4,"featured_media":1776,"comment_status":"open","ping_status":"open","sticky":false,"template":"","format":"standard","meta":{"footnotes":""},"categories":[24,12],"tags":[],"class_list":["post-1775","post","type-post","status-publish","format-standard","has-post-thumbnail","hentry","category-francais","category-economies"],"_links":{"self":[{"href":"https:\/\/pressmedias.ma\/index.php?rest_route=\/wp\/v2\/posts\/1775","targetHints":{"allow":["GET"]}}],"collection":[{"href":"https:\/\/pressmedias.ma\/index.php?rest_route=\/wp\/v2\/posts"}],"about":[{"href":"https:\/\/pressmedias.ma\/index.php?rest_route=\/wp\/v2\/types\/post"}],"author":[{"embeddable":true,"href":"https:\/\/pressmedias.ma\/index.php?rest_route=\/wp\/v2\/users\/4"}],"replies":[{"embeddable":true,"href":"https:\/\/pressmedias.ma\/index.php?rest_route=%2Fwp%2Fv2%2Fcomments&post=1775"}],"version-history":[{"count":1,"href":"https:\/\/pressmedias.ma\/index.php?rest_route=\/wp\/v2\/posts\/1775\/revisions"}],"predecessor-version":[{"id":1777,"href":"https:\/\/pressmedias.ma\/index.php?rest_route=\/wp\/v2\/posts\/1775\/revisions\/1777"}],"wp:featuredmedia":[{"embeddable":true,"href":"https:\/\/pressmedias.ma\/index.php?rest_route=\/wp\/v2\/media\/1776"}],"wp:attachment":[{"href":"https:\/\/pressmedias.ma\/index.php?rest_route=%2Fwp%2Fv2%2Fmedia&parent=1775"}],"wp:term":[{"taxonomy":"category","embeddable":true,"href":"https:\/\/pressmedias.ma\/index.php?rest_route=%2Fwp%2Fv2%2Fcategories&post=1775"},{"taxonomy":"post_tag","embeddable":true,"href":"https:\/\/pressmedias.ma\/index.php?rest_route=%2Fwp%2Fv2%2Ftags&post=1775"}],"curies":[{"name":"wp","href":"https:\/\/api.w.org\/{rel}","templated":true}]}}