{"id":1778,"date":"2024-01-27T11:09:51","date_gmt":"2024-01-27T11:09:51","guid":{"rendered":"https:\/\/pressmedias.ma\/?p=1778"},"modified":"2025-04-17T16:29:04","modified_gmt":"2025-04-17T15:29:04","slug":"mesures-proactives-pour-lhebergement-des-sans-abri-a-azilal","status":"publish","type":"post","link":"https:\/\/pressmedias.ma\/?p=1778","title":{"rendered":"Mesures proactives pour l\u2019h\u00e9bergement des sans abri \u00e0 Azilal"},"content":{"rendered":"\n<p class=\"has-text-align-left\"><strong>Le froid, affirme De Madeleine Gagnon-Mahony, c\u2019est pire que la douleur, c\u2019est \u00eatre malade sans blessure \u00e0 soigner&nbsp;\u00bb. Ces derniers jours, une vague de froid a pris&nbsp; possession de la r\u00e9gion de Beni Mellal kh\u00e9nifra, \u00e0 l\u2019instar des autres r\u00e9gions du Maroc surtout dans les contr\u00e9es montagneuses. Au moment o\u00f9 les gens regagnent leurs demeures pour se prot\u00e9ger du froid, l\u2019on remarque que les SDF passent les nuits dans les rues, les boulevards, pr\u00e8s des gares routi\u00e8res\u2026o\u00f9 ils grelottent de froid pendant les nuits glaciales. On les voit allong\u00e9s par terre sous quelques couvertures us\u00e9es et macul\u00e9es de diff\u00e9rentes salet\u00e9s.<\/strong><\/p>\n\n\n\n<p class=\"has-text-align-left\">A la ville d\u2019Azilal, connue pour son froid glacial , et en collaboration avec les autorit\u00e9s locales, le repr\u00e9sentant de l\u2019Entraide nationale \u00e0 Azilal\u2026 Hicham Ahrar ,pr\u00e9sident de l\u2019Association Nour pour la protection des personnes sans abri , a proc\u00e9d\u00e9, la nuit du Dimanche 21 Janvier 2024, \u00e0 la distribution de matelas et de repas \u00e0 13 personnes en situation de vuln\u00e9rabilit\u00e9 dont des malades mentaux &nbsp;au moment o\u00f9 d\u2019autres SDF ont \u00e9t\u00e9 transf\u00e9r\u00e9s au Centre El Amal&nbsp; pour les personnes en situation de pr\u00e9carit\u00e9 \u00e0 Azilal et au Centre Chems destin\u00e9 aux personnes \u00e2g\u00e9es \u00e0 Tanante.<\/p>\n\n\n\n<p class=\"has-text-align-left\">Dans une d\u00e9claration \u00e0 ALM, Hicham Ahrar a soulign\u00e9 la dimension humaine de cette op\u00e9ration au niveau d\u2019Azilal et de la r\u00e9gion de Beni Mellal Kh\u00e9nifra&nbsp; qui consiste \u00e0 prendre des mesures proactives et salvatrices afin de sauver des vies humaines du froid glacial qui les menacent de mort \u00e0 tout moment. Et d\u2019ajouter \u00ab&nbsp; Les objectifs des centres d\u2019accueil pr\u00e9cit\u00e9s ne se limitent pas \u00e0 l\u2019h\u00e9bergement des personnes \u00e2g\u00e9es en situation de pr\u00e9carit\u00e9&nbsp; ou sans abri mais ils portent aussi sur leur int\u00e9gration sociale et le soutien socio\u00e9conomique des femmes en situation de pr\u00e9carit\u00e9&nbsp; afin que ces personnes renforcent leur sentiment d\u2019appartenance&nbsp; sociale et qu\u2019ils aient confiance en elles \u2013m\u00eames. A cette occasion, nous remercions vivement la commune territoriale de la ville de Demnat&nbsp; et M le Gouverneur de la province d\u2019Azilal pour &nbsp;leurs efforts louables qui ont port\u00e9 sur la construction de centres d\u2019accueil o\u00f9 les personnes sans abri sont h\u00e9berg\u00e9es dans de bonnes conditions. Rappelons qu\u2019un nouveau centre d\u2019accueil verra le jour dans les prochains jours \u00e0 Demnat.&nbsp;\u00bb<\/p>\n\n\n\n<p class=\"has-text-align-left\">\u00ab&nbsp;La ville d\u2019Azilal et ses contr\u00e9es &nbsp;sont connues pour leur froid et leurs bises glaciales surtout pendant l\u2019hiver o\u00f9 la neige enclave les r\u00e9gions montagneuses dans un enfer blanc qui menace les \u00eatres vivants de mort. Heureusement, un grand nombre de mesures anticipatives &nbsp;est pris par M le gouverneur de la province d\u2019Azilal, les autorit\u00e9s locales et toutes les parties prenantes (la protection civile, les forces auxiliaires, l\u2019Entraide nationale, les Associations de la soci\u00e9t\u00e9 civile\u2026) pour h\u00e9berger les sans \u2013abri et participer au d\u00e9senclavement des r\u00e9gions les plus isol\u00e9es \u00e0 cause de la neige et du froid&nbsp;\u00bb a conclu M Hicham.<\/p>\n\n\n\n<p class=\"has-text-align-left\">Derni\u00e8rement, une vaste op\u00e9ration initi\u00e9e par la coordination r\u00e9gionale de l\u2019Entraide nationale \u00e0 Beni Mellal, et qui s\u2019assigne pour objectif d\u2019att\u00e9nuer les cons\u00e9quences de la vague de froid sur les SDF, a port\u00e9 sur l\u2019h\u00e9bergement de 83 personnes sans abri. Notons que cette initiative est r\u00e9alis\u00e9e avec l\u2019appui du Fonds de l\u2019initiative nationale pour le d\u00e9veloppement humain et les associations en charge de la gestion de ces institutions appuy\u00e9es par le P\u00f4le social.<\/p>\n\n\n\n<p class=\"has-text-align-left\">Notons que Le Minist\u00e8re de la Sant\u00e9 et de la protection sociale a annonc\u00e9 le lancement de l\u2019op\u00e9ration \u00ab&nbsp;Riaya 2023\/2024&nbsp;\u00bb qui s\u2019assigne pour objectif le renforcement de la disponibilit\u00e9&nbsp; des services de sant\u00e9 dans 31 provinces relevant de 8 r\u00e9gions, du 15 Novembre 2023 au 30 Mars 2024. Et dans le but de r\u00e9aliser cette op\u00e9ration, 2028 professionnels de sant\u00e9 seront mobilis\u00e9s ainsi que des \u00e9quipements m\u00e9dico- techniques de diagnostic et un important nombre d\u2019unit\u00e9s sanitaires mobiles.<\/p>\n\n\n\n<p class=\"has-text-align-left\"><strong>ALM<\/strong><\/p>\n","protected":false},"excerpt":{"rendered":"<p>Le froid, affirme De Madeleine Gagnon-Mahony, c\u2019est pire que la douleur, c\u2019est \u00eatre malade sans blessure \u00e0 soigner&nbsp;\u00bb. Ces derniers jours, une vague de froid a pris&nbsp; possession de la r\u00e9gion de Beni Mellal kh\u00e9nifra, \u00e0 l\u2019instar des autres r\u00e9gions du Maroc surtout dans les contr\u00e9es montagneuses. Au moment o\u00f9 les gens regagnent leurs demeures [&hellip;]<\/p>\n","protected":false},"author":4,"featured_media":1779,"comment_status":"open","ping_status":"open","sticky":false,"template":"","format":"standard","meta":{"footnotes":""},"categories":[24,1],"tags":[],"class_list":["post-1778","post","type-post","status-publish","format-standard","has-post-thumbnail","hentry","category-francais","category-1"],"_links":{"self":[{"href":"https:\/\/pressmedias.ma\/index.php?rest_route=\/wp\/v2\/posts\/1778","targetHints":{"allow":["GET"]}}],"collection":[{"href":"https:\/\/pressmedias.ma\/index.php?rest_route=\/wp\/v2\/posts"}],"about":[{"href":"https:\/\/pressmedias.ma\/index.php?rest_route=\/wp\/v2\/types\/post"}],"author":[{"embeddable":true,"href":"https:\/\/pressmedias.ma\/index.php?rest_route=\/wp\/v2\/users\/4"}],"replies":[{"embeddable":true,"href":"https:\/\/pressmedias.ma\/index.php?rest_route=%2Fwp%2Fv2%2Fcomments&post=1778"}],"version-history":[{"count":1,"href":"https:\/\/pressmedias.ma\/index.php?rest_route=\/wp\/v2\/posts\/1778\/revisions"}],"predecessor-version":[{"id":1780,"href":"https:\/\/pressmedias.ma\/index.php?rest_route=\/wp\/v2\/posts\/1778\/revisions\/1780"}],"wp:featuredmedia":[{"embeddable":true,"href":"https:\/\/pressmedias.ma\/index.php?rest_route=\/wp\/v2\/media\/1779"}],"wp:attachment":[{"href":"https:\/\/pressmedias.ma\/index.php?rest_route=%2Fwp%2Fv2%2Fmedia&parent=1778"}],"wp:term":[{"taxonomy":"category","embeddable":true,"href":"https:\/\/pressmedias.ma\/index.php?rest_route=%2Fwp%2Fv2%2Fcategories&post=1778"},{"taxonomy":"post_tag","embeddable":true,"href":"https:\/\/pressmedias.ma\/index.php?rest_route=%2Fwp%2Fv2%2Ftags&post=1778"}],"curies":[{"name":"wp","href":"https:\/\/api.w.org\/{rel}","templated":true}]}}