{"id":1785,"date":"2024-01-30T21:24:11","date_gmt":"2024-01-30T21:24:11","guid":{"rendered":"https:\/\/pressmedias.ma\/?p=1785"},"modified":"2025-04-17T16:29:04","modified_gmt":"2025-04-17T15:29:04","slug":"mise-en-oeuvre-du-programme-du-soutien-pedagogique-dans-les-etablissements-denseignement-de-la-region-de-beni-mellal-khenifra","status":"publish","type":"post","link":"https:\/\/pressmedias.ma\/?p=1785","title":{"rendered":"Mise en \u0153uvre du programme \u00a0du soutien p\u00e9dagogique dans les \u00e9tablissements d&rsquo;enseignement de la r\u00e9gion de B\u00e9ni Mellal-Kh\u00e9nifra"},"content":{"rendered":"\n<p class=\"has-text-align-left\"><strong>Mustapha Eslifani, directeur de l&rsquo;Acad\u00e9mie r\u00e9gionale d&rsquo;\u00e9ducation et de formation de la r\u00e9gion de Beni Mellal-Khenifra,&nbsp; a effectu\u00e9 une visite, vendredi 26 janvier 2024, au coll\u00e8ge Ibnou Al Moukafaa, \u00e0 Beni Mellal, pour&nbsp; le suivi et l\u2019accompagnement&nbsp; de&nbsp; la mise en \u0153uvre du programme de soutien p\u00e9dagogique organis\u00e9 dans les \u00e9tablissements scolaires de la r\u00e9gion, &nbsp;pendant &nbsp;les vacances de &nbsp;mi- semestre de l&rsquo;ann\u00e9e scolaire en cours (du 21 janvier 2024 au 28 janvier 2024).<\/strong><\/p>\n\n\n\n<p class=\"has-text-align-left\">&nbsp;La mise en \u0153uvre &nbsp;du programme de soutien p\u00e9dagogique dans tous les \u00e9tablissements d&rsquo;enseignement de la r\u00e9gion au profit des \u00e9l\u00e8ves , intervient en application des exigences de la loi-cadre 51.17 relative au syst\u00e8me d&rsquo;\u00e9ducation, de formation et de recherche scientifique, et des obligations de la feuille de route 2022-2026, qui visent \u00e0 r\u00e9duire &nbsp;la d\u00e9perdition scolaire et permettre aux apprenants, filles et gar\u00e7ons, d&rsquo;acqu\u00e9rir des connaissances et des comp\u00e9tences de base, et d&rsquo;ouverture sur l&rsquo;environnement, et de suivre plus audacieusement les directives officielles concernant l&rsquo;adaptation de la feuille de route 2023-2026 et la &nbsp;mise en \u0153uvre du Programme national &nbsp;du soutien p\u00e9dagogique.<\/p>\n\n\n\n<p class=\"has-text-align-left\">Et afin de mettre en \u0153uvre ce programme int\u00e9gr\u00e9 de mani\u00e8re optimale, des comit\u00e9s &nbsp;provinciaux et r\u00e9gionaux ont \u00e9t\u00e9 form\u00e9s pour &nbsp;accompagner , suivre et &nbsp;mobiliser toutes les ressources mat\u00e9rielles et humaines n\u00e9cessaires et pr\u00e9parer des plans &nbsp;r\u00e9gionaux , provinciaux , et locaux bas\u00e9s sur une identification pr\u00e9cise des besoins des \u00e9l\u00e8ves en mati\u00e8re d&rsquo;\u00e9ducation et de &nbsp;cours de soutien p\u00e9dagogique, dans lesquels la priorit\u00e9 est donn\u00e9e aux mati\u00e8res de base et aux niveaux de certification.<\/p>\n\n\n\n<p class=\"has-text-align-left\">Il convient de noter que le soutien p\u00e9dagogique organis\u00e9 pendant cette p\u00e9riode s&rsquo;inscrit dans un programme g\u00e9n\u00e9ral et int\u00e9gr\u00e9, s&rsquo;\u00e9tendant tout au long de l&rsquo;ann\u00e9e scolaire, et adoptant diverses formules et m\u00e9canismes qui tiennent compte de l&rsquo;automaticit\u00e9 et de l&rsquo;int\u00e9gration de ses composantes de base dans leur application. Ce qui comprend un accompagnement p\u00e9dagogique financ\u00e9 dans le cadre d&rsquo;heures suppl\u00e9mentaires, et un accompagnement p\u00e9dagogique par accr\u00e9ditation&nbsp; selon le niveau appropri\u00e9 (TaRL), &nbsp;qui concerne les \u00e9coles pionni\u00e8res au cycle primaire, &nbsp;et un soutien &nbsp;p\u00e9dagogique financ\u00e9 par des partenaires ainsi qu\u2019un soutien num\u00e9rique &nbsp;\u00ab&nbsp;\u00e0 distance \u00bb \u00e0 travers la plateforme nationale \u00ab TelmidTiCE \u00bb ,l&rsquo;application mobile et les plateformes interactives associ\u00e9es qui ont \u00e9t\u00e9 d\u00e9velopp\u00e9es, et un accompagnement p\u00e9dagogique dans le cadre des programmes locaux du soutien p\u00e9dagogique.<\/p>\n\n\n\n<p class=\"has-text-align-left\"><strong>SAID FRIX alm<\/strong><\/p>\n","protected":false},"excerpt":{"rendered":"<p>Mustapha Eslifani, directeur de l&rsquo;Acad\u00e9mie r\u00e9gionale d&rsquo;\u00e9ducation et de formation de la r\u00e9gion de Beni Mellal-Khenifra,&nbsp; a effectu\u00e9 une visite, vendredi 26 janvier 2024, au coll\u00e8ge Ibnou Al Moukafaa, \u00e0 Beni Mellal, pour&nbsp; le suivi et l\u2019accompagnement&nbsp; de&nbsp; la mise en \u0153uvre du programme de soutien p\u00e9dagogique organis\u00e9 dans les \u00e9tablissements scolaires de la r\u00e9gion, [&hellip;]<\/p>\n","protected":false},"author":4,"featured_media":1786,"comment_status":"open","ping_status":"open","sticky":false,"template":"","format":"standard","meta":{"footnotes":""},"categories":[24,15],"tags":[],"class_list":["post-1785","post","type-post","status-publish","format-standard","has-post-thumbnail","hentry","category-francais","category-15"],"_links":{"self":[{"href":"https:\/\/pressmedias.ma\/index.php?rest_route=\/wp\/v2\/posts\/1785","targetHints":{"allow":["GET"]}}],"collection":[{"href":"https:\/\/pressmedias.ma\/index.php?rest_route=\/wp\/v2\/posts"}],"about":[{"href":"https:\/\/pressmedias.ma\/index.php?rest_route=\/wp\/v2\/types\/post"}],"author":[{"embeddable":true,"href":"https:\/\/pressmedias.ma\/index.php?rest_route=\/wp\/v2\/users\/4"}],"replies":[{"embeddable":true,"href":"https:\/\/pressmedias.ma\/index.php?rest_route=%2Fwp%2Fv2%2Fcomments&post=1785"}],"version-history":[{"count":2,"href":"https:\/\/pressmedias.ma\/index.php?rest_route=\/wp\/v2\/posts\/1785\/revisions"}],"predecessor-version":[{"id":2806,"href":"https:\/\/pressmedias.ma\/index.php?rest_route=\/wp\/v2\/posts\/1785\/revisions\/2806"}],"wp:featuredmedia":[{"embeddable":true,"href":"https:\/\/pressmedias.ma\/index.php?rest_route=\/wp\/v2\/media\/1786"}],"wp:attachment":[{"href":"https:\/\/pressmedias.ma\/index.php?rest_route=%2Fwp%2Fv2%2Fmedia&parent=1785"}],"wp:term":[{"taxonomy":"category","embeddable":true,"href":"https:\/\/pressmedias.ma\/index.php?rest_route=%2Fwp%2Fv2%2Fcategories&post=1785"},{"taxonomy":"post_tag","embeddable":true,"href":"https:\/\/pressmedias.ma\/index.php?rest_route=%2Fwp%2Fv2%2Ftags&post=1785"}],"curies":[{"name":"wp","href":"https:\/\/api.w.org\/{rel}","templated":true}]}}