{"id":1798,"date":"2024-02-09T17:25:50","date_gmt":"2024-02-09T17:25:50","guid":{"rendered":"https:\/\/pressmedias.ma\/?p=1798"},"modified":"2025-04-17T16:29:07","modified_gmt":"2025-04-17T15:29:07","slug":"entretien-avec-mustapha-bouichichan-directeur-de-lagence-urbaine-de-beni-mellal","status":"publish","type":"post","link":"https:\/\/pressmedias.ma\/?p=1798","title":{"rendered":"Entretien avec Mustapha Bouichichan, Directeur de l\u2019Agence Urbaine de B\u00e9ni Mellal"},"content":{"rendered":"\n<p class=\"has-text-align-left\">Dans cet entretien, Mustapha Bouichichan met l\u2019accent sur les efforts consid\u00e9rables &nbsp;&nbsp;qui se d\u00e9ploient &nbsp;par l\u2019Agence urbaine de Beni Mellal et les autorit\u00e9s locales au niveau de la reconstruction et du renforcement des logements qui ont \u00e9t\u00e9 d\u00e9cim\u00e9s par le s\u00e9isme, \u00e0 Ait Tamlil et Ait Oum\u00e9dis , \u00e0 la province d\u2019Azilal.<\/p>\n\n\n\n<p class=\"has-text-align-left\">&nbsp;<strong>Mustapha Bouichichan&nbsp;: \u00ab&nbsp;Il est essentiel de souligner que l&rsquo;op\u00e9ration de reconstruction et de renforcement avance avec c\u00e9l\u00e9rit\u00e9, efficacit\u00e9, et une responsabilit\u00e9 partag\u00e9e&nbsp;\u00bb<\/strong><strong><\/strong><\/p>\n\n\n\n<p class=\"has-text-align-left\"> Quelles \u00e9taient vos r\u00e9actions et les premi\u00e8res mesures que vous avez prises&nbsp; pour faire face aux retomb\u00e9es n\u00e9fastes du s\u00e9isme qui a frapp\u00e9 des douars, \u00e0&nbsp; la province d\u2019Azilal&nbsp;?<\/p>\n\n\n\n<p class=\"has-text-align-left\">&nbsp;&nbsp;<strong>Mustapha Bouichichan&nbsp;:<\/strong> \u00c0 la suite du s\u00e9isme qui a touch\u00e9 de nombreuses villes et r\u00e9gions du Royaume en septembre dernier, notamment les communes d&rsquo;A\u00eft Tamlil et A\u00eft Oumedis dans la province d&rsquo;Azilal, notre r\u00e9action a \u00e9t\u00e9 guid\u00e9e par les Directives et la vision \u00e9clair\u00e9e de SM le Roi Mohamed VI que Dieu l\u2019Assiste.<\/p>\n\n\n\n<p class=\"has-text-align-left\">&nbsp; Dans le m\u00eame sens, et&nbsp; en application des orientations de Madame la Ministre de l&rsquo;Am\u00e9nagement du Territoire National, de l&rsquo;Urbanisme, de l\u2019Habitat et de la Politique de la ville, qui pr\u00e9conisent une intensification des efforts et une forte mobilisation en vue de prendre les dispositions n\u00e9cessaires et appropri\u00e9es de mani\u00e8re urgente pour assurer les interventions visant \u00e0 traiter les r\u00e9percussions de la catastrophe, des mesures d&rsquo;urgence ont \u00e9t\u00e9 prises au niveau local dans le cadre du programme d&rsquo;urgence de relogement et de reconstruction.<\/p>\n\n\n\n<p class=\"has-text-align-left\">&nbsp; Les premiers jours ont connu ainsi la visite de Madame la Ministre, accompagn\u00e9e de MM. le Wali de la R\u00e9gion de B\u00e9ni Mellal-Kh\u00e9nifra, le Gouverneur de la Province d&rsquo;Azilal et le Pr\u00e9sident de la R\u00e9gion de B\u00e9ni Mellal-Kh\u00e9nifra aux zones touch\u00e9es. De plus, l\u2019op\u00e9ration de recensement des habitations endommag\u00e9es a \u00e9t\u00e9 entam\u00e9e.<\/p>\n\n\n\n<p class=\"has-text-align-left\"><strong>Quels \u00e9taient, \u00e0 ce temps-l\u00e0, les objectifs de la visite de Madame la Ministre de l\u2019am\u00e9nagement du territoire national, de l\u2019urbanisme, de l\u2019habitat et de la politique de la ville aux zones touch\u00e9es \u00e0 la province d\u2019Azilal&nbsp;?<\/strong><\/p>\n\n\n\n<p class=\"has-text-align-left\">&nbsp;&nbsp;&nbsp; Pendant &nbsp;cette visite, sur le terrain des communes d&rsquo;A\u00eft Tamlil et A\u00eft Oumedis, les plus touch\u00e9es par le s\u00e9isme d&rsquo;El Haouz, &nbsp;Madame la Ministre a tenu \u00e0 \u00e9changer et \u00e0 communiquer avec les habitants des douars concern\u00e9s, tout en \u00e9valuant la mise en \u0153uvre du programme d&rsquo;urgence pour le relogement des sinistr\u00e9s, et ce, conform\u00e9ment aux Directives Royales visant \u00e0 assurer la s\u00e9curit\u00e9 psychologique et la stabilit\u00e9 des sinistr\u00e9s, ainsi que garantir leur retour \u00e0 leur vie socio-\u00e9conomique habituelle.<\/p>\n\n\n\n<p class=\"has-text-align-left\"><strong>Vous avez \u00e9voqu\u00e9 l\u2019op\u00e9ration de recensement, quelle approche a \u00e9t\u00e9 suivie compte tenu de l\u2019importance des donn\u00e9es r\u00e9colt\u00e9es et de l\u2019ampleur de cette action&nbsp;?<\/strong><\/p>\n\n\n\n<p class=\"has-text-align-left\">L\u2019op\u00e9ration de recensement a \u00e9t\u00e9 marqu\u00e9e par une approche proactive et participative qui a n\u00e9cessit\u00e9 un travail quotidien rigoureux et une parfaite coordination avec les Autorit\u00e9s Gubernatoriales ainsi que les diff\u00e9rents acteurs cl\u00e9s.&nbsp; \u00c0 la province d&rsquo;Azilal, les op\u00e9rations ont \u00e9t\u00e9 men\u00e9es par 59 comit\u00e9s compos\u00e9s par les Autorit\u00e9s Locales, l&rsquo;Agence Urbaine, l&rsquo;Inspection R\u00e9gionale de l&rsquo;Am\u00e9nagement du Territoire, de l&rsquo;Urbanisme et de l&rsquo;Architecture, la Direction R\u00e9gionale de l&rsquo;Habitat, laboratoire public, architectes, \u00e9lus&#8230; et qui comprennent 49 repr\u00e9sentants du Minist\u00e8re de Tutelle, ainsi qu\u2019un comit\u00e9 provincial pr\u00e9sid\u00e9 par Monsieur le Gouverneur. Ce Comit\u00e9 provincial s\u2019est r\u00e9uni quotidiennement au si\u00e8ge de la Province et avait pour principales missions la v\u00e9rification, le contr\u00f4le et l&rsquo;\u00e9valuation des travaux des comit\u00e9s locaux.<\/p>\n\n\n\n<p class=\"has-text-align-left\">Les r\u00e9sultats sont significatifs avec 10 communes, 412 douars et plus que 16300 logements recens\u00e9s.<\/p>\n\n\n\n<p class=\"has-text-align-left\"><strong>Plusieurs mois sont pass\u00e9s, o\u00f9 en est l\u2019\u00e9tat d\u2019avancement&nbsp;?<\/strong><\/p>\n\n\n\n<p class=\"has-text-align-left\">Apr\u00e8s le s\u00e9isme, les efforts se poursuivent jusqu\u2019\u00e0 ce jour, align\u00e9s sur les orientations de Madame la Ministre et en \u00e9troite coordination avec l&rsquo;autorit\u00e9 gubernatoriale. Actuellement, nous sommes dans la phase cruciale de suivi de l&rsquo;op\u00e9ration de reconstruction et de renforcement, conform\u00e9ment aux mesures et dispositions pr\u00e9alablement mises en place.<\/p>\n\n\n\n<p class=\"has-text-align-left\">Parmi les initiatives remarquables, le Minist\u00e8re de Tutelle a \u00e9labor\u00e9 des cartes d&rsquo;al\u00e9as, couvrant les zones touch\u00e9es, reposant sur un diagnostic approfondi et une analyse fond\u00e9e des risques naturels (s\u00e9ismes, inondations et mouvements de terrains). De plus, les services de l&rsquo;Agence Urbaine de B\u00e9ni Mellal ont concr\u00e9tis\u00e9 une charte architecturale, permettant de pr\u00e9server le patrimoine architectural unique et respecter les traditions et modes de vie dans les zones concern\u00e9es.<\/p>\n\n\n\n<p class=\"has-text-align-left\">L&rsquo;arr\u00eat\u00e9 gubernatorial n\u00b0 424 du 12\/11\/2023 a instaur\u00e9 un comit\u00e9 provincial de suivi des travaux d&rsquo;instruction des demandes d&rsquo;autorisation de reconstruction et de confortement post-s\u00e9isme. En compl\u00e9ment, six guichets d&rsquo;accompagnement ont \u00e9t\u00e9 mis en place pour recevoir et instruire ces demandes. Ces guichets regroupent des repr\u00e9sentants de l&rsquo;Autorit\u00e9 Locale, de l&rsquo;Agence Urbaine, de la Division de l&rsquo;urbanisme et de l&rsquo;environnement \u00e0 la Province d\u2019Azilal, ainsi que des services de l\u2019Urbanisme des Communes Concern\u00e9es. Tout en signalant que les plans et les autorisations sont fournis gratuitement aux sinistr\u00e9s recens\u00e9s et valid\u00e9s par l\u2019Autorit\u00e9 Locale et sont exon\u00e9r\u00e9s des frais des autorisations et des services rendus de l\u2019Agence Urbaine.<\/p>\n\n\n\n<p class=\"has-text-align-left\">Il est essentiel de souligner que l&rsquo;op\u00e9ration de reconstruction et de renforcement avance avec c\u00e9l\u00e9rit\u00e9, efficacit\u00e9, et une responsabilit\u00e9 partag\u00e9e. Dans cette optique, dix-sept professionnels sont mobilis\u00e9s par ALOMRANE de B\u00e9ni Mellal -Khenifra pour assurer un suivi rigoureux de l&rsquo;\u00e9tat d&rsquo;avancement de cette op\u00e9ration cruciale. Notre engagement reste intact pour garantir la reconstruction durable des zones touch\u00e9es par le s\u00e9isme.<\/p>\n","protected":false},"excerpt":{"rendered":"<p>Dans cet entretien, Mustapha Bouichichan met l\u2019accent sur les efforts consid\u00e9rables &nbsp;&nbsp;qui se d\u00e9ploient &nbsp;par l\u2019Agence urbaine de Beni Mellal et les autorit\u00e9s locales au niveau de la reconstruction et du renforcement des logements qui ont \u00e9t\u00e9 d\u00e9cim\u00e9s par le s\u00e9isme, \u00e0 Ait Tamlil et Ait Oum\u00e9dis , \u00e0 la province d\u2019Azilal. &nbsp;Mustapha Bouichichan&nbsp;: \u00ab&nbsp;Il [&hellip;]<\/p>\n","protected":false},"author":4,"featured_media":1799,"comment_status":"open","ping_status":"open","sticky":false,"template":"","format":"standard","meta":{"footnotes":""},"categories":[24,12],"tags":[],"class_list":["post-1798","post","type-post","status-publish","format-standard","has-post-thumbnail","hentry","category-francais","category-economies"],"_links":{"self":[{"href":"https:\/\/pressmedias.ma\/index.php?rest_route=\/wp\/v2\/posts\/1798","targetHints":{"allow":["GET"]}}],"collection":[{"href":"https:\/\/pressmedias.ma\/index.php?rest_route=\/wp\/v2\/posts"}],"about":[{"href":"https:\/\/pressmedias.ma\/index.php?rest_route=\/wp\/v2\/types\/post"}],"author":[{"embeddable":true,"href":"https:\/\/pressmedias.ma\/index.php?rest_route=\/wp\/v2\/users\/4"}],"replies":[{"embeddable":true,"href":"https:\/\/pressmedias.ma\/index.php?rest_route=%2Fwp%2Fv2%2Fcomments&post=1798"}],"version-history":[{"count":2,"href":"https:\/\/pressmedias.ma\/index.php?rest_route=\/wp\/v2\/posts\/1798\/revisions"}],"predecessor-version":[{"id":1812,"href":"https:\/\/pressmedias.ma\/index.php?rest_route=\/wp\/v2\/posts\/1798\/revisions\/1812"}],"wp:featuredmedia":[{"embeddable":true,"href":"https:\/\/pressmedias.ma\/index.php?rest_route=\/wp\/v2\/media\/1799"}],"wp:attachment":[{"href":"https:\/\/pressmedias.ma\/index.php?rest_route=%2Fwp%2Fv2%2Fmedia&parent=1798"}],"wp:term":[{"taxonomy":"category","embeddable":true,"href":"https:\/\/pressmedias.ma\/index.php?rest_route=%2Fwp%2Fv2%2Fcategories&post=1798"},{"taxonomy":"post_tag","embeddable":true,"href":"https:\/\/pressmedias.ma\/index.php?rest_route=%2Fwp%2Fv2%2Ftags&post=1798"}],"curies":[{"name":"wp","href":"https:\/\/api.w.org\/{rel}","templated":true}]}}