{"id":1823,"date":"2024-02-26T17:33:58","date_gmt":"2024-02-26T17:33:58","guid":{"rendered":"https:\/\/pressmedias.ma\/?p=1823"},"modified":"2025-04-17T16:29:47","modified_gmt":"2025-04-17T15:29:47","slug":"ceremonie-de-cloture-de-la-2eme-edition-des-odyssees-regionales-de-lentrepreneuriat-beni-mellal-khenifra","status":"publish","type":"post","link":"https:\/\/pressmedias.ma\/?p=1823","title":{"rendered":"C\u00e9r\u00e9monie de cl\u00f4ture de la 2\u00e8me \u00e9dition des Odyss\u00e9es R\u00e9gionales de l\u2019Entrepreneuriat, B\u00e9ni Mellal \u2013 Kh\u00e9nifra."},"content":{"rendered":"\n<p class=\"has-text-align-left\"><strong>Sous le th\u00e8me \u00ab&nbsp;la nouvelle charte d\u2019investissement&nbsp;: Quels m\u00e9tiers d\u2019avenir et de&nbsp;mont\u00e9e en gamme pour la R\u00e9gion B\u00e9ni Mellal \u2013 Kh\u00e9nifra&nbsp;?<\/strong>&nbsp;<strong>\u00bb, l\u2019Universit\u00e9 Sultan Moulay Slimane (USMS), l\u2019Office de la Formation Professionnelle et de la Promotion du Travail (OFPPT) et le Projet de D\u00e9veloppement Socio-\u00c9conomique Inclusif \u00e0 B\u00e9ni Mellal-Kh\u00e9nifra (ISED-BMK) financ\u00e9 par l\u2019Agence Am\u00e9ricaine pour le D\u00e9veloppement International (USAID ont organis\u00e9, Mercredi 7 F\u00e9vrier 2024, au si\u00e8ge de la wilaya , \u00e0 Beni Mellal, la c\u00e9r\u00e9monie de cl\u00f4ture de la deuxi\u00e8me \u00e9dition de la comp\u00e9tition qui s\u2019est d\u00e9roul\u00e9e du 30\/05\/2023 au 15\/12\/2023.<\/strong><\/p>\n\n\n\n<p class=\"has-text-align-left\">Pr\u00e9sid\u00e9e par le Wali de la R\u00e9gion B\u00e9ni Mellal \u2013 Kh\u00e9nifra et Gouverneur de la province de Beni Mellal, Khatib El H\u00e9bil cette c\u00e9r\u00e9monie a \u00e9t\u00e9 l\u2019occasion de revenir sur les moments forts de la comp\u00e9tition et de formuler les recommandations pour stimuler davantage la culture d\u2019entreprise au niveau de la R\u00e9gion.<\/p>\n\n\n\n<p class=\"has-text-align-left\">Tout au long de la comp\u00e9tition, les challengers (250 \u00e9quipes avec plus de 500 aspirants) ont b\u00e9n\u00e9fici\u00e9 de plus de 55 ateliers de formation, pour d\u00e9velopper leurs comp\u00e9tences entrepreneuriales et les capacit\u00e9s n\u00e9cessaires pour monter et g\u00e9rer leurs projets de cr\u00e9ation d\u2019entreprises. Pour ce faire, les organisateurs ont mobilis\u00e9 plus de 50 formateurs et conseillers appartenant au programme r\u00e9gional d\u2019accompagnement IZDIHAR (CRI, USMS, OFPPT, ANAPEC, Chambres professionnelles, CGEM, INDH, Banques), ainsi que le Projet ISED-BMK et d\u2019autres partenaires impliqu\u00e9s dans la promotion de l\u2019entrepreneuriat, dans l\u2019objectif d\u2019assurer le coaching aux porteurs de projets innovants et les accompagner pour passer de la phase de l\u2019id\u00e9e \u00e0 la phase de montage de projet.<\/p>\n\n\n\n<p class=\"has-text-align-left\">La comp\u00e9tition a connu \u00e9galement l\u2019organisation d\u2019un roadshow et d\u2019une campagne digitale de plus de 40 journ\u00e9es de sensibilisation aupr\u00e8s des diff\u00e9rents \u00e9tablissements en comp\u00e9tition, dans l\u2019objectif d\u2019\u00e9veiller l\u2019esprit entrepreneurial aupr\u00e8s des 60.000 \u00e9tudiants de l\u2019USMS et 26.000 stagiaires l\u2019OFPPT, en plus des \u00e9tudiants et stagiaires de la formation priv\u00e9e, notamment l\u2019\u00e9cole 1337 de codage.<\/p>\n\n\n\n<p class=\"has-text-align-left\">Lors de son mot d\u2019ouverture, Monsieur le Wali de la R\u00e9gion B\u00e9ni Mellal \u2013 Kh\u00e9nifra a rappel\u00e9 la dynamique entrepreneuriale que conna\u00eet la R\u00e9gion qui a enregistr\u00e9 un taux moyen de croissance des entreprises cr\u00e9\u00e9es 4 fois sup\u00e9rieur \u00e0 la moyenne de croissance des entreprises cr\u00e9\u00e9es au niveau national. Monsieur le Wali a \u00e9galement f\u00e9licit\u00e9 les organisateurs de cette comp\u00e9tition et a salu\u00e9 l\u2019esprit de coordination entre les diff\u00e9rents partenaires en charge de l\u2019accompagnement des entrepreneurs dans la R\u00e9gion, et les liens tr\u00e8s forts de collaboration entre l\u2019Universit\u00e9, l\u2019OFPPT et les acteurs de leur environnement socio-professionnel, tout en appelant l\u2019ensemble des acteurs de la R\u00e9gion \u00e0 multiplier les efforts pour promouvoir l\u2019esprit entrepreneurial et assurer l\u2019accompagnement effectif des porteurs de projets durant toutes les phases de montage, de concr\u00e9tisation et de p\u00e9rennisation de leurs projets.<\/p>\n\n\n\n<p class=\"has-text-align-left\">&nbsp;Pour sa part, le Chef du Projet ISED-BMK, financ\u00e9 par l\u2019USAID, a pr\u00e9cis\u00e9 que \u00ab <em>l\u2019accompagnement rigoureux des laur\u00e9ats de la 1\u00e8re \u00e9dition de la comp\u00e9tition a permis de concr\u00e9tiser plusieurs projets pr\u00e9sent\u00e9s par les \u00e9tudiants et les stagiaires lors de cette \u00e9dition. Nous souhaitons consolider cette exp\u00e9rience et \u00e9tendre son p\u00e9rim\u00e8tre pour toucher les \u00e9l\u00e8ves des lyc\u00e9es afin de les sensibiliser d\u00e8s le jeune \u00e2ge sur le choix de l\u2019entrepreneuriat <\/em>\u00bb.<\/p>\n\n\n\n<p class=\"has-text-align-left\">Par la m\u00eame occasion, le Pr\u00e9sident de l\u2019Universit\u00e9 Sultan Moulay Slimane a indiqu\u00e9 que \u00ab&nbsp;<em>Le stimulation de l\u2019esprit entrepreneurial et la formation des \u00e9tudiants-entrepreneurs capables de monter et concr\u00e9tiser leurs projets d\u2019entreprises figure parmi les principaux objectifs de notre strat\u00e9gie de formation. Les ORE participent d\u2019une mani\u00e8re efficace et effective \u00e0 l\u2019atteinte de cet objectif <\/em>\u00bb.<\/p>\n\n\n\n<p class=\"has-text-align-left\">\u00ab <em>L\u2019\u00e9mergence des projets concr\u00e9tis\u00e9s laur\u00e9ats de la 1<sup>\u00e8re<\/sup> \u00e9dition a tellement inspir\u00e9 les \u00e9tudiants et les stagiaires pour d\u00e9couvrir le parcours entrepreneurial et de la placer comme alternative viable pour leurs carri\u00e8res<\/em> \u00bb, a d\u00e9clar\u00e9 le Directeur G\u00e9n\u00e9ral (PI) du CRI B\u00e9ni Mellal\u2013Kh\u00e9nifra. \u00ab&nbsp;<em>A travers le th\u00e8me choisi pour cette 2<sup>\u00e8me<\/sup> \u00e9dition, nous avons essay\u00e9 d\u2019orienter les \u00e9tudiants pour s\u2019int\u00e9resser aux m\u00e9tiers d\u2019avenir du Maroc conform\u00e9ment \u00e0 la nouvelle charte d\u2019investissement <\/em>\u00bb a ajout\u00e9 M le Directeur G\u00e9n\u00e9ral.<\/p>\n\n\n\n<p class=\"has-text-align-left\">Le Directeur R\u00e9gional de l\u2019OFPPT B\u00e9ni Mellal \u2013 Kh\u00e9nifra a d\u00e9clar\u00e9 que \u00ab Le succ\u00e8s remarquable de nos stagiaires porteurs de projets lors de cette aventure entrepreneuriale t\u00e9moigne des r\u00e9sultats tangibles d\u00e9coulant des efforts investis dans la formation de nos ressources humaines pour la mise en place du Programme d&rsquo;Innovation Entrepreneuriale. En adoptant une approche d&rsquo;apprentissage par l&rsquo;exp\u00e9rimentation, nous offrons \u00e0 nos stagiaires une exp\u00e9rience d&rsquo;immersion entrepreneuriale authentique et innovante. \u00bb<\/p>\n\n\n\n<p class=\"has-text-align-left\">Plusieurs conventions de partenariat et de collaboration ont \u00e9t\u00e9 sign\u00e9es en marge de cette c\u00e9r\u00e9monie, notamment la convention entre le CRI B\u00e9ni Mellal, BMK-ISED, l\u2019OFPPT et l\u2019Acad\u00e9mie R\u00e9gionale de l\u2019Education et de la Formation visant le lancement de la comp\u00e9tition ORE-Junior ciblant les \u00e9l\u00e8ves des lyc\u00e9es et les conventions entre le CRI B\u00e9ni Mellal, BMK-ISED, l\u2019USMS et l\u2019OFPPT pour l\u2019ouverture des espaces IZDIHAR USMS et IZDIHAR CMC, afin de coordonner les actions de sensibilisation et d\u2019accompagnement \u00e0 l\u2019entrepreneuriat au niveau de ces institutions de formation.<\/p>\n\n\n\n<p class=\"has-text-align-left\">&nbsp;Notons que la&nbsp; c\u00e9r\u00e9monie de cl\u00f4ture, marqu\u00e9e par la pr\u00e9sence de Monsieur le Pr\u00e9sident du Conseil R\u00e9gional, les directeurs des banques de la place et de toutes les institutions en charge de l\u2019accompagnement des entrepreneurs, a \u00e9t\u00e9 l\u2019occasion de dresser le bilan des deux premi\u00e8res \u00e9ditions et de d\u00e9voiler les objectifs de la 3<sup>\u00e8me<\/sup> \u00e9dition qui sera lanc\u00e9e en 2024.<\/p>\n\n\n\n<p class=\"has-text-align-left\">A rappeler qu\u2019au terme&nbsp; de cette c\u00e9r\u00e9monie, il a \u00e9t\u00e9 proc\u00e9d\u00e9 \u00e0 la remise des prix aux gagnants sponsoris\u00e9s notamment par le Cr\u00e9dit Agricole du Maroc, Attijariwafa Bank, Bank Of Africa, et Station A. Il a \u00e9t\u00e9 \u00e9galement proc\u00e9d\u00e9 \u00e0 la d\u00e9claration des projets s\u00e9lectionn\u00e9s pour b\u00e9n\u00e9ficier du financement assur\u00e9 par le ISED-BMK financ\u00e9 par l\u2019USAID, qui a mobilis\u00e9 un fonds de plus de 3 millions de dirhams pour financier les projets viables laur\u00e9ats des diff\u00e9rentes \u00e9ditions des Odyss\u00e9es R\u00e9gionales de l\u2019Entrepreneuriat.<\/p>\n\n\n\n<p class=\"has-text-align-left\"><strong>SAID FRIX ALM<\/strong><\/p>\n","protected":false},"excerpt":{"rendered":"<p>Sous le th\u00e8me \u00ab&nbsp;la nouvelle charte d\u2019investissement&nbsp;: Quels m\u00e9tiers d\u2019avenir et de&nbsp;mont\u00e9e en gamme pour la R\u00e9gion B\u00e9ni Mellal \u2013 Kh\u00e9nifra&nbsp;?&nbsp;\u00bb, l\u2019Universit\u00e9 Sultan Moulay Slimane (USMS), l\u2019Office de la Formation Professionnelle et de la Promotion du Travail (OFPPT) et le Projet de D\u00e9veloppement Socio-\u00c9conomique Inclusif \u00e0 B\u00e9ni Mellal-Kh\u00e9nifra (ISED-BMK) financ\u00e9 par l\u2019Agence Am\u00e9ricaine pour le [&hellip;]<\/p>\n","protected":false},"author":4,"featured_media":1809,"comment_status":"open","ping_status":"open","sticky":false,"template":"","format":"standard","meta":{"footnotes":""},"categories":[24,12],"tags":[],"class_list":["post-1823","post","type-post","status-publish","format-standard","has-post-thumbnail","hentry","category-francais","category-economies"],"_links":{"self":[{"href":"https:\/\/pressmedias.ma\/index.php?rest_route=\/wp\/v2\/posts\/1823","targetHints":{"allow":["GET"]}}],"collection":[{"href":"https:\/\/pressmedias.ma\/index.php?rest_route=\/wp\/v2\/posts"}],"about":[{"href":"https:\/\/pressmedias.ma\/index.php?rest_route=\/wp\/v2\/types\/post"}],"author":[{"embeddable":true,"href":"https:\/\/pressmedias.ma\/index.php?rest_route=\/wp\/v2\/users\/4"}],"replies":[{"embeddable":true,"href":"https:\/\/pressmedias.ma\/index.php?rest_route=%2Fwp%2Fv2%2Fcomments&post=1823"}],"version-history":[{"count":1,"href":"https:\/\/pressmedias.ma\/index.php?rest_route=\/wp\/v2\/posts\/1823\/revisions"}],"predecessor-version":[{"id":1824,"href":"https:\/\/pressmedias.ma\/index.php?rest_route=\/wp\/v2\/posts\/1823\/revisions\/1824"}],"wp:featuredmedia":[{"embeddable":true,"href":"https:\/\/pressmedias.ma\/index.php?rest_route=\/wp\/v2\/media\/1809"}],"wp:attachment":[{"href":"https:\/\/pressmedias.ma\/index.php?rest_route=%2Fwp%2Fv2%2Fmedia&parent=1823"}],"wp:term":[{"taxonomy":"category","embeddable":true,"href":"https:\/\/pressmedias.ma\/index.php?rest_route=%2Fwp%2Fv2%2Fcategories&post=1823"},{"taxonomy":"post_tag","embeddable":true,"href":"https:\/\/pressmedias.ma\/index.php?rest_route=%2Fwp%2Fv2%2Ftags&post=1823"}],"curies":[{"name":"wp","href":"https:\/\/api.w.org\/{rel}","templated":true}]}}