{"id":1828,"date":"2024-02-26T17:34:53","date_gmt":"2024-02-26T17:34:53","guid":{"rendered":"https:\/\/pressmedias.ma\/?p=1828"},"modified":"2025-04-17T16:29:04","modified_gmt":"2025-04-17T15:29:04","slug":"le-cese-plaide-pour-une-transformation-digitale-inclusive","status":"publish","type":"post","link":"https:\/\/pressmedias.ma\/?p=1828","title":{"rendered":"Le \u00a0CESE \u00a0plaide pour une transformation digitale \u00a0\u00a0inclusive"},"content":{"rendered":"\n<p class=\"has-text-align-left\">Sous le th\u00e8me \u00ab&nbsp;La transformation digitale&nbsp;\u00bb et en collaboration avec l\u2019Universit\u00e9 Sultan Moulay Slimane (USMS), \u00e0 Beni Mellal, Le Conseil \u00e9conomique, social et environnemental (CESE), a organis\u00e9, du 6 au 8 F\u00e9vrier 2024, une conf\u00e9rence d\u00e9bat, dans le cadre de la 7<sup>\u00e8me<\/sup> Edition du \u00ab&nbsp;CESE chez vous&nbsp;\u00bb \u00e0 la Salle des conf\u00e9rences, \u00e0 l\u2019ENSA, \u00e0 Beni Mellal<\/p>\n\n\n\n<p class=\"has-text-align-left\">Dans une d\u00e9claration \u00e0 ALM, Ahmed Reda Chami, pr\u00e9sident du Conseil \u00e9conomique, social et environnemental (CESE) a&nbsp; d\u00e9clar\u00e9 \u00ab&nbsp;Cette conf\u00e9rence&nbsp; s\u2019inscrit dans le cadre de la strat\u00e9gie d\u2019ouverture du CESE&nbsp; sur les R\u00e9gions, les universit\u00e9s, les Associations et les citoyens. Le sujet, d\u2019aujourd\u2019hui, la transformation digitale, porte essentiellement sur une transformation de toute la soci\u00e9t\u00e9 dans toutes ses composantes. C\u2019est un mouvement mondial&nbsp; qui est tectonique qu\u2019il faut qu\u2019on embrasse. Le but de cette conf\u00e9rence est de sensibiliser&nbsp; les \u00e9tudiants \u00e0 cette transformation digitale&nbsp; pour les encourager&nbsp; \u00e0 bien comprendre&nbsp; cet \u00e9cosyst\u00e8me primordial et cr\u00e9er des entreprises&nbsp; dans ce domaine o\u00f9 on n\u2019a pas besoin de beaucoup de capitaux physiques et financiers pour commencer. C\u2019est une opportunit\u00e9 pour les jeunes de recourir \u00e0 ces nouveaux moyens digitaux pour aller de pair avec&nbsp; ces transformations modernes que connait notre monde \u2026&nbsp;\u00bb&nbsp;&nbsp;<\/p>\n\n\n\n<p class=\"has-text-align-left\">Lors de cette conf\u00e9rence d\u00e9bat&nbsp; avec les \u00e9tudiants de l\u2019USMS, La discussion et les questions de&nbsp; M Reda Chami ont port\u00e9, entre autres, sur diff\u00e9rents axes relatifs \u00e0 la transformation digitale , \u00e0 savoir , la d\u00e9finition de la transformation digitale , le r\u00f4le central de cette transformation dans les secteurs \u00e9conomiques&nbsp;; opportunit\u00e9s , menaces , d\u00e9fis et responsabilit\u00e9s , les Recommandations du CESE, les enjeux de la transformation digitale au niveau mondial , l\u2019importance de l\u2019intelligence artificielle ( IA) dans les recherches scientifiques , l\u2019innovation et l\u2019apprentissage \u2026<\/p>\n\n\n\n<p class=\"has-text-align-left\">A l\u2019inauguration de cette conf\u00e9rence d\u00e9bat, Mustapha Aboumaarouf, pr\u00e9sident de l\u2019Universit\u00e9 Sultan Moulay Slimane a mis l\u2019accent sur les objectifs que vise \u00e0 concr\u00e9tiser cette rencontre digitale et d\u2019ajouter \u00ab&nbsp;le choix de cette th\u00e9matique vise \u00e0 promouvoir&nbsp; l\u2019innovation et le progr\u00e8s de notre soci\u00e9t\u00e9. Votre visite \u00e0 l\u2019USMS et les ateliers qui ont \u00e9t\u00e9 organis\u00e9s au profit de nos \u00e9tudiants par les membres du Conseil pr\u00e9cit\u00e9 refl\u00e8tent&nbsp; le dynamisme de votre institution&nbsp; et votre engagement \u00e0 interagir, \u00e0 collaborer \u00e0 la meilleure&nbsp; r\u00e9ponse aux enjeux auxquels fait face notre soci\u00e9t\u00e9. Initiatives et dynamisme qui s\u2019inscrivent dans le cadre de la volont\u00e9&nbsp; de Sa Majest\u00e9 le Roi Mohammed VI, que Dieu l\u2019assiste, qui est de donner \u00e0 notre pays&nbsp; la place qu\u2019il m\u00e9rite&nbsp; dans une conjoncture mondiale de plus en plus difficile et comp\u00e9titive tout en encourageant une d\u00e9marche et une d\u00e9mocratie participatives pour un d\u00e9veloppement durable&nbsp; pour l\u2019ensemble des citoyens marocains. Le choix de cette th\u00e9matique est d\u2019une importance cruciale pour notre universit\u00e9 et notre pays. \u00ab&nbsp; Et de poursuivre au sujet de la transformation digitale \u00e0 l\u2019USMS, \u00ab&nbsp;Dans notre environnement universitaire, la transformation digitale&nbsp; repr\u00e9sente un enjeu majeur. En outre, elle constitue un des leviers&nbsp; de l\u2019op\u00e9rationnalisation&nbsp; du plan national d\u2019acc\u00e9l\u00e9ration&nbsp; de la transformation de l\u2019\u00e9cosyst\u00e8me de l\u2019enseignement sup\u00e9rieur de la Recherche scientifique et de l\u2019innovation, la pacte ESRI-2030 qui pourrait favoriser l\u2019inclusion&nbsp; et am\u00e9liorer la qualit\u00e9&nbsp; et l\u2019efficacit\u00e9 de l\u2019enseignement&nbsp; tout en ouvrant de nouveaux chemins vers l\u2019innovation et une nouvelle recherche et la r\u00e9solution des probl\u00e8mes complexes\u2026&nbsp;\u00bb.<\/p>\n\n\n\n<p class=\"has-text-align-left\">Inspir\u00e9 par sa strat\u00e9gie de d\u00e9veloppement ax\u00e9e sur l\u2019ouverture&nbsp; et la proximit\u00e9 avec les citoyens&nbsp; marocains, le CESE a d\u00e9ploy\u00e9&nbsp; son plan d\u2019action , en mati\u00e8re de participation citoyenne, autour de trois axes principaux&nbsp; qui consistent \u00e0 promouvoir une grande implication&nbsp; des citoyens dans les travaux du CESE, \u00e0 les placer au centre des d\u00e9bats publics et \u00e0 les associer activement au suivi des politiques publiques. Et dans le cadre de son engagement&nbsp; en faveur de l\u2019ouverture&nbsp; et de la proximit\u00e9 avec les jeunes citoyens, le CESE a lanc\u00e9, en 2022, un programme intitul\u00e9 \u00ab&nbsp;CESE chez vous&nbsp;\u00bb d\u00e9di\u00e9 \u00e0 la jeunesse&nbsp; et qui consiste \u00e0 se rendre&nbsp; dans diff\u00e9rentes r\u00e9gions&nbsp; du pays pour rencontrer les citoyens.<\/p>\n\n\n\n<p class=\"has-text-align-left\">A noter que lors de cette conf\u00e9rence d\u00e9bat, un atelier s\u2019est tenu qui avait pour th\u00e8me \u00ab&nbsp;pour une approche novatrice&nbsp; et int\u00e9gr\u00e9e&nbsp; de la commercialisation des produits agricoles&nbsp;\u00bb. En outre, un programme d\u2019activit\u00e9s a \u00e9t\u00e9 \u00e9galement une occasion, pour les \u00e9tudiants de l\u2019USMS,&nbsp; de connaitre&nbsp; le r\u00f4le et les missions du CESE ainsi que la diversit\u00e9 de ses publications.<\/p>\n\n\n\n<p class=\"has-text-align-left\">Ont pris part \u00e0 cette conf\u00e9rence, les Doyens&nbsp; des facult\u00e9s relevant de l\u2019USMS, les vices pr\u00e9sidents de l\u2019universit\u00e9, les directeurs des p\u00f4les de l\u2019universit\u00e9, le secr\u00e9taire g\u00e9n\u00e9ral, les enseignants chercheurs, les membres du Conseil de l\u2019USMS, Le directeur du p\u00f4le doctoral, le Directeur r\u00e9gional de la CGEM, les \u00e9tudiants, les repr\u00e9sentants de la presse r\u00e9gionale et nationale\u2026<\/p>\n\n\n\n<p><strong>SAID FRIX&nbsp; ALM<\/strong><\/p>\n","protected":false},"excerpt":{"rendered":"<p>Sous le th\u00e8me \u00ab&nbsp;La transformation digitale&nbsp;\u00bb et en collaboration avec l\u2019Universit\u00e9 Sultan Moulay Slimane (USMS), \u00e0 Beni Mellal, Le Conseil \u00e9conomique, social et environnemental (CESE), a organis\u00e9, du 6 au 8 F\u00e9vrier 2024, une conf\u00e9rence d\u00e9bat, dans le cadre de la 7\u00e8me Edition du \u00ab&nbsp;CESE chez vous&nbsp;\u00bb \u00e0 la Salle des conf\u00e9rences, \u00e0 l\u2019ENSA, \u00e0 [&hellip;]<\/p>\n","protected":false},"author":4,"featured_media":1829,"comment_status":"open","ping_status":"open","sticky":false,"template":"","format":"standard","meta":{"footnotes":""},"categories":[24,11],"tags":[],"class_list":["post-1828","post","type-post","status-publish","format-standard","has-post-thumbnail","hentry","category-francais","category-national"],"_links":{"self":[{"href":"https:\/\/pressmedias.ma\/index.php?rest_route=\/wp\/v2\/posts\/1828","targetHints":{"allow":["GET"]}}],"collection":[{"href":"https:\/\/pressmedias.ma\/index.php?rest_route=\/wp\/v2\/posts"}],"about":[{"href":"https:\/\/pressmedias.ma\/index.php?rest_route=\/wp\/v2\/types\/post"}],"author":[{"embeddable":true,"href":"https:\/\/pressmedias.ma\/index.php?rest_route=\/wp\/v2\/users\/4"}],"replies":[{"embeddable":true,"href":"https:\/\/pressmedias.ma\/index.php?rest_route=%2Fwp%2Fv2%2Fcomments&post=1828"}],"version-history":[{"count":1,"href":"https:\/\/pressmedias.ma\/index.php?rest_route=\/wp\/v2\/posts\/1828\/revisions"}],"predecessor-version":[{"id":1830,"href":"https:\/\/pressmedias.ma\/index.php?rest_route=\/wp\/v2\/posts\/1828\/revisions\/1830"}],"wp:featuredmedia":[{"embeddable":true,"href":"https:\/\/pressmedias.ma\/index.php?rest_route=\/wp\/v2\/media\/1829"}],"wp:attachment":[{"href":"https:\/\/pressmedias.ma\/index.php?rest_route=%2Fwp%2Fv2%2Fmedia&parent=1828"}],"wp:term":[{"taxonomy":"category","embeddable":true,"href":"https:\/\/pressmedias.ma\/index.php?rest_route=%2Fwp%2Fv2%2Fcategories&post=1828"},{"taxonomy":"post_tag","embeddable":true,"href":"https:\/\/pressmedias.ma\/index.php?rest_route=%2Fwp%2Fv2%2Ftags&post=1828"}],"curies":[{"name":"wp","href":"https:\/\/api.w.org\/{rel}","templated":true}]}}