{"id":1883,"date":"2024-03-17T17:43:01","date_gmt":"2024-03-17T17:43:01","guid":{"rendered":"https:\/\/pressmedias.ma\/?p=1883"},"modified":"2025-04-17T16:29:03","modified_gmt":"2025-04-17T15:29:03","slug":"ramadan-renforcement-du-controle-des-prix-des-produits-alimentaires","status":"publish","type":"post","link":"https:\/\/pressmedias.ma\/?p=1883","title":{"rendered":"Ramadan\u00a0: renforcement du contr\u00f4le \u00a0des prix des produits alimentaires."},"content":{"rendered":"\n<p class=\"has-text-align-left\">En pr\u00e9paration du mois sacr\u00e9 du Ramadan cette ann\u00e9e, le&nbsp; wali de la r\u00e9gion de B\u00e9ni Mellal-Khenifra, M. Khatib El-Habil, a pr\u00e9sid\u00e9, jeudi 29 f\u00e9vrier 2024, au si\u00e8ge de la Wilaya, une r\u00e9union de communication et de coordination avec tous les acteurs concern\u00e9s pour \u00e9tudier les proc\u00e9dures visant \u00e0 assurer la stabilit\u00e9 des prix, \u00e0 approvisionner les march\u00e9s en mati\u00e8res et produits alimentaires suffisants et \u00e0 combattre toutes les formes de sp\u00e9culation pour &nbsp;satisfaire les demandes des consommateurs en divers produits de base pendant ce mois sacr\u00e9.<\/p>\n\n\n\n<p class=\"has-text-align-left\">Afin de suivre l&rsquo;\u00e9volution de la situation de l&rsquo;offre et d&rsquo;assurer la stabilit\u00e9 des prix pour pr\u00e9server le pouvoir d&rsquo;achat du consommateur, le &nbsp;wali de la r\u00e9gion a mis l&rsquo;accent sur sa supervision personnelle du processus de suivi des prix dans les diff\u00e9rents march\u00e9s et points de vente de la r\u00e9gion de B\u00e9ni Mellal, en application des directives royales. Ainsi , &nbsp;il a donn\u00e9 des instructions strictes \u00e0 tous les d\u00e9partements concern\u00e9s sur la n\u00e9cessit\u00e9 d&rsquo;intensifier la surveillance et de doubler les contr\u00f4les en \u00e9largissant la base des quartiers et les points de vente cibl\u00e9s &nbsp;pour prendre toutes les mesures contre tous les contrevenants \u00e0 la loi et les manipulateurs de prix.<\/p>\n\n\n\n<p class=\"has-text-align-left\">Dans ce contexte, il a soulign\u00e9 la n\u00e9cessit\u00e9 de lui fournir des rapports quotidiens d\u00e9taill\u00e9s et pr\u00e9cis sur la surveillance proactive de la situation du march\u00e9 \u00e0 l&rsquo;approche du mois de Ramadan, qu&rsquo;attendent les citoyens marocains, mena\u00e7ant ceux qui manipulent les prix des &nbsp;produits &nbsp;de consommation de sanctions dissuasives. Il a \u00e9galement soulign\u00e9, en m\u00eame temps, la n\u00e9cessit\u00e9 de coordonner les efforts de tous ceux qui participent au suivi et au travail tout au long du mois b\u00e9ni, de mobiliser les comit\u00e9s r\u00e9gionaux et locaux comp\u00e9tents et les services concern\u00e9s pour une pr\u00e9sence r\u00e9guli\u00e8re sur le terrain dans les diff\u00e9rents march\u00e9s, rassemblements commerciaux et points de vente. dans la r\u00e9gion, et de veiller au respect des normes de qualit\u00e9 et de s\u00e9curit\u00e9 sanitaire des produits alimentaires propos\u00e9s \u00e0 la vente tout en renfor\u00e7ant la surveillance des magasins et entrep\u00f4ts secrets &nbsp;des produits &nbsp;de consommation &nbsp;pour contrecarrer toutes &nbsp;les formes de monopole et de sp\u00e9culation en surveillant les &nbsp;itin\u00e9raires de distribution et les prix des autres &nbsp;produits , en s&rsquo;attaquant \u00e0 toutes les pratiques qui recherchent des \u00e9conomies secr\u00e8tes ou qui violent les r\u00e8gles de la concurrence et la transparence des transactions commerciales, et en \u0153uvrant pour r\u00e9primander les contrevenants conform\u00e9ment aux lois applicables dans les domaines de la protection du consommateur, de la concurrence et de la s\u00e9curit\u00e9 sanitaire des produits alimentaires.<\/p>\n\n\n\n<p class=\"has-text-align-left\">Le &nbsp;wali de la r\u00e9gion a soulign\u00e9 que la prochaine \u00e9tape n\u00e9cessite une nouvelle intensification des efforts pour assurer &nbsp;le d\u00e9veloppement continu du m\u00e9canisme de suivi &nbsp;et &nbsp;une pleine connaissance de la situation du march\u00e9, soulignant l&rsquo;intensification du suivi et &nbsp;du contr\u00f4le de&nbsp; l&rsquo;offre et&nbsp; de la &nbsp;demande et &nbsp;des &nbsp;prix entre les producteurs, les distributeurs et les grossistes de la r\u00e9gion Beni Mellal-Kh\u00e9nifra afin d&rsquo;\u00e9valuer les conditions du march\u00e9 et &nbsp;d\u2019assurer &nbsp;des prix &nbsp;appropri\u00e9s aux citoyens.<\/p>\n\n\n\n<p class=\"has-text-align-left\">Il a \u00e9galement &nbsp;mis l\u2019accent sur le souci d&rsquo;intensifier le travail des cellules de &nbsp;permanence dans les diff\u00e9rents services comp\u00e9tents, pour permettre aux consommateurs, aux commer\u00e7ants et aux diff\u00e9rents acteurs concern\u00e9s de d\u00e9poser leurs r\u00e9clamations, d&rsquo;informer de toute \u00e9ventuelle rupture de stock, de signaler les cas de fraudes, d&rsquo;infractions &nbsp;, de malhonn\u00eatet\u00e9 ou de pratiques commerciales interdites, et d\u2019assurer le traitement efficace de ces plaintes et l&rsquo;interaction imm\u00e9diate avec les commentaires soumis par les citoyens, en coordination avec les diff\u00e9rents services concern\u00e9s.<\/p>\n\n\n\n<p class=\"has-text-align-left\">Lors de cette r\u00e9union, \u00e0 laquelle ont particip\u00e9 les &nbsp;autorit\u00e9s s\u00e9curitaires et &nbsp;locales, les services d\u00e9concentr\u00e9s concern\u00e9s par la situation de l&rsquo;approvisionnement et du suivi, les chambres professionnelles, les repr\u00e9sentants des commer\u00e7ants et des unit\u00e9s de production, et le repr\u00e9sentant de l&rsquo;Association de protection des consommateurs, un appel a \u00e9t\u00e9 &nbsp;lanc\u00e9 pour mobiliser tous les services concern\u00e9s afin d&rsquo;adopter une approche proactive pour surveiller tous les &nbsp;dysfonctionnements &nbsp;possibles de l&rsquo;approvisionnement et intervenir en temps opportun pour y rem\u00e9dier.<\/p>\n\n\n\n<p>SAID FRIX ALM<\/p>\n","protected":false},"excerpt":{"rendered":"<p>En pr\u00e9paration du mois sacr\u00e9 du Ramadan cette ann\u00e9e, le&nbsp; wali de la r\u00e9gion de B\u00e9ni Mellal-Khenifra, M. Khatib El-Habil, a pr\u00e9sid\u00e9, jeudi 29 f\u00e9vrier 2024, au si\u00e8ge de la Wilaya, une r\u00e9union de communication et de coordination avec tous les acteurs concern\u00e9s pour \u00e9tudier les proc\u00e9dures visant \u00e0 assurer la stabilit\u00e9 des prix, \u00e0 [&hellip;]<\/p>\n","protected":false},"author":4,"featured_media":1884,"comment_status":"open","ping_status":"open","sticky":false,"template":"","format":"standard","meta":{"footnotes":""},"categories":[24,12],"tags":[],"class_list":["post-1883","post","type-post","status-publish","format-standard","has-post-thumbnail","hentry","category-francais","category-economies"],"_links":{"self":[{"href":"https:\/\/pressmedias.ma\/index.php?rest_route=\/wp\/v2\/posts\/1883","targetHints":{"allow":["GET"]}}],"collection":[{"href":"https:\/\/pressmedias.ma\/index.php?rest_route=\/wp\/v2\/posts"}],"about":[{"href":"https:\/\/pressmedias.ma\/index.php?rest_route=\/wp\/v2\/types\/post"}],"author":[{"embeddable":true,"href":"https:\/\/pressmedias.ma\/index.php?rest_route=\/wp\/v2\/users\/4"}],"replies":[{"embeddable":true,"href":"https:\/\/pressmedias.ma\/index.php?rest_route=%2Fwp%2Fv2%2Fcomments&post=1883"}],"version-history":[{"count":1,"href":"https:\/\/pressmedias.ma\/index.php?rest_route=\/wp\/v2\/posts\/1883\/revisions"}],"predecessor-version":[{"id":1885,"href":"https:\/\/pressmedias.ma\/index.php?rest_route=\/wp\/v2\/posts\/1883\/revisions\/1885"}],"wp:featuredmedia":[{"embeddable":true,"href":"https:\/\/pressmedias.ma\/index.php?rest_route=\/wp\/v2\/media\/1884"}],"wp:attachment":[{"href":"https:\/\/pressmedias.ma\/index.php?rest_route=%2Fwp%2Fv2%2Fmedia&parent=1883"}],"wp:term":[{"taxonomy":"category","embeddable":true,"href":"https:\/\/pressmedias.ma\/index.php?rest_route=%2Fwp%2Fv2%2Fcategories&post=1883"},{"taxonomy":"post_tag","embeddable":true,"href":"https:\/\/pressmedias.ma\/index.php?rest_route=%2Fwp%2Fv2%2Ftags&post=1883"}],"curies":[{"name":"wp","href":"https:\/\/api.w.org\/{rel}","templated":true}]}}