{"id":1916,"date":"2024-03-24T18:06:52","date_gmt":"2024-03-24T18:06:52","guid":{"rendered":"https:\/\/pressmedias.ma\/?p=1916"},"modified":"2025-04-17T16:29:05","modified_gmt":"2025-04-17T15:29:05","slug":"le-ramadan-a-beni-mellal","status":"publish","type":"post","link":"https:\/\/pressmedias.ma\/?p=1916","title":{"rendered":"Le Ramadan \u00e0 Beni Mellal"},"content":{"rendered":"\n<p class=\"has-text-align-left\"><strong>De nos jours, nombreuses sont les traditions ramadanesques&nbsp; qui se sont estomp\u00e9es au &nbsp;fil des temps. Entre hier et aujourd\u2019hui, un grand nombre d\u2019habitudes&nbsp; h\u00e9rit\u00e9es de nos anc\u00eatres&nbsp; ont sombr\u00e9 dans l\u2019oubli notamment celles&nbsp; qui sont en rapport avec le recueillement, la spiritualit\u00e9 et l\u2019aspect culinaire. A Beni Mellal, \u00e0 l\u2019instar des&nbsp; contr\u00e9es&nbsp; relevant de la&nbsp; r\u00e9gion de Beni Mellal kh\u00e9nifra,&nbsp; le rituel du mois sacr\u00e9 du ramadan a connu des changements&nbsp; impos\u00e9s par la modernit\u00e9 &nbsp;&nbsp;et les &nbsp;nouvelles g\u00e9n\u00e9rations.<\/strong><\/p>\n\n\n\n<p class=\"has-text-align-left\">Avant le premier jour fatidique du ramadan, \u00e0 Beni Mellal, les familles commencent les pr\u00e9paratifs. On fait emplette d\u2019\u00e9pices et de tous les ingr\u00e9dients pour la pr\u00e9paration des g\u00e2teaux, sfoufes, briouates\u2026A la campagne, les traditions sont plus respect\u00e9es qu\u2019en ville.<\/p>\n\n\n\n<p class=\"has-text-align-left\">Le matin du premier jour du ramadan,&nbsp; vers dix heures, les rues sont d\u00e9sertes. Toutes les boutiques, les caf\u00e9s, les magasins sont ferm\u00e9s. Il n y a pas \u00e2me qui vive. Progressivement, la ville s\u2019emplit d\u2019hommes et de femmes qui sortent de leur tani\u00e8re pour faire des commissions. Les rues qui \u00e9taient d\u00e9sertes sombrent dans le brouhaha. Quelques heures &nbsp;avant la rupture du je\u00fbne, les familles se d\u00e9p\u00eachent de rentrer \u00e0 leurs demeures pour proc\u00e9der \u00e0 la pr\u00e9paration du ftour. La ville qui renait de ses cendres&nbsp; devient tr\u00e8s anim\u00e9e&nbsp; de telle mani\u00e8re que les gens s\u2019agglutinent et obstruent les passages. On n\u2019entend que les cris des marchands qui vendent leurs marchandises avant la rupture du je\u00fbne. A l\u2019approche de l\u2019appel du muezzin, un silence de mort commence \u00e0 prendre possession de toute la ville qui se vide de toute cette fourmili\u00e8re de gens. A ce moment, les mosqu\u00e9es s\u2019animent et les hauts parleurs appellent les fid\u00e8les \u00e0 la pri\u00e8re. La joie de la rupture du je\u00fbne&nbsp; envahit tous les foyers et tout le monde se met \u00e0 table garnie de soupe,&nbsp;\u00ab&nbsp; harira&nbsp;\u00bb, g\u00e2teaux, sellou , briouates , chabakia , jus , dattes, th\u00e9 , caf\u00e9\u2026&nbsp;\u00ab&nbsp;Avant, notre art culinaire \u00e9tait diff\u00e9rent de celui d\u2019aujourd\u2019hui, d\u00e9clare Ahmed, un homme \u00e2g\u00e9 de 75 ans. On ne pr\u00e9parait que la soupe et \u00ab&nbsp;harira&nbsp;\u00bb. On mangeait des dattes&nbsp; et on buvait surtout&nbsp; du th\u00e9. Nos recettes \u00e9taient tr\u00e8s simples et traditionnelles. Mais on rendait visite \u00e0 nos voisins et on se rassemblait pour discuter ou pour psalmodier des versets du coran \u00e0 l\u2019occasion du mois du ramadan. On n\u2019avait pas de Smartphone et rares \u00e9taient les maisons o\u00f9 l\u2019on trouvait un poste de t\u00e9l\u00e9vision, \u00e0 cette \u00e9poque-l\u00e0, \u00e0 la campagne. On dormait et on se r\u00e9veillait t\u00f4t pour \u00ab&nbsp;le Shour&nbsp;\u00bb avant d\u2019aller travailler aux champs. Ma femme Aicha , que je respecte beaucoup , s\u2019occupait&nbsp; des petits enfants&nbsp; et de la pr\u00e9paration des repas pendant le mois sacr\u00e9 . Je rends un vibrant hommage \u00e0 la femme qui est une aide appr\u00e9ciable pour l\u2019homme. .&nbsp;\u00bb<\/p>\n\n\n\n<p class=\"has-text-align-left\">&nbsp;Les mosqu\u00e9es deviennent bond\u00e9es de fid\u00e8les (des enfants, des hommes et des femmes). Une fois les pri\u00e8res &nbsp;\u00ab&nbsp;d\u2019El Icha et taraouih&nbsp;\u00bb &nbsp;sont accomplies, la ville de Beni Mellal s\u2019anime. Les caf\u00e9s et les places publiques grouillent de badauds qui d\u00e9gustent la joie de la premi\u00e8re rupture du je\u00fbne. Ainsi, un autre mode de vie rena\u00eet o\u00f9 la visite des familles et des voisins, le pardon, la tol\u00e9rance et le recueillement l\u2019emportent sur les malentendus, l\u2019introversion et le narcissisme. Les c\u0153urs des fid\u00e8les brillent de mil feux tels les lampadaires qui illuminent tous les coins et les recoins de la ville. Au moment o\u00f9 certains veillent en familles, d\u2019autres dorment t\u00f4t&nbsp; ou restent \u00e0 la maison pour accomplir leurs pri\u00e8res. Plus l\u2019heure du \u00ab&nbsp;Shour&nbsp;\u00bb approche, plus la ville se vide encore une fois des gens.&nbsp;\u00ab&nbsp;Il y a belle lurette, d\u00e9clare Fatima, une m\u00e8re de famille \u00e2g\u00e9e de 70 ans, c\u2019\u00e9tait &nbsp;le \u00ab&nbsp;Neffar&nbsp;\u00bb qui nous r\u00e9veillait au Shour. C\u2019\u00e9tait un homme du quartier qui sillonnait les rues en sifflant dans un cor pour r\u00e9veiller les dormeurs au Shour. C\u2019\u00e9tait un homme qui vivait de l\u2019aum\u00f4ne de la Zakat. On n\u2019avait pas d\u2019alarmes \u00e0 ce temps-l\u00e0. Le Neffar n\u2019existe plus aujourd\u2019hui car les temps ont chang\u00e9, la modernit\u00e9 a compl\u00e9tement enterr\u00e9 nos traditions\u2026&nbsp;\u00bb.<\/p>\n\n\n\n<p class=\"has-text-align-left\">A Beni Mellal, \u00e0 l\u2019instar des autres villes de la r\u00e9gion de Beni Mellal Kh\u00e9nifra , le mois sacr\u00e9 du Ramadan se passe dans le recueillement . Dans certaines contr\u00e9es, \u00e0 la campagne, les habitudes &nbsp;ancestrales &nbsp;du &nbsp;ramadan &nbsp;sont encore respect\u00e9es par les familles. Mais ce patrimoine culturel commence \u00e0 devenir \u00e9vanescent pour laisser place&nbsp; \u00e0 un autre mode de vie que la modernit\u00e9 a compl\u00e9tement fa\u00e7onn\u00e9.<\/p>\n\n\n\n<p><strong>SAID FRIX ALM<\/strong><\/p>\n","protected":false},"excerpt":{"rendered":"<p>De nos jours, nombreuses sont les traditions ramadanesques&nbsp; qui se sont estomp\u00e9es au &nbsp;fil des temps. Entre hier et aujourd\u2019hui, un grand nombre d\u2019habitudes&nbsp; h\u00e9rit\u00e9es de nos anc\u00eatres&nbsp; ont sombr\u00e9 dans l\u2019oubli notamment celles&nbsp; qui sont en rapport avec le recueillement, la spiritualit\u00e9 et l\u2019aspect culinaire. A Beni Mellal, \u00e0 l\u2019instar des&nbsp; contr\u00e9es&nbsp; relevant de [&hellip;]<\/p>\n","protected":false},"author":4,"featured_media":1917,"comment_status":"open","ping_status":"open","sticky":false,"template":"","format":"standard","meta":{"footnotes":""},"categories":[24,17],"tags":[],"class_list":["post-1916","post","type-post","status-publish","format-standard","has-post-thumbnail","hentry","category-francais","category-17"],"_links":{"self":[{"href":"https:\/\/pressmedias.ma\/index.php?rest_route=\/wp\/v2\/posts\/1916","targetHints":{"allow":["GET"]}}],"collection":[{"href":"https:\/\/pressmedias.ma\/index.php?rest_route=\/wp\/v2\/posts"}],"about":[{"href":"https:\/\/pressmedias.ma\/index.php?rest_route=\/wp\/v2\/types\/post"}],"author":[{"embeddable":true,"href":"https:\/\/pressmedias.ma\/index.php?rest_route=\/wp\/v2\/users\/4"}],"replies":[{"embeddable":true,"href":"https:\/\/pressmedias.ma\/index.php?rest_route=%2Fwp%2Fv2%2Fcomments&post=1916"}],"version-history":[{"count":1,"href":"https:\/\/pressmedias.ma\/index.php?rest_route=\/wp\/v2\/posts\/1916\/revisions"}],"predecessor-version":[{"id":1918,"href":"https:\/\/pressmedias.ma\/index.php?rest_route=\/wp\/v2\/posts\/1916\/revisions\/1918"}],"wp:featuredmedia":[{"embeddable":true,"href":"https:\/\/pressmedias.ma\/index.php?rest_route=\/wp\/v2\/media\/1917"}],"wp:attachment":[{"href":"https:\/\/pressmedias.ma\/index.php?rest_route=%2Fwp%2Fv2%2Fmedia&parent=1916"}],"wp:term":[{"taxonomy":"category","embeddable":true,"href":"https:\/\/pressmedias.ma\/index.php?rest_route=%2Fwp%2Fv2%2Fcategories&post=1916"},{"taxonomy":"post_tag","embeddable":true,"href":"https:\/\/pressmedias.ma\/index.php?rest_route=%2Fwp%2Fv2%2Ftags&post=1916"}],"curies":[{"name":"wp","href":"https:\/\/api.w.org\/{rel}","templated":true}]}}