{"id":1928,"date":"2024-03-30T00:21:43","date_gmt":"2024-03-30T00:21:43","guid":{"rendered":"https:\/\/pressmedias.ma\/?p=1928"},"modified":"2025-04-17T16:29:07","modified_gmt":"2025-04-17T15:29:07","slug":"des-mesures-pour-redorer-le-blason-de-la-presse-et-des-medias","status":"publish","type":"post","link":"https:\/\/pressmedias.ma\/?p=1928","title":{"rendered":"Des mesures pour redorer le blason de la presse et des m\u00e9dias"},"content":{"rendered":"\n<p class=\"has-text-align-left\"><strong>En pr\u00e9sence de Younes Moujahid , pr\u00e9sident de la commission provisoire de la gestion du secteur de la presse marocaine et de Abdelk\u00e9bir Khchichen, Pr\u00e9sident&nbsp; du Syndicat national de la presse Marocaine ,un s\u00e9minaire autour de \u00ab&nbsp; La r\u00e9alit\u00e9 de la presse et des m\u00e9dias nationaux et r\u00e9gionaux et les d\u00e9fis du futur&nbsp;\u00bb a \u00e9t\u00e9 organis\u00e9 \u00e0 la Facult\u00e9 des Lettres et des Sciences Humaines, \u00e0 Beni Mellal, Samedi 23 Mars 20254, en marge de la&nbsp; comm\u00e9moration de la quatri\u00e8me ann\u00e9e&nbsp; du d\u00e9c\u00e8s de Mohamed Hajjam, Fondateur de Milafat Tadla.<\/strong><\/p>\n\n\n\n<p class=\"has-text-align-left\">Lors de son intervention, M Khchichen a soulign\u00e9 que le secteur de la presse, au Maroc, est en crise pour diverses raisons. Et d\u2019expliquer \u00ab&nbsp;Toutes les nations s\u2019accordent que la presse participe \u00e0 la construction des civilisations et des d\u00e9mocraties dans le Monde, c\u2019est le quatri\u00e8me pouvoir. Au Maroc, la presse a grand besoin d\u2019organisation et de formation. Ainsi, le journaliste doit \u00eatre instruit et d\u2019un excellent niveau de savoir. En outre, il est tenu de respecter la d\u00e9ontologie du journalisme &nbsp;pour donner naissance \u00e0 une presse digne de ce nom. La presse au Maroc est un secteur qui laisse beaucoup \u00e0 d\u00e9sirer et &nbsp;le seul moyen &nbsp;de l\u2019organiser &nbsp;ce sont les lois. Et c\u2019est la raison pour laquelle on &nbsp;a mis l\u2019accent sur la r\u00e9vision &nbsp;du code &nbsp;de la presse&nbsp; qui renferme&nbsp; la loi 89\/13 relative au statut du journaliste professionnel, la loi 90\/13 portant sur la cr\u00e9ation du Conseil national de la presse et la loi 88\/13 relative \u00e0 la presse et \u00e0 l\u2019\u00e9dition. Personne ne nie que le domaine de la presse, au Maroc, est devenu anarchique et d\u00e9pourvu de formation et de soutien. En outre, la probl\u00e9matique inextricable, c\u2019est celle des entreprises de la presse dont la majorit\u00e9 ne se compose &nbsp;que &nbsp;d\u2019un seul journaliste qui fait office de r\u00e9dacteur en chef, de directeur de publication, de photographe\u2026&nbsp;\u00bb Et de poursuivre \u00ab&nbsp; Il faut rem\u00e9dier \u00e0 cette situation d\u2019anarchie dans laquelle patauge le secteur de la presse au Maroc. La presse r\u00e9gionale est l\u2019avenir de l\u2019\u00e9chiquier m\u00e9diatique. Ainsi, elle a grand besoin d\u2019un soutien r\u00e9gional pour qu\u2019elle soit autonome financi\u00e8rement&nbsp; et qu\u2019elle aille de l\u2019avant. Par cons\u00e9quent, nous sommes tous concern\u00e9s par cette probl\u00e9matique qui ne cesse d\u2019empirer au fil des ann\u00e9es. Gr\u00e2ce \u00e0 un travail de concertation entre toutes les parties prenantes, on r\u00e9alisera les objectifs escompt\u00e9s.&nbsp;\u00bb<\/p>\n\n\n\n<p class=\"has-text-align-left\">Pour sa part, Younes Moujahid a mis en exergue la probl\u00e9matique de la presse \u00e9lectronique et &nbsp;en papier tout en mettant l\u2019accent sur les r\u00e9sultats d\u2019un diagnostic, \u00e0 savoir&nbsp; que \u00ab&nbsp;la presse en &nbsp;papier vit dans une crise lamentable et surtout &nbsp;au temps des ann\u00e9es du Covid 19. Depuis, elle n\u2019a jamais pu revivre sa belle \u00e9poque d\u2019antan. &nbsp;Concernant la presse marocaine,&nbsp; toutes publications confondues, sur &nbsp;&nbsp;un tirage de 100.000 exemplaires de la presse en papier au Maroc, les ventes ne d\u00e9passent pas les 40.000 exemplaires. En outre, sur 95 journaux, seuls 19 emploient 10 journalistes au moment o\u00f9 plus de 47 p\u00e9riodiques n\u2019emploient&nbsp; que 1 \u00e0 3 journalistes et 21 journaux ne d\u00e9passent pas un seul journaliste. Au niveau de la presse num\u00e9rique, en 2022 sur un nombre de 471&nbsp; journaux, 207 emploient un seul journaliste. &nbsp;Faute de formation, d\u2019\u00e9quipements, d\u2019investissement, de ressources humaines et de vraies entreprises de presse, on d\u00e9duit qu\u2019il s\u2019agit d\u2019une crise structurelle .Il est des professions qui ont vu le jour et d\u2019autres qui &nbsp;ont disparu gr\u00e2ce aux nouvelles technologies d\u2019information, au num\u00e9rique, \u00e0 l\u2019intelligence artificielle\u2026Les formations classiques dans le domaine de la presse sont d\u00e9pass\u00e9es et les nouveaux recrus que nous cherchons et dont nous avons besoin n\u2019ont pas de dipl\u00f4mes en g\u00e9n\u00e9ral, c\u2019est une crise qui frappe de plein fouet la presse r\u00e9gionale et nationale. Nous sommes en train d\u2019\u00e9laborer des recommandations et des propositions \u00e0 m\u00eame de nous \u00e9clairer le chemin. Cependant, il faut d\u00e9battre de cette question au parlement pour donner naissance \u00e0 une loi cadre&nbsp; et \u00e0 une feuille de route &nbsp;qui puisse nous faire sortir de ces labyrinthes d\u00e9dal\u00e9ens. Cette responsabilit\u00e9 incombe aux syndicats, aux partis politiques, \u00e0 la soci\u00e9t\u00e9 civile, au parlement\u2026Et c\u2019est l\u2019universit\u00e9 qui pourra jouer un r\u00f4le primordial dans&nbsp; le domaine des formations, de la communication et de la Recherche scientifique pour que la presse au Maroc soit au niveau de nos aspirations tous.&nbsp;\u00bb a-t-il soulign\u00e9.<\/p>\n\n\n\n<p class=\"has-text-align-left\">SAID FRIX ALM<\/p>\n\n\n\n<p><\/p>\n","protected":false},"excerpt":{"rendered":"<p>En pr\u00e9sence de Younes Moujahid , pr\u00e9sident de la commission provisoire de la gestion du secteur de la presse marocaine et de Abdelk\u00e9bir Khchichen, Pr\u00e9sident&nbsp; du Syndicat national de la presse Marocaine ,un s\u00e9minaire autour de \u00ab&nbsp; La r\u00e9alit\u00e9 de la presse et des m\u00e9dias nationaux et r\u00e9gionaux et les d\u00e9fis du futur&nbsp;\u00bb a \u00e9t\u00e9 [&hellip;]<\/p>\n","protected":false},"author":4,"featured_media":1929,"comment_status":"open","ping_status":"open","sticky":false,"template":"","format":"standard","meta":{"footnotes":""},"categories":[24,15],"tags":[],"class_list":["post-1928","post","type-post","status-publish","format-standard","has-post-thumbnail","hentry","category-francais","category-15"],"_links":{"self":[{"href":"https:\/\/pressmedias.ma\/index.php?rest_route=\/wp\/v2\/posts\/1928","targetHints":{"allow":["GET"]}}],"collection":[{"href":"https:\/\/pressmedias.ma\/index.php?rest_route=\/wp\/v2\/posts"}],"about":[{"href":"https:\/\/pressmedias.ma\/index.php?rest_route=\/wp\/v2\/types\/post"}],"author":[{"embeddable":true,"href":"https:\/\/pressmedias.ma\/index.php?rest_route=\/wp\/v2\/users\/4"}],"replies":[{"embeddable":true,"href":"https:\/\/pressmedias.ma\/index.php?rest_route=%2Fwp%2Fv2%2Fcomments&post=1928"}],"version-history":[{"count":1,"href":"https:\/\/pressmedias.ma\/index.php?rest_route=\/wp\/v2\/posts\/1928\/revisions"}],"predecessor-version":[{"id":1930,"href":"https:\/\/pressmedias.ma\/index.php?rest_route=\/wp\/v2\/posts\/1928\/revisions\/1930"}],"wp:featuredmedia":[{"embeddable":true,"href":"https:\/\/pressmedias.ma\/index.php?rest_route=\/wp\/v2\/media\/1929"}],"wp:attachment":[{"href":"https:\/\/pressmedias.ma\/index.php?rest_route=%2Fwp%2Fv2%2Fmedia&parent=1928"}],"wp:term":[{"taxonomy":"category","embeddable":true,"href":"https:\/\/pressmedias.ma\/index.php?rest_route=%2Fwp%2Fv2%2Fcategories&post=1928"},{"taxonomy":"post_tag","embeddable":true,"href":"https:\/\/pressmedias.ma\/index.php?rest_route=%2Fwp%2Fv2%2Ftags&post=1928"}],"curies":[{"name":"wp","href":"https:\/\/api.w.org\/{rel}","templated":true}]}}