{"id":1937,"date":"2024-03-30T18:45:36","date_gmt":"2024-03-30T18:45:36","guid":{"rendered":"https:\/\/pressmedias.ma\/?p=1937"},"modified":"2025-04-17T16:29:07","modified_gmt":"2025-04-17T15:29:07","slug":"entretien-avec-dr-abdellatif-laaroussi-delegue-par-interim-du-ministere-de-la-sante-a-la-province-de-beni-mellal","status":"publish","type":"post","link":"https:\/\/pressmedias.ma\/?p=1937","title":{"rendered":"Entretien Avec Dr Abdellatif Laaroussi, D\u00e9l\u00e9gu\u00e9 Par Int\u00e9rim Du Minist\u00e8re De La Sant\u00e9\u00a0 \u00c0\u00a0 La Province De Beni Mellal"},"content":{"rendered":"\n<p class=\"has-text-align-left\">\u00ab&nbsp;Au niveau de la province de Beni Mellal, nous avons adopt\u00e9&nbsp; un projet d\u2019am\u00e9lioration de la sant\u00e9. On a d\u2019abord fait un diagnostic de la situation&nbsp; en nous basant sur les piliers suivants&nbsp;: les RH, les \u00e9quipements, les Ressources financi\u00e8res, le syst\u00e8me d\u2019information, les m\u00e9dicaments et la gouvernance\u2026&nbsp;\u00bb<\/p>\n\n\n\n<p class=\"has-text-align-left\"><strong>Qui est Dr Abdellatif Laaroussi&nbsp;?<\/strong><\/p>\n\n\n\n<p class=\"has-text-align-left\"><strong>Dr Abdellatif Laaroussi<\/strong>&nbsp;: je suis n\u00e9 en 1968 \u00e0 Beni Mellal o\u00f9 j\u2019ai fait &nbsp;mes \u00e9tudes et j\u2019ai eu mon Bac en 1987. Apr\u00e8s 2 ann\u00e9es de PC \u00e0 l\u2019Universit\u00e9 Cadi Ayad de &nbsp;Marrakech, j\u2019ai \u00e9t\u00e9 admis \u00e0 la Facult\u00e9 de M\u00e9decine \u00e0 Casablanca o\u00f9 &nbsp;j\u2019ai eu mon &nbsp;Doctorat en m\u00e9decine g\u00e9n\u00e9rale. Je suis dipl\u00f4m\u00e9 en m\u00e9decine d\u2019urgence et j\u2019ai eu un &nbsp;Master en Management des \u00e9tablissements de sant\u00e9. J\u2019ai particip\u00e9 \u00e0 plusieurs activit\u00e9s, par exemple, \u00e0 l\u2019accompagnement des h\u00f4pitaux&nbsp; de la R\u00e9gion de Beni Mellal Kh\u00e9nifra pour l\u2019\u00e9laboration&nbsp; des projets des \u00e9tablissements hospitaliers et aux audits&nbsp; organisationnels des h\u00f4pitaux. Derni\u00e8rement, j\u2019ai &nbsp;particip\u00e9 \u00e0 &nbsp;l\u2019\u00e9laboration du projet m\u00e9dical r\u00e9gional&nbsp; qui est actuellement en phase de&nbsp; finalisation. En Avril 2021, j\u2019ai \u00e9t\u00e9 nomm\u00e9 D\u00e9l\u00e9gu\u00e9 par int\u00e9rim \u00e0 la t\u00eate de la province m\u00e9dicale de Beni Mellal.<\/p>\n\n\n\n<p class=\"has-text-align-left\"><strong>Quelles sont les mesures que vous avez prises, au niveau de la province de Beni Mellal pour lutter contre la propagation du covid-19&nbsp;?<\/strong><\/p>\n\n\n\n<p class=\"has-text-align-left\">Actuellement, Beni Mellal est class\u00e9e premi\u00e8re au Maroc au niveau de la vaccination&nbsp; dans la mesure o\u00f9 le taux&nbsp; de couverture vaccinale r\u00e9alis\u00e9 fr\u00f4le les 95% .C\u2019est une cons\u00e9cration pour nous tous. A cette occasion, je rends un vibrant hommage &nbsp;\u00e0 toutes les \u00e9quipes et \u00e0 tous ceux et celles qui ont contribu\u00e9 \u00e0 la r\u00e9alisation de cet exploit. D\u2019ailleurs, nous avons \u00e9t\u00e9 remerci\u00e9s par le Minist\u00e8re de tutelle et par M le Wali de la R\u00e9gion de Beni Mellal Kh\u00e9nifra et Gouverneur de la province de Beni Mellal. Pour concr\u00e9tiser cette initiative louable, des efforts louables ont \u00e9t\u00e9 conjugu\u00e9s par tous les intervenants.<\/p>\n\n\n\n<p class=\"has-text-align-left\"><strong>Avez- vous \u00e9labor\u00e9 un plan d\u2019action dans le but de r\u00e9aliser les r\u00e9sultats escompt\u00e9s&nbsp;?<\/strong><\/p>\n\n\n\n<p class=\"has-text-align-left\">En effet, nous avons \u00e9labor\u00e9 un plan d\u2019action pour que la vaccination aille de l\u2019avant. Ce plan s\u2019est bas\u00e9 sur des \u00e9quipes fixes et d\u2019autres mobiles. Concernant les \u00e9quipes des stations fixes, 47 stations de vaccination ont \u00e9t\u00e9 r\u00e9parties dans la province de Beni Mellal et chaque station a \u00e9t\u00e9 bien \u00e9quip\u00e9e en mat\u00e9riel n\u00e9cessaire&nbsp; \u00e0 la vaccination&nbsp; et en RH (un ou deux vaccinateurs, un \u00e9l\u00e9ment n\u00e9cessaire \u00e0 la saisie des donn\u00e9es en plus de l\u2019appui des autorit\u00e9s locales sous la pr\u00e9sidence de M le Wali de la R\u00e9gion). Ces \u00e9quipes mobiles&nbsp; se d\u00e9placent vers des contr\u00e9es lointaines&nbsp;&nbsp; surtout vers des maisons pour vacciner les vielles personnes ou des malades qui sont incapables de se d\u00e9placer vers les lieux de vaccination. Encore une fois je rends un vibrant hommage \u00e0 toutes ces \u00e9quipes pour leurs grands sacrifices. En plus , un programme de vaccination des \u00e9l\u00e8ves a \u00e9t\u00e9 concr\u00e9tis\u00e9 en collaboration avec le Minist\u00e8re de l\u2019Education nationale&nbsp; du Pr\u00e9scolaire et des Sports avant la rentr\u00e9e scolaire.<\/p>\n\n\n\n<p class=\"has-text-align-left\">Par cons\u00e9quent, je lance un appel \u00e0 tous les citoyens de Beni Mellal pour qu\u2019ils aillent se faire vacciner, c\u2019est la meilleure fa\u00e7on d\u2019enrayer la pand\u00e9mie du Covid 19 qui fait des ravages dans le monde.<\/p>\n\n\n\n<p class=\"has-text-align-left\"><strong>Quels projets avez-vous adopt\u00e9s pour l\u2019am\u00e9lioration de la sant\u00e9 au niveau provincial&nbsp;?<\/strong><\/p>\n\n\n\n<p class=\"has-text-align-left\">Le secteur de sant\u00e9 de Beni Mellal&nbsp; est compos\u00e9 d\u2019un secteur priv\u00e9 et public. Ce dernier renferme un r\u00e9seau hospitalier et un autre&nbsp; d\u2019\u00e9tablissement de sant\u00e9 primaire, un r\u00e9seau RMES&nbsp;&nbsp; et un r\u00e9seau des soins d\u2019urgence RISUM. Nous disposons de deux h\u00f4pitaux&nbsp;: un h\u00f4pital de proximit\u00e9 \u00e0 Kasbat Tadla&nbsp; et le CHR (Centre hospitalier r\u00e9gional) de Beni Mellal , de 47 formations sanitaires et &nbsp;un personnel m\u00e9dical, param\u00e9dical, technique et administratif de 920 personnes.<\/p>\n\n\n\n<p class=\"has-text-align-left\">Au niveau de la province de Beni Mellal, nous avons adopt\u00e9&nbsp; un projet d\u2019am\u00e9lioration de la sant\u00e9. On a d\u2019abord fait un diagnostic de la situation&nbsp; en nous basant sur les piliers suivants&nbsp;: les RH, les \u00e9quipements, les Ressources financi\u00e8res, le syst\u00e8me d\u2019information, les m\u00e9dicaments et la gouvernance. Et on a dress\u00e9 un listing des partenaires&nbsp; qui peuvent nous aider dans l\u2019am\u00e9lioration&nbsp; de la prises en charge des malades \u00e0 la R\u00e9gion de Beni Mellal Kh\u00e9nifra et en particulier \u00e0 la province de Beni Mellal comme les Associations de la soci\u00e9t\u00e9 civile , l\u2019INDH dans son programme de lutte contre les disparit\u00e9s&nbsp; territoriales et sociales&nbsp; et d\u2019autres d\u00e9partements comme ceux de l\u2019Education nationale , la jeunesse et Sports\u2026Et parmi les axes auxquels on a accord\u00e9 une grande importance , c\u2019est celui des RH. On a &nbsp;plaid\u00e9 &nbsp;aupr\u00e8s du Minist\u00e8re de tutelle et du Conseil r\u00e9gional et on a re\u00e7u 25 infirmiers &nbsp;et 5 M\u00e9decins dans le cadre de la convention&nbsp; sign\u00e9e entre&nbsp; l\u2019Association Ahmed El Hansali , le Conseil r\u00e9gional et le Minist\u00e8re de tutelle. Qui plus est, M le pr\u00e9sident de la commune de Zaou\u00efa Cheikh&nbsp; nous a envoy\u00e9 3 infirmiers ,1 chauffeur et une femme pour le nettoyage dans le cadre d\u2019une convention sign\u00e9e entre la D\u00e9l\u00e9gation et le Conseil communal.<\/p>\n\n\n\n<p class=\"has-text-align-left\">Pour ce qui est des \u00e9quipements, on a \u00e9labor\u00e9 un plan pour rem\u00e9dier \u00e0 ce d\u00e9ficit&nbsp; dans la mesure par exemple, o\u00f9 on a \u00e9quip\u00e9&nbsp; &nbsp;le laboratoire des &nbsp;urgences de proximit\u00e9 de Zaouia Cheikh pour les femmes enceintes et les maladies chroniques pour \u00e9viter les d\u00e9placements vers Beni Mellal &nbsp;&nbsp;tout en faisant &nbsp;des analyses m\u00e9dicales sur place. En outre, on a \u00e9quip\u00e9 le Centre de radiologie d\u2019El Ksiba&nbsp; et on a essay\u00e9 de trouver une solution au d\u00e9marrage de l\u2019IRM .On a propos\u00e9 plusieurs solutions, malheureusement, les m\u00e9decins radiologues ont exprim\u00e9 leur besoin en formation continue. Illico, un planning de formation a \u00e9t\u00e9 donc adress\u00e9 au Minist\u00e8re de la Sant\u00e9. On a aussi opt\u00e9 pour une autre solution, c\u2019\u00e9tait de trouver un m\u00e9decin qui peut faire l\u2019interpr\u00e9tation de ce genre d\u2019examens. A cette occasion, je remercie vivement Dr Dkhissi&nbsp; de la province d\u2019Azilal qui s\u2019est port\u00e9 volontaire. Ce qui nous&nbsp; a permis&nbsp; de faire le d\u00e9marrage de l\u2019IRM pour des examens simples&nbsp; c\u00e9r\u00e9braux et de la colonne vert\u00e9brale. Actuellement, on est \u00e0 18 examens. L\u2019objectif \u00e9tant d\u2019\u00e9viter les d\u00e9placements des malades vers Casablanca, F\u00e8s\u2026Cependant, il est imp\u00e9ratif de proc\u00e9der \u00e0 l\u2019affectation de m\u00e9decins radiologues au CHR de Beni Mellal dans le dessein d\u2019am\u00e9liorer ce genre de prestations.<\/p>\n\n\n\n<p class=\"has-text-align-left\">Pour ce qui est des m\u00e9dicaments, le Minist\u00e8re de tutelle nous a bien dot\u00e9s de m\u00e9dicaments pour lutter contre la propagation du covid 19. D\u2019autres efforts louables ont \u00e9t\u00e9 consentis&nbsp;: plusieurs centres ont \u00e9t\u00e9 bien \u00e9quip\u00e9s gr\u00e2ce \u00e0 la contribution de l\u2019INDH et des signatures de &nbsp;conventions avec d\u2019autres partenaires sont actuellement en phase de discussion&nbsp;: avec Rotary Club City de Casablanca&nbsp; pour l\u2019am\u00e9nagement du&nbsp; Centre de sant\u00e9 d\u2019Aghbala avec urgence de proximit\u00e9 et m\u00eame Dar Al Oumouma &nbsp;en vue de lutter contre l\u2019enclavement dans cette contr\u00e9e. En plus, on est en hiver et le taux de r\u00e9alisation du programme de la lutte contre les vagues de froid est de 43%. 40 douars ont b\u00e9n\u00e9fici\u00e9 de m\u00e9dicaments, de consultations, d\u2019informations, de communication et du d\u00e9pistage du cancer de l\u2019ut\u00e9rus et du sein. On a aussi planifi\u00e9 le 11 Novembre 2021 un programme chirurgicale de rattrapage pour absorber les listes d\u2019attente dans les diff\u00e9rentes sp\u00e9cialit\u00e9s&nbsp; chirurgicales. Au niveau du CHR on a op\u00e9r\u00e9 plus de 1500 cas toutes sp\u00e9cialit\u00e9s confondues. Concernant les caravanes on a organis\u00e9 deux grandes caravanes, la 1<sup>\u00e8re<\/sup>&nbsp;avec l\u2019Association Saham pour la chirurgie &nbsp;de la cataracte et la 2<sup>\u00e8me<\/sup>&nbsp;avec Rabitate El Alam El Islami de l\u2019Arabie Saoudite. On a op\u00e9r\u00e9 78 cas de goitre. Des \u00e9quipes d\u2019infirmiers et de m\u00e9decins&nbsp; du CHR de Beni Mellal&nbsp; ainsi &nbsp;que des m\u00e9decins sp\u00e9cialistes du priv\u00e9 ont particip\u00e9 \u00e0 cette caravane en vue d\u2019\u00e9changer un grand nombre d\u2019exp\u00e9riences avec leurs confr\u00e8res Saoudiens. Aujourd\u2019hui, nous sommes en train de discuter avec les m\u00e9decins saoudiens pr\u00e9cit\u00e9s dans le but d\u2019organiser d\u2019autres caravanes m\u00e9dicales en Mars 2022.<\/p>\n\n\n\n<p class=\"has-text-align-left\"><strong>Propos recueillis par SAID FRIX journal eco<\/strong><\/p>\n","protected":false},"excerpt":{"rendered":"<p>\u00ab&nbsp;Au niveau de la province de Beni Mellal, nous avons adopt\u00e9&nbsp; un projet d\u2019am\u00e9lioration de la sant\u00e9. On a d\u2019abord fait un diagnostic de la situation&nbsp; en nous basant sur les piliers suivants&nbsp;: les RH, les \u00e9quipements, les Ressources financi\u00e8res, le syst\u00e8me d\u2019information, les m\u00e9dicaments et la gouvernance\u2026&nbsp;\u00bb Qui est Dr Abdellatif Laaroussi&nbsp;? Dr Abdellatif [&hellip;]<\/p>\n","protected":false},"author":4,"featured_media":1938,"comment_status":"open","ping_status":"open","sticky":false,"template":"","format":"standard","meta":{"footnotes":""},"categories":[24,1],"tags":[],"class_list":["post-1937","post","type-post","status-publish","format-standard","has-post-thumbnail","hentry","category-francais","category-1"],"_links":{"self":[{"href":"https:\/\/pressmedias.ma\/index.php?rest_route=\/wp\/v2\/posts\/1937","targetHints":{"allow":["GET"]}}],"collection":[{"href":"https:\/\/pressmedias.ma\/index.php?rest_route=\/wp\/v2\/posts"}],"about":[{"href":"https:\/\/pressmedias.ma\/index.php?rest_route=\/wp\/v2\/types\/post"}],"author":[{"embeddable":true,"href":"https:\/\/pressmedias.ma\/index.php?rest_route=\/wp\/v2\/users\/4"}],"replies":[{"embeddable":true,"href":"https:\/\/pressmedias.ma\/index.php?rest_route=%2Fwp%2Fv2%2Fcomments&post=1937"}],"version-history":[{"count":1,"href":"https:\/\/pressmedias.ma\/index.php?rest_route=\/wp\/v2\/posts\/1937\/revisions"}],"predecessor-version":[{"id":1939,"href":"https:\/\/pressmedias.ma\/index.php?rest_route=\/wp\/v2\/posts\/1937\/revisions\/1939"}],"wp:featuredmedia":[{"embeddable":true,"href":"https:\/\/pressmedias.ma\/index.php?rest_route=\/wp\/v2\/media\/1938"}],"wp:attachment":[{"href":"https:\/\/pressmedias.ma\/index.php?rest_route=%2Fwp%2Fv2%2Fmedia&parent=1937"}],"wp:term":[{"taxonomy":"category","embeddable":true,"href":"https:\/\/pressmedias.ma\/index.php?rest_route=%2Fwp%2Fv2%2Fcategories&post=1937"},{"taxonomy":"post_tag","embeddable":true,"href":"https:\/\/pressmedias.ma\/index.php?rest_route=%2Fwp%2Fv2%2Ftags&post=1937"}],"curies":[{"name":"wp","href":"https:\/\/api.w.org\/{rel}","templated":true}]}}