{"id":1958,"date":"2024-04-07T14:49:18","date_gmt":"2024-04-07T14:49:18","guid":{"rendered":"https:\/\/pressmedias.ma\/?p=1958"},"modified":"2025-04-17T16:29:05","modified_gmt":"2025-04-17T15:29:05","slug":"le-conseil-du-cri-discute-des-moyens-de-renforcer-lattractivite-de-la-region-pour-attirer-plus-dinvestissements","status":"publish","type":"post","link":"https:\/\/pressmedias.ma\/?p=1958","title":{"rendered":"Le Conseil \u00a0\u00a0du CRI discute des moyens de renforcer l&rsquo;attractivit\u00e9 de la r\u00e9gion pour attirer plus d&rsquo;investissements"},"content":{"rendered":"\n<p class=\"has-text-align-left\">En application de l&rsquo;article 13 de la loi n\u00b0 47.18 relative \u00e0 la r\u00e9forme des centres r\u00e9gionaux d&rsquo;investissement et \u00e0 la cr\u00e9ation de comit\u00e9s r\u00e9gionaux unifi\u00e9s d&rsquo;investissement, le gouverneur de la r\u00e9gion de Beni Mellal-Kh\u00e9nifra, Khatib El H\u00e9bil, a pr\u00e9sid\u00e9, jeudi matin 28 mars 2024, une r\u00e9union du conseil d&rsquo;administration du centre r\u00e9gional d&rsquo;investissement, en pr\u00e9sence du vice-pr\u00e9sident du conseil r\u00e9gional, des responsables des chambres professionnelles et des services concern\u00e9s par l&rsquo;investissement, ainsi que de l&rsquo;ensemble des membres du conseil d&rsquo;administration, au si\u00e8ge de l&rsquo;Etat.<\/p>\n\n\n\n<p class=\"has-text-align-left\">Au cours de cette r\u00e9union, consacr\u00e9e \u00e0 l&rsquo;examen des r\u00e9alisations du Centre r\u00e9gional d&rsquo;investissement au titre de l&rsquo;ann\u00e9e 2023, le gouverneur de la r\u00e9gion a expliqu\u00e9 que le volume des investissements approuv\u00e9s par le Comit\u00e9 r\u00e9gional unifi\u00e9 d&rsquo;investissement a augment\u00e9 de 15%, soit 34,75 milliards de dirhams, contre 30 milliards de dirhams en 2022, appelant le Centre r\u00e9gional d&rsquo;investissement \u00e0 d\u00e9ployer davantage d&rsquo;efforts en partenariat avec les autres acteurs pour d\u00e9velopper l&rsquo;attractivit\u00e9 de la r\u00e9gion, \u00e0 travers le d\u00e9veloppement de l&rsquo;offre territoriale et le renforcement des m\u00e9canismes de communication pour faire conna\u00eetre les qualit\u00e9s de la r\u00e9gion et les diff\u00e9rentes initiatives adopt\u00e9es \u00e0 l&rsquo;\u00e9chelle r\u00e9gionale pour stimuler l&rsquo;investissement et cr\u00e9er et soutenir les entreprises.<\/p>\n\n\n\n<p class=\"has-text-align-left\">Afin d&rsquo;acc\u00e9l\u00e9rer le rythme de r\u00e9alisation des projets approuv\u00e9s par le comit\u00e9 r\u00e9gional unifi\u00e9 d&rsquo;investissement, le gouverneur a soulign\u00e9 la n\u00e9cessit\u00e9 pour toutes les parties prenantes de travailler ensemble pour surmonter les difficult\u00e9s auxquelles fait face la r\u00e9alisation de ces projets d&rsquo;investissement, appelant le centre r\u00e9gional d&rsquo;investissement \u00e0 d\u00e9velopper et \u00e0 renforcer les m\u00e9canismes d&rsquo;accompagnement de ces projets, en coordination avec les institutions bancaires et les diff\u00e9rentes administrations concern\u00e9es.<\/p>\n\n\n\n<p class=\"has-text-align-left\">Il a \u00e9galement soulign\u00e9 la n\u00e9cessit\u00e9 de mobiliser et de coordonner les efforts de tous les acteurs concern\u00e9s dans la r\u00e9gion pour s&rsquo;engager activement et positivement dans la mise en \u0153uvre r\u00e9gionale de la nouvelle charte d&rsquo;investissement, afin d&rsquo;atteindre les objectifs fix\u00e9s, dont le plus important est de cr\u00e9er des emplois durables et de renforcer l&rsquo;attractivit\u00e9 de la r\u00e9gion en tant que p\u00f4le d&rsquo;investissement direct \u00e9tranger, appelant \u00e0 cet \u00e9gard \u00e0 veiller \u00e0 ce que tous les m\u00e9canismes de stimulation de l&rsquo;\u00e9conomie et de d\u00e9veloppement de l&rsquo;offre territoriale d&rsquo;investissement pour attirer, relancer et d\u00e9velopper l&rsquo;investissement et am\u00e9liorer la situation du march\u00e9 du travail dans la r\u00e9gion, qui a \u00e9t\u00e9 affect\u00e9e par les diverses activit\u00e9s li\u00e9es au secteur agricole en raison des ann\u00e9es successives de s\u00e9cheresse.<\/p>\n\n\n\n<p class=\"has-text-align-left\">Le directeur g\u00e9n\u00e9ral par int\u00e9rim du Centre r\u00e9gional d&rsquo;investissement a pr\u00e9sent\u00e9 les r\u00e9alisations du Centre pour l&rsquo;ann\u00e9e 2023, en soulignant les indicateurs les plus importants li\u00e9s aux projets d&rsquo;investissement, \u00e0 la cr\u00e9ation et \u00e0 l&rsquo;accompagnement des entreprises, ainsi que les efforts d\u00e9ploy\u00e9s par cette institution pour commercialiser l&rsquo;offre territoriale et contribuer \u00e0 stimuler l&rsquo;investissement, \u00e0 attirer les investisseurs et \u00e0 am\u00e9liorer le climat des affaires.<\/p>\n\n\n\n<p class=\"has-text-align-left\">La r\u00e9union a donn\u00e9 lieu \u00e0 une discussion approfondie sur les contraintes qui limitent le rythme de r\u00e9alisation d&rsquo;un certain nombre de projets d&rsquo;investissement et sur les moyens de les surmonter, ainsi que sur les moyens d&rsquo;attirer de grands projets d&rsquo;investissement qui contribueront \u00e0 assurer la croissance, \u00e0 cr\u00e9er de la valeur ajout\u00e9e et davantage d&rsquo;opportunit\u00e9s d&#8217;emploi et \u00e0 faire de la r\u00e9gion un p\u00f4le \u00e9conomique important.<\/p>\n\n\n\n<p class=\"has-text-align-left\">Au cours de cette r\u00e9union, tous les points inscrits \u00e0 l&rsquo;ordre du jour ont \u00e9t\u00e9 approuv\u00e9s, notamment l&rsquo;approbation du proc\u00e8s-verbal de la pr\u00e9c\u00e9dente r\u00e9union du Conseil, le bilan des activit\u00e9s du Centre r\u00e9gional d&rsquo;investissement en 2023 et les r\u00e9sultats obtenus, ainsi que le rapport du bureau d&rsquo;\u00e9tude sp\u00e9cialis\u00e9 charg\u00e9 d&rsquo;\u00e9valuer les performances du Centre pour l&rsquo;ann\u00e9e 2023.<\/p>\n\n\n\n<p class=\"has-text-align-left\">SAID FRIX ALM<\/p>\n","protected":false},"excerpt":{"rendered":"<p>En application de l&rsquo;article 13 de la loi n\u00b0 47.18 relative \u00e0 la r\u00e9forme des centres r\u00e9gionaux d&rsquo;investissement et \u00e0 la cr\u00e9ation de comit\u00e9s r\u00e9gionaux unifi\u00e9s d&rsquo;investissement, le gouverneur de la r\u00e9gion de Beni Mellal-Kh\u00e9nifra, Khatib El H\u00e9bil, a pr\u00e9sid\u00e9, jeudi matin 28 mars 2024, une r\u00e9union du conseil d&rsquo;administration du centre r\u00e9gional d&rsquo;investissement, en [&hellip;]<\/p>\n","protected":false},"author":4,"featured_media":1959,"comment_status":"open","ping_status":"open","sticky":false,"template":"","format":"standard","meta":{"footnotes":""},"categories":[24,12],"tags":[],"class_list":["post-1958","post","type-post","status-publish","format-standard","has-post-thumbnail","hentry","category-francais","category-economies"],"_links":{"self":[{"href":"https:\/\/pressmedias.ma\/index.php?rest_route=\/wp\/v2\/posts\/1958","targetHints":{"allow":["GET"]}}],"collection":[{"href":"https:\/\/pressmedias.ma\/index.php?rest_route=\/wp\/v2\/posts"}],"about":[{"href":"https:\/\/pressmedias.ma\/index.php?rest_route=\/wp\/v2\/types\/post"}],"author":[{"embeddable":true,"href":"https:\/\/pressmedias.ma\/index.php?rest_route=\/wp\/v2\/users\/4"}],"replies":[{"embeddable":true,"href":"https:\/\/pressmedias.ma\/index.php?rest_route=%2Fwp%2Fv2%2Fcomments&post=1958"}],"version-history":[{"count":1,"href":"https:\/\/pressmedias.ma\/index.php?rest_route=\/wp\/v2\/posts\/1958\/revisions"}],"predecessor-version":[{"id":1960,"href":"https:\/\/pressmedias.ma\/index.php?rest_route=\/wp\/v2\/posts\/1958\/revisions\/1960"}],"wp:featuredmedia":[{"embeddable":true,"href":"https:\/\/pressmedias.ma\/index.php?rest_route=\/wp\/v2\/media\/1959"}],"wp:attachment":[{"href":"https:\/\/pressmedias.ma\/index.php?rest_route=%2Fwp%2Fv2%2Fmedia&parent=1958"}],"wp:term":[{"taxonomy":"category","embeddable":true,"href":"https:\/\/pressmedias.ma\/index.php?rest_route=%2Fwp%2Fv2%2Fcategories&post=1958"},{"taxonomy":"post_tag","embeddable":true,"href":"https:\/\/pressmedias.ma\/index.php?rest_route=%2Fwp%2Fv2%2Ftags&post=1958"}],"curies":[{"name":"wp","href":"https:\/\/api.w.org\/{rel}","templated":true}]}}