{"id":1964,"date":"2024-04-07T14:48:33","date_gmt":"2024-04-07T14:48:33","guid":{"rendered":"https:\/\/pressmedias.ma\/?p=1964"},"modified":"2025-04-17T16:29:07","modified_gmt":"2025-04-17T15:29:07","slug":"entretien-avec-le-president-du-conseil-provincial-de-beni-mellal-m-mohamed-ouhnine","status":"publish","type":"post","link":"https:\/\/pressmedias.ma\/?p=1964","title":{"rendered":"Entretien Avec Le Pr\u00e9sident Du Conseil Provincial De Beni Mellal, M Mohamed Ouhnine."},"content":{"rendered":"\n<p class=\"has-text-align-left\"><strong>\u00ab&nbsp;Notre objectif est d\u2019honorer nos promesses \u00e9lectorales et d\u2019\u00eatre au niveau des aspirations des orientations de Sa Majest\u00e9 le Roi Mohammed VI , que Dieu l\u2019assiste et des citoyens\u2026&nbsp;\u00bb<\/strong><strong>&nbsp;<\/strong><\/p>\n\n\n\n<p class=\"has-text-align-left\"><strong>Vous venez d\u2019\u00eatre \u00e9lu pr\u00e9sident du conseil provincial de Beni Mellal .Quelles mesures avez-vous prises pour la r\u00e9alisation des objectifs escompt\u00e9s&nbsp;?<\/strong><\/p>\n\n\n\n<p class=\"has-text-align-left\"><strong>M Mohamed Ouhnine&nbsp;:<\/strong>&nbsp;D\u2019abord, je vous remercie infiniment M Frix pour cette initiative louable qui nous permettra de mettre en avant notre strat\u00e9gie qui augure une nouvelle \u00e9tape du conseil provincial&nbsp; dont les membres viennent d\u2019\u00eatre \u00e9lus.<\/p>\n\n\n\n<p class=\"has-text-align-left\">Loin de de toute appr\u00e9hension et de suspicion, je voudrais bien capitaliser sur un grand nombre d\u2019axes relatifs \u00e0 la r\u00e9alisation prospective d\u2019un grand nombre de projets structurants \u00e0 m\u00eame de participer \u00e0 la concr\u00e9tisation d\u2019un d\u00e9veloppement durable \u00e0 la province de Beni Mellal. Notre objectif est d\u2019honorer nos promesses \u00e9lectorales et d\u2019\u00eatre au niveau des aspirations des orientations de Sa Majest\u00e9 le Roi Mohammed VI , que Dieu l\u2019assiste et des citoyens.<\/p>\n\n\n\n<p class=\"has-text-align-left\">De facto, nous avons pris une batterie de mesures qui s\u2019assignent pour objectif de conserver les lettres de noblesse du conseil provincial tout en \u00e9laborant une nouvelle strat\u00e9gie \u00e0 m\u00eame de favoriser les conditions idoines au conseil susmentionn\u00e9 afin qu\u2019il renaisse de ses cendres.<\/p>\n\n\n\n<p class=\"has-text-align-left\">Nous avons d\u2019abord proc\u00e9d\u00e9 \u00e0 la r\u00e9habilitation des tous les cadres du conseil &nbsp;et des &nbsp;services techniques et budg\u00e9taires. Ce remaniement permettra certes d\u2019insuffler une nouvelle dynamique \u00e0 m\u00eame de booster les travaux du conseil. D\u2019autres mesures sont prises au niveau des partenariats qui seront sign\u00e9s avec un grand nombre d\u2019acteurs socio\u00e9conomiques, de notre strat\u00e9gie\u2026<\/p>\n\n\n\n<p class=\"has-text-align-left\"><strong>Et pour ce qui est de l\u2019ouverture du Conseil provincial sur son environnement ext\u00e9rieur&nbsp;?<\/strong><\/p>\n\n\n\n<p class=\"has-text-align-left\">Pour ce qui est de l\u2019ouverture du conseil provincial sur son environnement ext\u00e9rieur et les partenariats, nous ambitionnons de signer des conventions de partenariat avec un grand nombre d\u2019acteurs socio\u00e9conomiques concern\u00e9s comme le Conseil r\u00e9gional , l\u2019OCP le Minist\u00e8re de l\u2019int\u00e9rieur en la personne de M le Wali de la R\u00e9gion de Beni Mellal Kh\u00e9nifra&nbsp; \u00e0 qui nous rendons un vibrant hommage pour son aide appr\u00e9ciable , son soutien et les efforts inlassables qu\u2019il ne cesse de conjuguer pour que la r\u00e9gion de Beni Mellal Kh\u00e9nifra aille de l\u2019avant , il a aussi les associations de la soci\u00e9t\u00e9 civile \u0153uvrant dans les domaines culturel , sportif\u2026Nous travaillerons en coordination avec le comit\u00e9 provincial de l\u2019INDH dans le dessein d\u2019encourager les coop\u00e9ratives , les associations\u2026Nous mettrons aussi l\u2019accent sur le soutien des jeunes . A cette occasion, nous souhaitons que le nouveau gouvernement encourage l\u2019int\u00e9gration des jeunes dipl\u00f4m\u00e9s dans le&nbsp; march\u00e9 du travail\u00a8.<\/p>\n\n\n\n<p class=\"has-text-align-left\"><strong>Quels sont les objectifs de la prochaine rencontre qui sera pr\u00e9sid\u00e9e par M le Wali&nbsp;?<\/strong><\/p>\n\n\n\n<p class=\"has-text-align-left\">Nous envisageons &nbsp;aussi d\u2019organiser une rencontre, sous la pr\u00e9sidence de M le Wali, &nbsp;\u00e0 laquelle participeront M le pr\u00e9sident du Conseil r\u00e9gional M Adil Barakat, MM les membres du Conseil provincial, MM les pr\u00e9sidents des communes urbaines et rurales, MM les chefs des services ext\u00e9rieurs. Ce sera une feuille de route et &nbsp;une occasion idoine de mettre le doigt sur&nbsp; les contraintes qui entravent la bonne d\u00e9marche des communes rurales et d\u2019\u00e9laborer un plan d\u2019action du conseil provincial &nbsp;et une strat\u00e9gie \u00e0 m\u00eame de de r\u00e9aliser les r\u00e9sultats escompt\u00e9s.<\/p>\n\n\n\n<p class=\"has-text-align-left\">Quelques contr\u00e9es&nbsp;&nbsp; rurales&nbsp; se cantonnent encore dans l\u2019enclavement. Qui plus est, la probl\u00e9matique de l\u2019eau potable, de la construction des routes\u2026dans quelques douars nous incite \u00e0 conjuguer plus d\u2019efforts en vue de participer au d\u00e9senclavement de ces r\u00e9gions montagneuses o\u00f9 la neige, le froid glacial et les pluies&nbsp; sont \u00e0 l\u2019origine d\u2019un grand nombre de probl\u00e8mes surtout en hiver. Il y a , en outre le probl\u00e8me du transport urbain, la probl\u00e9matique des d\u00e9chets m\u00e9nagers\u2026Nous avons une strat\u00e9gie qui sera op\u00e9rationnelle \u00e0 partir de janvier 2022 et qui nous permettra de mettre le doigt sur la plaie et de trouver des solutions probantes et tangibles \u00e0 tous les probl\u00e8mes qui entravent la bonne d\u00e9marche et de la province et de la r\u00e9gion. L\u2019enjeu est de taille, Je voudrais honorer mes promesses \u00e9lectorales gr\u00e2ce \u00e0 mes exp\u00e9riences dans le domaine de la gestion de la chose publique. Louange \u00e0 Dieu, nos indicateurs laissent pr\u00e9sager&nbsp; des r\u00e9sultats positifs. Par cons\u00e9quent, je voudrais bien faire sortir le conseil de la l\u00e9thargie dans laquelle il se morfondait des ann\u00e9es durant. Notre objectif est de s\u2019ouvrir sur notre environnement ext\u00e9rieur tout en mettant l\u2019accent sur les piliers et les \u00e9nergies dont dispose le conseil provincial de Beni Mellal dans le but d\u2019\u00e9laborer et de concr\u00e9tiser un grand nombre de projets de d\u00e9veloppement authentiques. Il est temps de mutualiser les efforts autour des priorit\u00e9s strat\u00e9giques. Ainsi, comme l\u2019a soulign\u00e9 Sa Majest\u00e9 le Roi Mohammed VI, que Dieu le glorifie, dans son discours adress\u00e9 au parlement \u00e0 l\u2019occasion de l\u2019ouverture de la 1<sup>\u00e8re<\/sup>&nbsp;session&nbsp; de la premi\u00e8re ann\u00e9e l\u00e9gislative de la 11<sup>\u00e8me<\/sup>&nbsp;l\u00e9gislature \u00ab&nbsp;Ainsi, notre pays sera plus apte encore \u00e0 poursuivre son processus de d\u00e9veloppement et \u00e0 relever les d\u00e9fis\u2026&nbsp;\u00bb<\/p>\n\n\n\n<p class=\"has-text-align-left\"><strong>Propos recueillis par SAID FRIX journal\u00e9co<\/strong><\/p>\n","protected":false},"excerpt":{"rendered":"<p>\u00ab&nbsp;Notre objectif est d\u2019honorer nos promesses \u00e9lectorales et d\u2019\u00eatre au niveau des aspirations des orientations de Sa Majest\u00e9 le Roi Mohammed VI , que Dieu l\u2019assiste et des citoyens\u2026&nbsp;\u00bb&nbsp; Vous venez d\u2019\u00eatre \u00e9lu pr\u00e9sident du conseil provincial de Beni Mellal .Quelles mesures avez-vous prises pour la r\u00e9alisation des objectifs escompt\u00e9s&nbsp;? M Mohamed Ouhnine&nbsp;:&nbsp;D\u2019abord, je vous [&hellip;]<\/p>\n","protected":false},"author":4,"featured_media":1965,"comment_status":"open","ping_status":"open","sticky":false,"template":"","format":"standard","meta":{"footnotes":""},"categories":[24,1],"tags":[],"class_list":["post-1964","post","type-post","status-publish","format-standard","has-post-thumbnail","hentry","category-francais","category-1"],"_links":{"self":[{"href":"https:\/\/pressmedias.ma\/index.php?rest_route=\/wp\/v2\/posts\/1964","targetHints":{"allow":["GET"]}}],"collection":[{"href":"https:\/\/pressmedias.ma\/index.php?rest_route=\/wp\/v2\/posts"}],"about":[{"href":"https:\/\/pressmedias.ma\/index.php?rest_route=\/wp\/v2\/types\/post"}],"author":[{"embeddable":true,"href":"https:\/\/pressmedias.ma\/index.php?rest_route=\/wp\/v2\/users\/4"}],"replies":[{"embeddable":true,"href":"https:\/\/pressmedias.ma\/index.php?rest_route=%2Fwp%2Fv2%2Fcomments&post=1964"}],"version-history":[{"count":1,"href":"https:\/\/pressmedias.ma\/index.php?rest_route=\/wp\/v2\/posts\/1964\/revisions"}],"predecessor-version":[{"id":1966,"href":"https:\/\/pressmedias.ma\/index.php?rest_route=\/wp\/v2\/posts\/1964\/revisions\/1966"}],"wp:featuredmedia":[{"embeddable":true,"href":"https:\/\/pressmedias.ma\/index.php?rest_route=\/wp\/v2\/media\/1965"}],"wp:attachment":[{"href":"https:\/\/pressmedias.ma\/index.php?rest_route=%2Fwp%2Fv2%2Fmedia&parent=1964"}],"wp:term":[{"taxonomy":"category","embeddable":true,"href":"https:\/\/pressmedias.ma\/index.php?rest_route=%2Fwp%2Fv2%2Fcategories&post=1964"},{"taxonomy":"post_tag","embeddable":true,"href":"https:\/\/pressmedias.ma\/index.php?rest_route=%2Fwp%2Fv2%2Ftags&post=1964"}],"curies":[{"name":"wp","href":"https:\/\/api.w.org\/{rel}","templated":true}]}}