{"id":2002,"date":"2024-04-25T14:29:14","date_gmt":"2024-04-25T14:29:14","guid":{"rendered":"https:\/\/pressmedias.ma\/?p=2002"},"modified":"2025-04-17T16:29:05","modified_gmt":"2025-04-17T15:29:05","slug":"la-fondation-mohammed-vi-de-promotion-des-oeuvres-sociales-de-leducation-formation-une-journee-dinformation-au-profit-des-futurs-retraites","status":"publish","type":"post","link":"https:\/\/pressmedias.ma\/?p=2002","title":{"rendered":"La Fondation Mohammed VI de Promotion des \u0152uvres sociales de l\u2019\u00e9ducation-formation\u00a0: une journ\u00e9e d\u2019information au profit des futurs retrait\u00e9s."},"content":{"rendered":"\n<p class=\"has-text-align-left\">A l\u2019instar de toutes les r\u00e9gions du Royaume ,&nbsp; et en partenariat avec la Caisse marocaine des Retraites&nbsp; (CMR )&nbsp; et la Mutuelle g\u00e9n\u00e9rale&nbsp; de l\u2019Education nationale ( MGEN ) la Fondation Mohammed VI de Promotion des \u0152uvres sociales de l\u2019\u00e9ducation-formation&nbsp; a organis\u00e9 , Samedi 20 Avril 2024, une journ\u00e9e d\u2019accueil&nbsp; et d\u2019information au profit&nbsp; de ses adh\u00e9rents , futurs retrait\u00e9s du Minist\u00e8re de l\u2019Education nationale.<\/p>\n\n\n\n<p class=\"has-text-align-left\">Dans une d\u00e9claration \u00e0 ALM, Mohamed Rafik Repr\u00e9sentant de l\u2019unit\u00e9 administrative r\u00e9gionale de la Fondation Mohammed VI de Promotion des \u0152uvres sociales de l\u2019Education \u2013formation \u00e0 Beni Mellal a soulign\u00e9 que \u00ab&nbsp; Dans le cadre de la coordination avec la Fondation pr\u00e9cit\u00e9e au niveau Central , \u00e0 Rabat , nous organisons , aujourd\u2019hui, cette journ\u00e9e et ces portes ouvertes au profit d\u2019environ 600 futurs retrait\u00e9s au niveau de la r\u00e9gion Beni Mellal Kh\u00e9nifra ( sans compter ceux qui b\u00e9n\u00e9ficient de la retraite anticip\u00e9e qui vont b\u00e9n\u00e9ficier des m\u00eames prestations) . L\u2019objectif \u00e9tant de les soutenir \u00e0 d\u00e9poser leurs dossiers de r\u00e9-adh\u00e9sion \u00e0 la Fondation afin qu\u2019ils continuent, ainsi que leurs familles, de b\u00e9n\u00e9ficier des prestations de la Fondation susmentionn\u00e9e. En outre, ils seront inform\u00e9s des autres prestations de la MGEN et la CMR pendant leur passage du Minist\u00e8re de l\u2019Education nationale \u00e0 la CMR \u00e0 partir du 31\/8\/2024.&nbsp;\u00bb. Et d\u2019ajouter \u00ab&nbsp;l\u2019accueil des futurs retrait\u00e9s se fait dans de bonnes conditions gr\u00e2ce \u00e0 une bonne organisation&nbsp; qui nous permet d\u2019\u00eatre au niveau des aspirations de ces 600 futurs retrait\u00e9s venus des cinq provinces relevant de la r\u00e9gion de Beni Mellal Kh\u00e9nifra.&nbsp;\u00bb<\/p>\n\n\n\n<p class=\"has-text-align-left\">S\u2019exprimant lors de cette journ\u00e9e, un futur retrait\u00e9 a fait savoir que \u00ab&nbsp;Cette journ\u00e9e d\u2019accueil et d\u2019information est une aide appr\u00e9ciable pour nous, les futurs retrait\u00e9s. On remercie vivement tous les organisateurs de ces portes ouvertes qui nous accompagnent dans le d\u00e9p\u00f4t de nos dossiers et dans toutes les autres d\u00e9marches administratives<\/p>\n\n\n\n<p class=\"has-text-align-left\">&nbsp;Notons que cette ann\u00e9e, ce sont plus de 6900 adh\u00e9rents qui partiront \u00e0 la retraite, souligne &nbsp;un communiqu\u00e9 de la Fondation,, ajoutant qu&rsquo;\u00e0 fin 2023, le nombre des retrait\u00e9s a atteint plus 141.000 personnes, soit 27.50% de l\u2019ensemble des adh\u00e9rents de la Fondation, \u00e9tabli \u00e0 505.804 personnes. Un pourcentage qui pourrait atteindre 50% \u00e0 l\u2019horizon 2030.<\/p>\n\n\n\n<p>ALM FRIX<\/p>\n","protected":false},"excerpt":{"rendered":"<p>A l\u2019instar de toutes les r\u00e9gions du Royaume ,&nbsp; et en partenariat avec la Caisse marocaine des Retraites&nbsp; (CMR )&nbsp; et la Mutuelle g\u00e9n\u00e9rale&nbsp; de l\u2019Education nationale ( MGEN ) la Fondation Mohammed VI de Promotion des \u0152uvres sociales de l\u2019\u00e9ducation-formation&nbsp; a organis\u00e9 , Samedi 20 Avril 2024, une journ\u00e9e d\u2019accueil&nbsp; et d\u2019information au profit&nbsp; [&hellip;]<\/p>\n","protected":false},"author":4,"featured_media":2003,"comment_status":"open","ping_status":"open","sticky":false,"template":"","format":"standard","meta":{"footnotes":""},"categories":[24,12],"tags":[],"class_list":["post-2002","post","type-post","status-publish","format-standard","has-post-thumbnail","hentry","category-francais","category-economies"],"_links":{"self":[{"href":"https:\/\/pressmedias.ma\/index.php?rest_route=\/wp\/v2\/posts\/2002","targetHints":{"allow":["GET"]}}],"collection":[{"href":"https:\/\/pressmedias.ma\/index.php?rest_route=\/wp\/v2\/posts"}],"about":[{"href":"https:\/\/pressmedias.ma\/index.php?rest_route=\/wp\/v2\/types\/post"}],"author":[{"embeddable":true,"href":"https:\/\/pressmedias.ma\/index.php?rest_route=\/wp\/v2\/users\/4"}],"replies":[{"embeddable":true,"href":"https:\/\/pressmedias.ma\/index.php?rest_route=%2Fwp%2Fv2%2Fcomments&post=2002"}],"version-history":[{"count":1,"href":"https:\/\/pressmedias.ma\/index.php?rest_route=\/wp\/v2\/posts\/2002\/revisions"}],"predecessor-version":[{"id":2004,"href":"https:\/\/pressmedias.ma\/index.php?rest_route=\/wp\/v2\/posts\/2002\/revisions\/2004"}],"wp:featuredmedia":[{"embeddable":true,"href":"https:\/\/pressmedias.ma\/index.php?rest_route=\/wp\/v2\/media\/2003"}],"wp:attachment":[{"href":"https:\/\/pressmedias.ma\/index.php?rest_route=%2Fwp%2Fv2%2Fmedia&parent=2002"}],"wp:term":[{"taxonomy":"category","embeddable":true,"href":"https:\/\/pressmedias.ma\/index.php?rest_route=%2Fwp%2Fv2%2Fcategories&post=2002"},{"taxonomy":"post_tag","embeddable":true,"href":"https:\/\/pressmedias.ma\/index.php?rest_route=%2Fwp%2Fv2%2Ftags&post=2002"}],"curies":[{"name":"wp","href":"https:\/\/api.w.org\/{rel}","templated":true}]}}