{"id":2009,"date":"2024-04-25T14:30:07","date_gmt":"2024-04-25T14:30:07","guid":{"rendered":"https:\/\/pressmedias.ma\/?p=2009"},"modified":"2025-04-17T16:29:05","modified_gmt":"2025-04-17T15:29:05","slug":"le-conseil-regional-et-les-medias-quels-enjeux-pour-linformation-regionale","status":"publish","type":"post","link":"https:\/\/pressmedias.ma\/?p=2009","title":{"rendered":"Le conseil r\u00e9gional et les m\u00e9dias\u00a0: quels enjeux pour l\u2019information r\u00e9gionale\u00a0?"},"content":{"rendered":"\n<p class=\"has-text-align-left\">Sous le th\u00e8me \u00ab&nbsp;Les m\u00e9dias r\u00e9gionaux, un pilier important du plaidoyer pour un d\u00e9veloppement r\u00e9gional int\u00e9gr\u00e9&nbsp;\u00bb, le Conseil r\u00e9gional de Beni Mellal Kh\u00e9nifra,&nbsp; a organis\u00e9 une rencontre de communication, jeudi 28 Mars 2024, \u00e0 la chambre d\u2019Agriculture, \u00e0 Beni Mellal, avec les op\u00e9rateurs m\u00e9diatiques et de presse locaux et r\u00e9gionaux.<\/p>\n\n\n\n<p class=\"has-text-align-left\">Lors de son intervention inaugurale, le pr\u00e9sident du Conseil r\u00e9gional de Beni Mellal Kh\u00e9nifra, Adil Barakat, a soulign\u00e9 que cette rencontre de communication s\u2019inscrit dans le cadre de l\u2019ouverture du conseil sur son environnement ext\u00e9rieur.&nbsp;\u00ab&nbsp; Notre objectif&nbsp; est d\u2019instaurer une bonne communication entre le Conseil r\u00e9gional et les repr\u00e9sentants de la presse locale, r\u00e9gionale et nationale. En outre, nous voudrions bien ouvrir des d\u00e9bats avec toute la composante m\u00e9diatique r\u00e9gionale dans le but de participer au d\u00e9veloppement de notre r\u00e9gion. Cette rencontre est, pour nous, une occasion d\u2019\u00e9couter les dol\u00e9ances de l\u2019\u00e9cosyst\u00e8me m\u00e9diatique qui est pour nous l\u2019un des piliers fondamental de la r\u00e9alisation du d\u00e9veloppement int\u00e9gr\u00e9 r\u00e9gional.&nbsp;\u00bb. Et de s\u2019adresser aux participants &nbsp;\u00e0 cette rencontre \u00ab&nbsp;C\u2019est gr\u00e2ce \u00e0 &nbsp;votre participation et \u00e0 votre soutien que notre r\u00e9gion a&nbsp; concr\u00e9tis\u00e9 d\u2019\u00e9normes progr\u00e8s au niveau de la r\u00e9alisation de projets structurants, d\u2019investissements\u2026Votre accompagnement est pour le Conseil r\u00e9gional une aide appr\u00e9ciable. Ainsi, nous ambitionnons de donner naissance \u00e0 \u00ab&nbsp;Dar Essahafa&nbsp;\u00bb et&nbsp; \u00e0 une station&nbsp; Radio r\u00e9gionale&nbsp;\u00e0 Beni Mellal et dans toutes les provinces relevant de la r\u00e9gion de Beni Mellal Kh\u00e9nifra pour insuffler une nouvelle dynamique \u00e0 l\u2019\u00e9chiquier m\u00e9diatique et de communication. C\u2019est gr\u00e2ce \u00e0 vous que nous mettrons l\u2019accent sur les probl\u00e8mes&nbsp; propres \u00e0 chaque&nbsp; province relevant de la r\u00e9gion en vue d\u2019\u00e9laborer un diagnostic et une strat\u00e9gie&nbsp; \u00e0 m\u00eame&nbsp; de&nbsp; r\u00e9aliser les objectifs escompt\u00e9s.&nbsp;\u00bb a d\u00e9clar\u00e9 M Barakat.<\/p>\n\n\n\n<p class=\"has-text-align-left\">Pour sa part, un journaliste a fait savoir que \u00ab&nbsp;Cette rencontre de communication est une occasion de d\u00e9battre avec le pr\u00e9sident et les membres du Conseil r\u00e9gional de Beni Mellal Kh\u00e9nifra&nbsp; les attentes du corps m\u00e9diatique. Si les m\u00e9dias r\u00e9gionaux sont un pilier essentiel du plaidoyer&nbsp; pour un d\u00e9veloppement r\u00e9gional int\u00e9gr\u00e9, quelles sont les mesures que doit prendre le conseil r\u00e9gional pour soutenir et accompagner le corps m\u00e9diatique pour qu\u2019il soit plus performant&nbsp;?&nbsp;\u00bb.<\/p>\n\n\n\n<p class=\"has-text-align-left\">Notons que lors de cette rencontre de communication, il a \u00e9t\u00e9 proc\u00e9d\u00e9 \u00e0 la projection &nbsp;d\u2019un documentaire sur les projets r\u00e9alis\u00e9s au niveau des provinces de Beni Mellal, Kh\u00e9nifra, Azilal , Fkih Ben Salah et khouribga. Et lors du d\u00e9bat, les interventions des diff\u00e9rents repr\u00e9sentants de la presse r\u00e9gionale et nationale et des membres du conseil r\u00e9gional &nbsp;ont&nbsp; mis l\u2019accent sur l\u2019\u00e9tablissement d\u2019une bonne communication entre&nbsp; les m\u00e9dias et le conseil r\u00e9gional et sur une \u00e9ventuelle signature &nbsp;d\u2019une convention de partenariat entre les deux parties prenantes. Les recommandations qui ont \u00e9t\u00e9 \u00e9labor\u00e9es ont port\u00e9, entre autres, sur le d\u00e9senclavement des r\u00e9gions montagneuses, l\u2019eau potable, l\u2019\u00e9lectrification des douars, le secteur de la sant\u00e9, la r\u00e9habilitation des centres ruraux, les zones industrielles et les entr\u00e9es des villes, le secteur du sport\u2026Au terme de cette rencontre, quelques journalistes ont \u00e9t\u00e9 honor\u00e9s et des attestations leur ont \u00e9t\u00e9 d\u00e9cern\u00e9es.<\/p>\n\n\n\n<p class=\"has-text-align-left\"><strong>SAID FRIX ALM<\/strong><\/p>\n","protected":false},"excerpt":{"rendered":"<p>Sous le th\u00e8me \u00ab&nbsp;Les m\u00e9dias r\u00e9gionaux, un pilier important du plaidoyer pour un d\u00e9veloppement r\u00e9gional int\u00e9gr\u00e9&nbsp;\u00bb, le Conseil r\u00e9gional de Beni Mellal Kh\u00e9nifra,&nbsp; a organis\u00e9 une rencontre de communication, jeudi 28 Mars 2024, \u00e0 la chambre d\u2019Agriculture, \u00e0 Beni Mellal, avec les op\u00e9rateurs m\u00e9diatiques et de presse locaux et r\u00e9gionaux. Lors de son intervention inaugurale, [&hellip;]<\/p>\n","protected":false},"author":4,"featured_media":2010,"comment_status":"open","ping_status":"open","sticky":false,"template":"","format":"standard","meta":{"footnotes":""},"categories":[24,12],"tags":[],"class_list":["post-2009","post","type-post","status-publish","format-standard","has-post-thumbnail","hentry","category-francais","category-economies"],"_links":{"self":[{"href":"https:\/\/pressmedias.ma\/index.php?rest_route=\/wp\/v2\/posts\/2009","targetHints":{"allow":["GET"]}}],"collection":[{"href":"https:\/\/pressmedias.ma\/index.php?rest_route=\/wp\/v2\/posts"}],"about":[{"href":"https:\/\/pressmedias.ma\/index.php?rest_route=\/wp\/v2\/types\/post"}],"author":[{"embeddable":true,"href":"https:\/\/pressmedias.ma\/index.php?rest_route=\/wp\/v2\/users\/4"}],"replies":[{"embeddable":true,"href":"https:\/\/pressmedias.ma\/index.php?rest_route=%2Fwp%2Fv2%2Fcomments&post=2009"}],"version-history":[{"count":1,"href":"https:\/\/pressmedias.ma\/index.php?rest_route=\/wp\/v2\/posts\/2009\/revisions"}],"predecessor-version":[{"id":2011,"href":"https:\/\/pressmedias.ma\/index.php?rest_route=\/wp\/v2\/posts\/2009\/revisions\/2011"}],"wp:featuredmedia":[{"embeddable":true,"href":"https:\/\/pressmedias.ma\/index.php?rest_route=\/wp\/v2\/media\/2010"}],"wp:attachment":[{"href":"https:\/\/pressmedias.ma\/index.php?rest_route=%2Fwp%2Fv2%2Fmedia&parent=2009"}],"wp:term":[{"taxonomy":"category","embeddable":true,"href":"https:\/\/pressmedias.ma\/index.php?rest_route=%2Fwp%2Fv2%2Fcategories&post=2009"},{"taxonomy":"post_tag","embeddable":true,"href":"https:\/\/pressmedias.ma\/index.php?rest_route=%2Fwp%2Fv2%2Ftags&post=2009"}],"curies":[{"name":"wp","href":"https:\/\/api.w.org\/{rel}","templated":true}]}}