{"id":2019,"date":"2024-05-04T23:43:40","date_gmt":"2024-05-04T23:43:40","guid":{"rendered":"https:\/\/pressmedias.ma\/?p=2019"},"modified":"2025-04-17T16:29:46","modified_gmt":"2025-04-17T15:29:46","slug":"communique-de-presse-2","status":"publish","type":"post","link":"https:\/\/pressmedias.ma\/?p=2019","title":{"rendered":"Communiqu\u00e9 de presse"},"content":{"rendered":"\n<p class=\"has-text-align-left\">Dans le cadre de la poursuite de &nbsp;l\u2019am\u00e9nagement des infrastructures sanitaires appropri\u00e9es \u00e0 la mise en \u0153uvre &nbsp;du chantier Royal relatif \u00e0 la &nbsp;g\u00e9n\u00e9ralisation &nbsp;de la couverture sanitaire int\u00e9grale et de la protection sociale, notamment en ce qui concerne la construction, la r\u00e9habilitation et &nbsp;l\u2019am\u00e9nagement des \u00e9tablissements de soins de sant\u00e9 primaire, le Ministre de la Sant\u00e9 et de la Protection Sociale, le Professeur Khaled Ait Taleb,&nbsp; a proc\u00e9d\u00e9 , \u00e0 Afourer, , au lancement des services de 20 centres de sant\u00e9 urbains et ruraux, du premier et du deuxi\u00e8me niveaux, &nbsp;aux provinces de la r\u00e9gion, . Il s\u2019agit &nbsp;de 10 \u00e9tablissements sanitaires \u00e0 la province d\u2019Azilal, et &nbsp;et 11 \u00e0 &nbsp;la province Beni Mellal.<\/p>\n\n\n\n<p class=\"has-text-align-left\">Au niveau de la province d\u2019Azilal, les services de 10 \u00e9tablissements de sant\u00e9 ont \u00e9t\u00e9 lanc\u00e9s, dont les centres de sant\u00e9 ruraux de premier niveau \u00ab Ait Guirt \u00bb, \u00abAnergui \u00bb, \u00ab Iwaridan \u00bb et \u00ab Tiferet Nait Hamza \u00bb, en plus du centres de sant\u00e9 ruraux de deuxi\u00e8me niveau, \u00ab Afourar \u00bb, \u00ab taglaft \u00bb et \u00ab Zawia Ahansal \u00bb, ainsi que trois dispensaires &nbsp;ruraux, \u00e0 savoir \u00ab Tanfarda \u00bb, \u00ab Sidi Aami Ben Brahim \u00bb et \u00ab Laouina<\/p>\n\n\n\n<p class=\"has-text-align-left\">Dans la province de &nbsp;Beni Mellal, 11 &nbsp;\u00e9tablissements&nbsp;sanitaires ouvriront leurs portes pour offrir leurs services \u00e0 la population cibl\u00e9e. Ces institutions sanitaires &nbsp;concernent les deux centres de sant\u00e9 urbains, premier niveau, \u00ab Imhaouch \u00bb et \u00ab Ait Echo \u00bb, et les deux centres de sant\u00e9 ruraux, premier niveau, \u00ab Bouteferda \u00bb et \u00ab Foum Oudi \u00bb, &nbsp;en plus des centres de sant\u00e9 ruraux, deuxi\u00e8me niveau. , \u00ab Tagzirht \u00bb, \u00ab Naour \u00bb, \u00ab Aghbala \u00bb et \u00ab Tizi nisli \u00bb, &nbsp;et &nbsp;les &nbsp;dispensaires ruraux &nbsp;\u00ab Ben Cherrou \u00bb, \u00ab Friata \u00bb et \u00ab Taghazout \u00bb.<\/p>\n\n\n\n<p class=\"has-text-align-left\">Ainsi ,le lancement des services de ces \u00e9tablissements sanitaires s&rsquo;inscrit dans le cadre d&rsquo;une politique de r\u00e9habilitation et d&rsquo;\u00e9quipement des \u00e9tablissements publics de sant\u00e9, &nbsp;conform\u00e9ment&nbsp; aux &nbsp;hautes instructions royales &nbsp;relatives \u00e0 la r\u00e9alisation d\u2019 une r\u00e9forme radicale et profonde du syst\u00e8me national de sant\u00e9 afin de cr\u00e9er les conditions propices \u00e0 la mise en \u0153uvre &nbsp;du chantier de la g\u00e9n\u00e9ralisation de la couverture sanitaire globale et de la protection sociale.<\/p>\n\n\n\n<p class=\"has-text-align-left\">Ces \u00e9tablissements de sant\u00e9, qui s&rsquo;inscrivent dans la nouvelle g\u00e9n\u00e9ration des \u00e9tablissements de soins de sant\u00e9 primaires, offriront divers services de sant\u00e9 et une gamme de traitements comprenant notamment&nbsp;: Consultations m\u00e9dicales g\u00e9n\u00e9rales et des &nbsp;traitements en plus du suivi des maladies chroniques, notamment du diab\u00e8te et de l&rsquo;hypertension art\u00e9rielle, ainsi que la sant\u00e9 maternelle et infantile, la sant\u00e9 scolaire et &nbsp;les &nbsp;services de sensibilisation et d&rsquo;\u00e9ducation &nbsp;pour la sant\u00e9.<\/p>\n\n\n\n<p class=\"has-text-align-left\">Ces centres de sant\u00e9 visent \u00e0 valoriser l&rsquo;offre de sant\u00e9 au niveau des r\u00e9gions de Beni Mellal-Kh\u00e9nifra, et \u00e0 rapprocher les services de sant\u00e9 des citoyens et citoyennes cibl\u00e9s par leurs services.<\/p>\n\n\n\n<p class=\"has-text-align-left\">Il convient de noter que le Minist\u00e8re de la Sant\u00e9 et de la Protection Sociale a \u0153uvr\u00e9 \u00e0 &nbsp;la mobilisation des ressources humaines qualifi\u00e9es qui assureront la fourniture des services m\u00e9dicaux et th\u00e9rapeutiques au b\u00e9n\u00e9fice de la population. Le Minist\u00e8re a \u00e9galement \u0153uvr\u00e9 \u00e0 moderniser et \u00e9quiper ces \u00e9tablissements de sant\u00e9 en &nbsp;fournitures et \u00e9quipements biom\u00e9dicaux de haute qualit\u00e9.<\/p>\n\n\n\n<p class=\"has-text-align-left\">SAID &nbsp;FRIX&nbsp; ALM<\/p>\n","protected":false},"excerpt":{"rendered":"<p>Dans le cadre de la poursuite de &nbsp;l\u2019am\u00e9nagement des infrastructures sanitaires appropri\u00e9es \u00e0 la mise en \u0153uvre &nbsp;du chantier Royal relatif \u00e0 la &nbsp;g\u00e9n\u00e9ralisation &nbsp;de la couverture sanitaire int\u00e9grale et de la protection sociale, notamment en ce qui concerne la construction, la r\u00e9habilitation et &nbsp;l\u2019am\u00e9nagement des \u00e9tablissements de soins de sant\u00e9 primaire, le Ministre de [&hellip;]<\/p>\n","protected":false},"author":4,"featured_media":2020,"comment_status":"open","ping_status":"open","sticky":false,"template":"","format":"standard","meta":{"footnotes":""},"categories":[24,1],"tags":[],"class_list":["post-2019","post","type-post","status-publish","format-standard","has-post-thumbnail","hentry","category-francais","category-1"],"_links":{"self":[{"href":"https:\/\/pressmedias.ma\/index.php?rest_route=\/wp\/v2\/posts\/2019","targetHints":{"allow":["GET"]}}],"collection":[{"href":"https:\/\/pressmedias.ma\/index.php?rest_route=\/wp\/v2\/posts"}],"about":[{"href":"https:\/\/pressmedias.ma\/index.php?rest_route=\/wp\/v2\/types\/post"}],"author":[{"embeddable":true,"href":"https:\/\/pressmedias.ma\/index.php?rest_route=\/wp\/v2\/users\/4"}],"replies":[{"embeddable":true,"href":"https:\/\/pressmedias.ma\/index.php?rest_route=%2Fwp%2Fv2%2Fcomments&post=2019"}],"version-history":[{"count":1,"href":"https:\/\/pressmedias.ma\/index.php?rest_route=\/wp\/v2\/posts\/2019\/revisions"}],"predecessor-version":[{"id":2021,"href":"https:\/\/pressmedias.ma\/index.php?rest_route=\/wp\/v2\/posts\/2019\/revisions\/2021"}],"wp:featuredmedia":[{"embeddable":true,"href":"https:\/\/pressmedias.ma\/index.php?rest_route=\/wp\/v2\/media\/2020"}],"wp:attachment":[{"href":"https:\/\/pressmedias.ma\/index.php?rest_route=%2Fwp%2Fv2%2Fmedia&parent=2019"}],"wp:term":[{"taxonomy":"category","embeddable":true,"href":"https:\/\/pressmedias.ma\/index.php?rest_route=%2Fwp%2Fv2%2Fcategories&post=2019"},{"taxonomy":"post_tag","embeddable":true,"href":"https:\/\/pressmedias.ma\/index.php?rest_route=%2Fwp%2Fv2%2Ftags&post=2019"}],"curies":[{"name":"wp","href":"https:\/\/api.w.org\/{rel}","templated":true}]}}