{"id":2023,"date":"2024-05-06T18:21:07","date_gmt":"2024-05-06T18:21:07","guid":{"rendered":"https:\/\/pressmedias.ma\/?p=2023"},"modified":"2025-04-17T16:29:04","modified_gmt":"2025-04-17T15:29:04","slug":"londh-des-mesures-pour-la-realisation-dun-developpement-durable","status":"publish","type":"post","link":"https:\/\/pressmedias.ma\/?p=2023","title":{"rendered":"L\u2019ONDH\u00a0: des mesures pour la r\u00e9alisation d\u2019un d\u00e9veloppement durable"},"content":{"rendered":"\n<p class=\"has-text-align-left\">Au si\u00e8ge de la wilaya, \u00e0 Beni Mellal, il a \u00e9t\u00e9 proc\u00e9d\u00e9 \u00e0 la signature d\u2019une convention de partenariat, Lundi 22 Avril 2024, entre l\u2019Observatoire national du d\u00e9veloppement humain (ONDH) et le Comit\u00e9 r\u00e9gional du D\u00e9veloppement humain R\u00e9gion de Beni Mellal kh\u00e9nifra (CRDH) dans le but de r\u00e9aliser &nbsp;des \u00e9tudes de terrain pour glaner des donn\u00e9es autour des familles au niveau de Beni Mellal Kh\u00e9nifra.<\/p>\n\n\n\n<p class=\"has-text-align-left\">Lors de son mot d\u2019ouverture, le Wali de la r\u00e9gion Beni Mellal kh\u00e9nifra et Gouverneur de la province de Beni Mellal, Khatib El H\u00e9bil a mis en exergue&nbsp; les attributions de l\u2019Observatoire national du d\u00e9veloppement humain et les objectifs que s\u2019assigne la signature de cette convention de partenariat tout en ajoutant que \u00ab&nbsp;L\u2019objectif \u00e9tant de rassembler des donn\u00e9es&nbsp; autour des familles au niveau r\u00e9gional. A cette occasion, je rends un vibrant hommage \u00e0 l\u2019Observatoire pr\u00e9cit\u00e9, cr\u00e9e en 2006, pour les efforts qu\u2019il d\u00e9ploie &nbsp;dans l\u2019\u00e9laboration des indices&nbsp; et l\u2019\u00e9valuation de l\u2019impact des projets, programmes et actions en mati\u00e8re de d\u00e9veloppement humain. L\u2019INDH est un projet Royal&nbsp; de grande envergure dont le coup d\u2019envoi a \u00e9t\u00e9 donn\u00e9 par le Souverain le 18\/5\/2005. C\u2019est un projet qui a pour objectif d\u2019affermir la philosophie des partenariats, de l\u2019approche participative, de la responsabilit\u00e9 de la solidarit\u00e9 et du soutien des familles en situation de pr\u00e9carit\u00e9 ou d\u2019exclusion sociale en milieu rural et urbain. Ce projet Royal a concr\u00e9tis\u00e9 un grand nombre de r\u00e9alisations dans divers domaines. Ainsi , notre r\u00e9gion regorge de potentialit\u00e9s&nbsp; humaines , naturelles , touristiques, agricoles \u2026.Cependant , des indices sociaux laissent beaucoup \u00e0 d\u00e9sirer \u00e0 cause de la pr\u00e9carit\u00e9 d\u2019une tranche de citoyens dans la mesure o\u00f9 selon le recensement de 2014 , le taux de pauvret\u00e9&nbsp; au niveau r\u00e9gional a \u00e9t\u00e9 de 13,4% ( 8,2% au niveau national ) au moment o\u00f9 le taux d\u2019analphab\u00e9tisme \u00e0 la r\u00e9gion de Beni Mellal kh\u00e9nifra a atteint 39% ( 32% au niveau national ) . En outre, le taux du ch\u00f4mage des jeunes dipl\u00f4m\u00e9s \u00e0 Beni Mellal kh\u00e9nifra est de 26% (23% au niveau national). \u2026&nbsp;\u00bb<\/p>\n\n\n\n<p class=\"has-text-align-left\">Et d\u2019ajouter \u00ab&nbsp;Devant cette situation, des efforts consid\u00e9rables ont \u00e9t\u00e9 conjugu\u00e9s par l\u2019INDH, le programme de la r\u00e9duction des disparit\u00e9s sociales, les conseils \u00e9lus \u2026en vue d\u2019am\u00e9liorer le mode de vie des citoyens et d\u2019augmenter les indices du d\u00e9veloppement. Gr\u00e2ce \u00e0 l\u2019intervention de toutes les parties prenantes et des partenaires il a \u00e9t\u00e9 proc\u00e9d\u00e9 \u00e0 la r\u00e9alisation &nbsp;&nbsp;d\u2019un grand nombre de projets ,au cours de la troisi\u00e8me \u00e9tape de l\u2019INDH 2019\/2023, avec une enveloppe budg\u00e9taire d\u2019environ 2,25MMDH et dont la contribution de l\u2019INDH a \u00e9t\u00e9 de 80%. Donc pour aller de l\u2019avant , il a \u00e9t\u00e9 proc\u00e9d\u00e9 , aujourd\u2019hui, \u00e0 la signature de cette convention de partenariat dans le but de mettre l\u2019accent sur la n\u00e9cessit\u00e9 de rassembler des donn\u00e9es relatives aux familles au niveau de Beni Mellal kh\u00e9nifra en vue de donner naissance \u00e0 une bonne&nbsp; planification \u00e0 m\u00eame de r\u00e9aliser les objectifs escompt\u00e9s\u2026&nbsp;\u00bb<\/p>\n\n\n\n<p class=\"has-text-align-left\">Pour sa part, le pr\u00e9sident de l\u2019Observatoire national de d\u00e9veloppement humain a soulign\u00e9 que \u00ab Cette convention de partenariat vise l\u2019accompagnement des organes de la gouvernance de l\u2019INDH sur le plan territorial pour \u00e9laborer des recherches de terrain, rassembler&nbsp; et traiter des donn\u00e9es d\u00e9mographiques et sanitaires relatives aux familles, aux personnes en situation de pr\u00e9carit\u00e9 ainsi que l\u2019apprentissage des enfants , les situations professionnelles\u2026&nbsp;\u00bb<\/p>\n\n\n\n<p class=\"has-text-align-left\">Said frix&nbsp; ALM<\/p>\n","protected":false},"excerpt":{"rendered":"<p>Au si\u00e8ge de la wilaya, \u00e0 Beni Mellal, il a \u00e9t\u00e9 proc\u00e9d\u00e9 \u00e0 la signature d\u2019une convention de partenariat, Lundi 22 Avril 2024, entre l\u2019Observatoire national du d\u00e9veloppement humain (ONDH) et le Comit\u00e9 r\u00e9gional du D\u00e9veloppement humain R\u00e9gion de Beni Mellal kh\u00e9nifra (CRDH) dans le but de r\u00e9aliser &nbsp;des \u00e9tudes de terrain pour glaner des [&hellip;]<\/p>\n","protected":false},"author":4,"featured_media":2010,"comment_status":"open","ping_status":"open","sticky":false,"template":"","format":"standard","meta":{"footnotes":""},"categories":[24,12],"tags":[],"class_list":["post-2023","post","type-post","status-publish","format-standard","has-post-thumbnail","hentry","category-francais","category-economies"],"_links":{"self":[{"href":"https:\/\/pressmedias.ma\/index.php?rest_route=\/wp\/v2\/posts\/2023","targetHints":{"allow":["GET"]}}],"collection":[{"href":"https:\/\/pressmedias.ma\/index.php?rest_route=\/wp\/v2\/posts"}],"about":[{"href":"https:\/\/pressmedias.ma\/index.php?rest_route=\/wp\/v2\/types\/post"}],"author":[{"embeddable":true,"href":"https:\/\/pressmedias.ma\/index.php?rest_route=\/wp\/v2\/users\/4"}],"replies":[{"embeddable":true,"href":"https:\/\/pressmedias.ma\/index.php?rest_route=%2Fwp%2Fv2%2Fcomments&post=2023"}],"version-history":[{"count":1,"href":"https:\/\/pressmedias.ma\/index.php?rest_route=\/wp\/v2\/posts\/2023\/revisions"}],"predecessor-version":[{"id":2024,"href":"https:\/\/pressmedias.ma\/index.php?rest_route=\/wp\/v2\/posts\/2023\/revisions\/2024"}],"wp:featuredmedia":[{"embeddable":true,"href":"https:\/\/pressmedias.ma\/index.php?rest_route=\/wp\/v2\/media\/2010"}],"wp:attachment":[{"href":"https:\/\/pressmedias.ma\/index.php?rest_route=%2Fwp%2Fv2%2Fmedia&parent=2023"}],"wp:term":[{"taxonomy":"category","embeddable":true,"href":"https:\/\/pressmedias.ma\/index.php?rest_route=%2Fwp%2Fv2%2Fcategories&post=2023"},{"taxonomy":"post_tag","embeddable":true,"href":"https:\/\/pressmedias.ma\/index.php?rest_route=%2Fwp%2Fv2%2Ftags&post=2023"}],"curies":[{"name":"wp","href":"https:\/\/api.w.org\/{rel}","templated":true}]}}