{"id":2035,"date":"2024-05-09T11:10:09","date_gmt":"2024-05-09T11:10:09","guid":{"rendered":"https:\/\/pressmedias.ma\/?p=2035"},"modified":"2025-04-17T16:29:04","modified_gmt":"2025-04-17T15:29:04","slug":"lart-oratoire-un-pilier-pedagogique-fondamental","status":"publish","type":"post","link":"https:\/\/pressmedias.ma\/?p=2035","title":{"rendered":"L\u2019art oratoire, un pilier p\u00e9dagogique fondamental"},"content":{"rendered":"\n<p class=\"has-text-align-left\">Sous le th\u00e8me \u00ab&nbsp; l\u2019art oratoire un pilier fondamental &nbsp;pour une \u00e9cole de qualit\u00e9&nbsp;\u00bb&nbsp; et&nbsp; en pr\u00e9sence de Fouad Chafiki inspecteur g\u00e9n\u00e9ral des affaires p\u00e9dagogiques , Aziz Kichouh, secr\u00e9taire g\u00e9n\u00e9ral du Conseil sup\u00e9rieur de l\u2019\u00e9ducation, de la formation et de la recherche scientifique, des repr\u00e9sentants du minist\u00e8re, M. Mustapha Eslifani , Directeur de l\u2019Acad\u00e9mie R\u00e9gionale de l\u2019Education et de la Formation de la r\u00e9gion de Beni Mellal-Kh\u00e9nifra, (AREF )&nbsp; a pr\u00e9sid\u00e9, le samedi 27 avril 2024, la c\u00e9r\u00e9monie de cl\u00f4ture des activit\u00e9s de la cinqui\u00e8me session&nbsp; de l\u2019art oratoire, qui a \u00e9t\u00e9 organis\u00e9e par l\u2019Acad\u00e9mie R\u00e9gionale de l\u2019Education et de la Formation de la r\u00e9gion de Beni Mellal-Khenifra, &nbsp;pendant &nbsp;les journ\u00e9es&nbsp; du 25 , 26 et 27avril 2024.<\/p>\n\n\n\n<p class=\"has-text-align-left\">Il est \u00e0 noter que ce festival \u00e9ducatif, organis\u00e9 par l\u2019Acad\u00e9mie r\u00e9gionale de l\u2019\u00e9ducation et de la formation de la r\u00e9gion de Beni Mellal-Kh\u00e9nifra, pour la cinqui\u00e8me fois, se pr\u00e9sente comme &nbsp;un affermissement &nbsp;des activit\u00e9s de la vie scolaire dans les domaines culturel et artistique entre les acad\u00e9mies r\u00e9gionales de l\u2019\u00e9ducation et de formation qui vise \u00e0 fournir aux apprenants des comp\u00e9tences linguistiques et rh\u00e9toriques, \u00e0 \u00e9changer des exp\u00e9riences et des expertises, et \u00e0 &nbsp;organiser une sorte de comp\u00e9tition entre de nombreuses \u00e9nergies de toutes les r\u00e9gions du Royaume, pour mettre en valeur les capacit\u00e9s et les talents des \u00e9tablissements d\u2019enseignement, dans le but de les affiner, de les motiver et de les mettre \u00e0 niveau.<\/p>\n\n\n\n<p class=\"has-text-align-left\">Cette comp\u00e9tition est &nbsp;consid\u00e9r\u00e9e \u00e9galement &nbsp;comme un point d\u2019entr\u00e9e fondamental pour l\u2019acquisition et la ma\u00eetrise des langues, &nbsp;tout en jouissant de leurs horizons culturels et civilisationnels, et une occasion de valoriser le capital humain, en rendant les apprenants capables de communiquer et de s\u2019int\u00e9grer par le d\u00e9veloppement de &nbsp;leurs capacit\u00e9s expressives et &nbsp;l\u2019\u00e9largissement de &nbsp;l\u2019espace de leur culture g\u00e9n\u00e9rale.<\/p>\n\n\n\n<p class=\"has-text-align-left\">Le directeur de l\u2019Acad\u00e9mie a not\u00e9 les efforts consentis par les cadres administratifs et \u00e9ducatifs, et les membres des comit\u00e9s d\u2019arbitrage aux niveaux national, r\u00e9gional, provincial et local, et leur implication s\u00e9rieuse et responsable dans la r\u00e9ussite des diff\u00e9rentes &nbsp;\u00e9tapes de ce prix national, avec la participation active des &nbsp;\u00e9l\u00e8ves, et la contribution des diff\u00e9rentes autorit\u00e9s et partenaires pour &nbsp;que &nbsp;le syst\u00e8me \u00e9ducatif aille de l\u2019avant .<\/p>\n\n\n\n<p class=\"has-text-align-left\">Les d\u00e9lib\u00e9rations ont abouti aux r\u00e9sultats suivants&nbsp;: le premier prix, en langue arabe, a \u00e9t\u00e9 remport\u00e9 par Hajar Taghrbit de l\u2019AREF de l\u2019Oriental, le deuxi\u00e8me prix, toujours en langue &nbsp;arabe est attribu\u00e9 \u00e0 Hanane Oumoujane de l\u2019AREF de F\u00e8s-Mekn\u00e8s. En langue Amazighe, le premier et deuxi\u00e8me &nbsp;prix &nbsp;ont \u00e9t\u00e9 remport\u00e9s respectivement par &nbsp;Asma Aouni de l\u2019AREF de Beni Mellal Kh\u00e9nifra &nbsp;et Larbi Oukdim de l\u2019AREF r\u00e9gion Rabat Sal\u00e9 K\u00e9nitra. En langue fran\u00e7aise, c\u2019est l\u2019\u00e9l\u00e8ve Meriem Katmiri &nbsp;de &nbsp;AREF Beni Mellal kh\u00e9nifra qui a eu le premier prix suivie de Sara Kaliz de AREF r\u00e9gion Casablanca \u2013Settat. En anglais, le premier et deuxi\u00e8me prix ont \u00e9t\u00e9 respectivement attribu\u00e9s \u00e0 Anas Zouzi de l\u2019AREF Marrakech \u2013Safi et \u00e0 Lina Moustaid de l\u2019AREF de Casablanca-Settat. En langue espagnole, c\u2019est l\u2019\u00e9l\u00e8ve Maroua El Bakri de la R\u00e9gion de Draa-Tafilalet qui a eu le premier prix suivie de Rania Kajouiide l\u2019AREF de l\u2019Oriental. Enfin, au niveau de la cat\u00e9gorie des \u00e9l\u00e8ves en situation de handicap , le premier prix est attribu\u00e9 \u00e0 Oumaima Achani de la r\u00e9gion Sous Massa Draa et le deuxi\u00e8me a \u00e9t\u00e9 remport\u00e9 par Ghassane Jouije de l\u2019AREF de la r\u00e9gion Marrakech -Safi<\/p>\n\n\n\n<p class=\"has-text-align-left\">Notons que cette c\u00e9r\u00e9monie s\u2019est d\u00e9roul\u00e9e aussi en pr\u00e9sence des repr\u00e9sentants du Minist\u00e8re de tutelle ,des directeurs r\u00e9gionaux, du directeur du Centre r\u00e9gional des m\u00e9tiers de l\u2019\u00e9ducation et de la formation, des repr\u00e9sentants des collectivit\u00e9s territoriales et des services de s\u00e9curit\u00e9, ainsi que des invit\u00e9s de diff\u00e9rents services ext\u00e9rieurs, les &nbsp;acteurs civils, les chefs de d\u00e9partement de l\u2019Acad\u00e9mie, les repr\u00e9sentants des associations de m\u00e8res, de p\u00e8res et de tuteurs d\u2019\u00e9l\u00e8ves, du Conseil d\u2019administration, les repr\u00e9sentants des acad\u00e9mies r\u00e9gionales d\u2019\u00e9ducation et de formation participantes, les membres des comit\u00e9s nationaux d\u2019arbitrage, les inspecteurs charg\u00e9s de la coordination des &nbsp;inspections r\u00e9gionales, les \u00e9tudiants et \u00e9l\u00e8ves laur\u00e9ats et leurs cadres, les repr\u00e9sentants &nbsp;de la presse r\u00e9gionale et nationale\u2026<\/p>\n\n\n\n<p class=\"has-text-align-left\">SAID FRIX &nbsp;ALM<\/p>\n","protected":false},"excerpt":{"rendered":"<p>Sous le th\u00e8me \u00ab&nbsp; l\u2019art oratoire un pilier fondamental &nbsp;pour une \u00e9cole de qualit\u00e9&nbsp;\u00bb&nbsp; et&nbsp; en pr\u00e9sence de Fouad Chafiki inspecteur g\u00e9n\u00e9ral des affaires p\u00e9dagogiques , Aziz Kichouh, secr\u00e9taire g\u00e9n\u00e9ral du Conseil sup\u00e9rieur de l\u2019\u00e9ducation, de la formation et de la recherche scientifique, des repr\u00e9sentants du minist\u00e8re, M. Mustapha Eslifani , Directeur de l\u2019Acad\u00e9mie R\u00e9gionale [&hellip;]<\/p>\n","protected":false},"author":4,"featured_media":2036,"comment_status":"open","ping_status":"open","sticky":false,"template":"","format":"standard","meta":{"footnotes":""},"categories":[24,13],"tags":[],"class_list":["post-2035","post","type-post","status-publish","format-standard","has-post-thumbnail","hentry","category-francais","category-technologia"],"_links":{"self":[{"href":"https:\/\/pressmedias.ma\/index.php?rest_route=\/wp\/v2\/posts\/2035","targetHints":{"allow":["GET"]}}],"collection":[{"href":"https:\/\/pressmedias.ma\/index.php?rest_route=\/wp\/v2\/posts"}],"about":[{"href":"https:\/\/pressmedias.ma\/index.php?rest_route=\/wp\/v2\/types\/post"}],"author":[{"embeddable":true,"href":"https:\/\/pressmedias.ma\/index.php?rest_route=\/wp\/v2\/users\/4"}],"replies":[{"embeddable":true,"href":"https:\/\/pressmedias.ma\/index.php?rest_route=%2Fwp%2Fv2%2Fcomments&post=2035"}],"version-history":[{"count":1,"href":"https:\/\/pressmedias.ma\/index.php?rest_route=\/wp\/v2\/posts\/2035\/revisions"}],"predecessor-version":[{"id":2037,"href":"https:\/\/pressmedias.ma\/index.php?rest_route=\/wp\/v2\/posts\/2035\/revisions\/2037"}],"wp:featuredmedia":[{"embeddable":true,"href":"https:\/\/pressmedias.ma\/index.php?rest_route=\/wp\/v2\/media\/2036"}],"wp:attachment":[{"href":"https:\/\/pressmedias.ma\/index.php?rest_route=%2Fwp%2Fv2%2Fmedia&parent=2035"}],"wp:term":[{"taxonomy":"category","embeddable":true,"href":"https:\/\/pressmedias.ma\/index.php?rest_route=%2Fwp%2Fv2%2Fcategories&post=2035"},{"taxonomy":"post_tag","embeddable":true,"href":"https:\/\/pressmedias.ma\/index.php?rest_route=%2Fwp%2Fv2%2Ftags&post=2035"}],"curies":[{"name":"wp","href":"https:\/\/api.w.org\/{rel}","templated":true}]}}