{"id":2047,"date":"2024-05-13T19:08:41","date_gmt":"2024-05-13T19:08:41","guid":{"rendered":"https:\/\/pressmedias.ma\/?p=2047"},"modified":"2025-04-17T16:29:03","modified_gmt":"2025-04-17T15:29:03","slug":"renforcement-des-infrastructures-sportives-et-rehabilitation-des-routes-et-des-quartiers-de-beni-mellal","status":"publish","type":"post","link":"https:\/\/pressmedias.ma\/?p=2047","title":{"rendered":"Renforcement des infrastructures sportives et r\u00e9habilitation des routes et des quartiers de Beni Mellal"},"content":{"rendered":"\n<p class=\"has-text-align-left\"><strong>En pr\u00e9sence du vice-pr\u00e9sident du conseil r\u00e9gional, du repr\u00e9sentant de la F\u00e9d\u00e9ration royale marocaine de football, du pr\u00e9sident du conseil r\u00e9gional, du pr\u00e9sident de la commune territoriale de Beni Mellal, des \u00e9lus, des chefs des services d\u00e9centralis\u00e9s et des services de s\u00e9curit\u00e9, Le Wali de la r\u00e9gion Beni Mellal Kh\u00e9nifra et Gouverneur de la province de Beni Mellal , Khatib El H\u00e9bil&nbsp; a inaugur\u00e9, mercredi 24 Avril 2024, \u00e0 Beni Mellal, le stade de football Amria qui a fait l&rsquo;objet d&rsquo;une op\u00e9ration de r\u00e9habilitation et de mise \u00e0 niveau, et&nbsp; a proc\u00e9d\u00e9 au lancement des travaux de r\u00e9habilitation des routes et des quartiers de la ville pour un co\u00fbt global de l&rsquo;ordre de 32 millions de dirhams.<\/strong><\/p>\n\n\n\n<h2 class=\"wp-block-heading has-text-align-left\">Dans le cadre du renforcement des infrastructures sportives et de la cr\u00e9ation d&rsquo;\u00e9quipements et d&rsquo;espaces adapt\u00e9s \u00e0 la pratique du football, il a \u00e9t\u00e9 proc\u00e9d\u00e9 \u00e0 la r\u00e9habilitation du stade de football Amria comprenant la pose d&rsquo;un gazon synth\u00e9tique, l&rsquo;installation et la fixation de la barri\u00e8re de protection sur le terrain, ainsi que la pr\u00e9paration et l\u2019am\u00e9nagement&nbsp; du stade (pr\u00e9paration des tribunes, am\u00e9nagement&nbsp; des sanitaires et des entrep\u00f4ts,&#8230;). Ces travaux,&nbsp; dont l\u2019enveloppe budg\u00e9taire a \u00e9t\u00e9 de 8MDH,&nbsp;&nbsp; ont \u00e9t\u00e9&nbsp; r\u00e9alis\u00e9s en partenariat entre la F\u00e9d\u00e9ration Royale marocaine&nbsp; de Football et la&nbsp; commune territoriale&nbsp; de Beni Mellal.<\/h2>\n\n\n\n<p class=\"has-text-align-left\">Pour soutenir et poursuivre les efforts de r\u00e9habilitation des routes et des quartiers de Beni Mellal, il a \u00e9t\u00e9 proc\u00e9d\u00e9 au lancement de&nbsp; la construction et la r\u00e9habilitation des entr\u00e9es routi\u00e8res&nbsp; reliant entre la route nationale n\u00b011 et l\u2019endroit o\u00f9 sont recas\u00e9s les vendeurs des pi\u00e8ces de rechange d\u2019automobiles,&nbsp; des travaux de&nbsp; rev\u00eatement des trottoirs des rues Rabat et Moutanabbi et des&nbsp; bordures des \u00e9coles et des \u00e9tablissements&nbsp; scolaires et administratifs de la ville, ainsi que le rev\u00eatement des ruelles de 29 quartiers sous-\u00e9quip\u00e9s de la ville. Le co\u00fbt total de ces travaux qui seront financ\u00e9s par le budget de la commune territoriale&nbsp; de Beni Mellal, est estim\u00e9 \u00e0 plus de 24 MDH.<\/p>\n\n\n\n<p class=\"has-text-align-left\">SAID FRIX ALM<\/p>\n","protected":false},"excerpt":{"rendered":"<p>En pr\u00e9sence du vice-pr\u00e9sident du conseil r\u00e9gional, du repr\u00e9sentant de la F\u00e9d\u00e9ration royale marocaine de football, du pr\u00e9sident du conseil r\u00e9gional, du pr\u00e9sident de la commune territoriale de Beni Mellal, des \u00e9lus, des chefs des services d\u00e9centralis\u00e9s et des services de s\u00e9curit\u00e9, Le Wali de la r\u00e9gion Beni Mellal Kh\u00e9nifra et Gouverneur de la province [&hellip;]<\/p>\n","protected":false},"author":4,"featured_media":0,"comment_status":"open","ping_status":"open","sticky":false,"template":"","format":"standard","meta":{"footnotes":""},"categories":[24,1],"tags":[],"class_list":["post-2047","post","type-post","status-publish","format-standard","hentry","category-francais","category-1"],"_links":{"self":[{"href":"https:\/\/pressmedias.ma\/index.php?rest_route=\/wp\/v2\/posts\/2047","targetHints":{"allow":["GET"]}}],"collection":[{"href":"https:\/\/pressmedias.ma\/index.php?rest_route=\/wp\/v2\/posts"}],"about":[{"href":"https:\/\/pressmedias.ma\/index.php?rest_route=\/wp\/v2\/types\/post"}],"author":[{"embeddable":true,"href":"https:\/\/pressmedias.ma\/index.php?rest_route=\/wp\/v2\/users\/4"}],"replies":[{"embeddable":true,"href":"https:\/\/pressmedias.ma\/index.php?rest_route=%2Fwp%2Fv2%2Fcomments&post=2047"}],"version-history":[{"count":1,"href":"https:\/\/pressmedias.ma\/index.php?rest_route=\/wp\/v2\/posts\/2047\/revisions"}],"predecessor-version":[{"id":2060,"href":"https:\/\/pressmedias.ma\/index.php?rest_route=\/wp\/v2\/posts\/2047\/revisions\/2060"}],"wp:attachment":[{"href":"https:\/\/pressmedias.ma\/index.php?rest_route=%2Fwp%2Fv2%2Fmedia&parent=2047"}],"wp:term":[{"taxonomy":"category","embeddable":true,"href":"https:\/\/pressmedias.ma\/index.php?rest_route=%2Fwp%2Fv2%2Fcategories&post=2047"},{"taxonomy":"post_tag","embeddable":true,"href":"https:\/\/pressmedias.ma\/index.php?rest_route=%2Fwp%2Fv2%2Ftags&post=2047"}],"curies":[{"name":"wp","href":"https:\/\/api.w.org\/{rel}","templated":true}]}}