{"id":2072,"date":"2024-05-22T18:38:40","date_gmt":"2024-05-22T18:38:40","guid":{"rendered":"https:\/\/pressmedias.ma\/?p=2072"},"modified":"2025-04-17T16:29:04","modified_gmt":"2025-04-17T15:29:04","slug":"lever-du-rideau-de-la-24eme-edition-du-festival-international-du-cinema-africain-a-khouribga","status":"publish","type":"post","link":"https:\/\/pressmedias.ma\/?p=2072","title":{"rendered":"Lever du rideau de la 24\u00e8me \u00e9dition du festival international du cin\u00e9ma africain \u00e0 Khouribga"},"content":{"rendered":"\n<p class=\"has-text-align-left\"><strong>Sous le haut patronage de Sa Majest\u00e9 le Roi Mohammed VI, la 24<sup>\u00e8me<\/sup> Edition du Festival international du cin\u00e9ma africain de Khouribga&nbsp; (FICAK)&nbsp; se tiendra du 11 au 18 Mai 2024 \u00e0 Khouribga. 300 cin\u00e9astes y participeront.<\/strong><\/p>\n\n\n\n<p class=\"has-text-align-left\">Dans son mot d\u2019ouverture, Habib El&nbsp; Malki, pr\u00e9sident de la FICAK a soulign\u00e9 la port\u00e9e continentale de la 24<sup>\u00e8me <\/sup>\u00e9dition du festival pr\u00e9cit\u00e9 et ses objectifs en d\u00e9clarant \u00ab&nbsp;l\u2019organisation du festival international du cin\u00e9ma africain est une plateforme qui \u00e9rige en pi\u00e9destal la diversit\u00e9, la richesse, la cr\u00e9ativit\u00e9 et la profondeur des \u0153uvres cin\u00e9matographiques africaines qui sont d\u2019une tr\u00e8s grande qualit\u00e9, attrayantes et inspirantes. Le cin\u00e9ma \u00e0 le grand pouvoir de transcender&nbsp; les fronti\u00e8res tout en nous aidant \u00e0 explorer de nouveaux espaces, \u00e0 nous connecter&nbsp; \u00e0 des r\u00e9alit\u00e9s diff\u00e9rentes, \u00e0 stimuler notre imagination&nbsp; et \u00e0 susciter en nous&nbsp; des \u00e9motions profondes. Le continent africain regorge de talents extraordinaires&nbsp; qui utilisent le 7<sup>\u00e8me<\/sup> art pour partager leurs visions uniques, leurs exp\u00e9riences et leurs perspectives que notre festival cherche \u00e0 faire connaitre et \u00e0 mettre en valeur. La promotion de cette alliance novatrice t\u00e9moigne de la volont\u00e9 du Maroc de renforcer les liens avec les nations africaines&nbsp; et de cr\u00e9er une plateforme pour le partage des ressources, des connaissances et des opportunit\u00e9s de croissance. En unissant nos forces, nous pouvons surmonter et cr\u00e9er &nbsp;un avenir prometteur&nbsp; pour l\u2019Afrique dans son ensemble&nbsp;\u00bb<\/p>\n\n\n\n<p class=\"has-text-align-left\">&nbsp;Et d\u2019ajouter \u00ab&nbsp;Le renforcement des partenariats entre les pays africains et le rapprochement de leurs peuples peuvent \u00eatre \u00e9galement soutenus&nbsp; par le d\u00e9veloppement des activit\u00e9s sportives dans le continent africain. Le sport comme le cin\u00e9ma&nbsp; est un langage universel qui va au-del\u00e0 des fronti\u00e8res&nbsp; nationales. Le cin\u00e9ma, les rencontres sportives, les tournois \u2026facilitent les \u00e9changes culturels, renforcent la compr\u00e9hension mutuelle et contribuent \u00e0 l\u2019unit\u00e9 du continent africain\u2026Ce qui caract\u00e9rise le cin\u00e9ma actuellement, c\u2019est le volet formation surtout quand il s\u2019adresse aux enfants. C\u2019est une lumi\u00e8re qui leur ouvre des horizons nouveaux \u2026&nbsp;\u00bb.<\/p>\n\n\n\n<p class=\"has-text-align-left\">Pour Magu\u00e8ye KASSE, professeur des universit\u00e9s et &nbsp;critique de cin\u00e9ma et d\u2019art \u00ab&nbsp; C\u2019est un grand honneur pour nous d\u2019\u00eatre&nbsp; au Maroc pour participer \u00e0 ce festival unique en son genre .Cette rencontre cin\u00e9matographique a pu r\u00e9aliser ce que les autres festivals n\u2019arrivent pas \u00e0 concr\u00e9tiser, je pense aux d\u00e9bats de minuit qui nous d\u00e9voilent l\u2019\u00e9tat de sant\u00e9 des films africains, aux \u00e9changes culturels et artistiques entre les grands cin\u00e9astes africains\u2026L\u2019avenir du &nbsp;cin\u00e9ma africain en g\u00e9n\u00e9ral pr\u00e9lude \u00e0 des horizons prosp\u00e8res\u2026&nbsp;\u00bb<\/p>\n\n\n\n<p class=\"has-text-align-left\">Notons que d\u2019apr\u00e8s la fondation du festival, le cin\u00e9ma malien est l\u2019invit\u00e9 d\u2019honneur de cette 24 \u00e8me \u00e9dition de FICAK. En outre, 13 longs m\u00e9trages seront en lice, en comp\u00e9tition officielle&nbsp; au moment o\u00f9 14 &nbsp;&nbsp;films vont concourir&nbsp; dans la comp\u00e9tition des courts m\u00e9trages. 300 cin\u00e9astes y participeront. Pour ce qui est du jury des comp\u00e9titions officielles, celui des courts m\u00e9trages qui sera pr\u00e9sid\u00e9 par l\u2019\u00e9crivaine et critique du cin\u00e9ma, la&nbsp; tunisienne Sonia Chamkhi se composera de 3 membres internationaux et le jury des longs m\u00e9trages qui est pr\u00e9sid\u00e9 par la r\u00e9alisatrice Egyptienne&nbsp; Hala Khalil &nbsp;renfermera 5 membres internationaux .Toujours d\u2019apr\u00e8s la m\u00eame source , un &nbsp;grand hommage sera rendu \u00e0 tous les participants \u00e0 ce festival international pour leurs contributions dans la richesse ,la diversit\u00e9 et le rayonnement du cin\u00e9ma africain. Lors de ce festival, un vibrant hommage a \u00e9t\u00e9 rendu au com\u00e9dien marocain Mohamed El Khalfi. Rappelons aussi que le programme de ce festival qui se poursuit jusqu\u2019au 18 mai 2024, portera sur la projection d\u2019une s\u00e9rie de films p\u00e9dagogiques au&nbsp; profit des \u00e9l\u00e8ves de la r\u00e9gion et sur l\u2019organisation d\u2019une comp\u00e9tition de scenarios.<\/p>\n\n\n\n<p class=\"has-text-align-left\">Les interventions, du Secr\u00e9taire g\u00e9n\u00e9ral du Minist\u00e8re de la jeunesse , de la culture et&nbsp; de la communication, de Abdellati Regani , directeur artistique du Festival , de Adil Barakat , pr\u00e9sident du conseil r\u00e9gional de la r\u00e9gion Beni Mellal Kh\u00e9nifra\u2026 ont mis en exergue la dimension culturelle , artistique et sociale de l\u2019organisation de ce festival international qui &nbsp;est une fiert\u00e9 pour tout le continent africain dans la mesure o\u00f9 il demeure un espace de rencontres , et de pr\u00e9sentations intellectuelles , culturelles et artistiques.<\/p>\n\n\n\n<p class=\"has-text-align-left\">Ont pris part au lever du rideau de ce festival les cin\u00e9astes africains et marocains ,&nbsp; le Secr\u00e9taire g\u00e9n\u00e9ral du Minist\u00e8re de la jeunesse , de la culture et de la communication, le Wali de la r\u00e9gion de Beni Mellal Kh\u00e9nifra ,les Gouverneurs &nbsp;des provinces &nbsp;de Khouribga et d\u2019Azilal ,&nbsp; le pr\u00e9sident du Conseil r\u00e9gional ,les \u00e9lus, les autorit\u00e9s locales , le directeur du festival charg\u00e9 de la finance et des m\u00e9dias , le directeur artistique du festival , les fervents du cin\u00e9ma , les repr\u00e9sentants de la presse r\u00e9gionale , nationale et internationale\u2026<\/p>\n\n\n\n<p class=\"has-text-align-left\">Said frix&nbsp; ALM<\/p>\n","protected":false},"excerpt":{"rendered":"<p>Sous le haut patronage de Sa Majest\u00e9 le Roi Mohammed VI, la 24\u00e8me Edition du Festival international du cin\u00e9ma africain de Khouribga&nbsp; (FICAK)&nbsp; se tiendra du 11 au 18 Mai 2024 \u00e0 Khouribga. 300 cin\u00e9astes y participeront. Dans son mot d\u2019ouverture, Habib El&nbsp; Malki, pr\u00e9sident de la FICAK a soulign\u00e9 la port\u00e9e continentale de la [&hellip;]<\/p>\n","protected":false},"author":4,"featured_media":2073,"comment_status":"open","ping_status":"open","sticky":false,"template":"","format":"standard","meta":{"footnotes":""},"categories":[24,10],"tags":[],"class_list":["post-2072","post","type-post","status-publish","format-standard","has-post-thumbnail","hentry","category-francais","category-international"],"_links":{"self":[{"href":"https:\/\/pressmedias.ma\/index.php?rest_route=\/wp\/v2\/posts\/2072","targetHints":{"allow":["GET"]}}],"collection":[{"href":"https:\/\/pressmedias.ma\/index.php?rest_route=\/wp\/v2\/posts"}],"about":[{"href":"https:\/\/pressmedias.ma\/index.php?rest_route=\/wp\/v2\/types\/post"}],"author":[{"embeddable":true,"href":"https:\/\/pressmedias.ma\/index.php?rest_route=\/wp\/v2\/users\/4"}],"replies":[{"embeddable":true,"href":"https:\/\/pressmedias.ma\/index.php?rest_route=%2Fwp%2Fv2%2Fcomments&post=2072"}],"version-history":[{"count":2,"href":"https:\/\/pressmedias.ma\/index.php?rest_route=\/wp\/v2\/posts\/2072\/revisions"}],"predecessor-version":[{"id":2807,"href":"https:\/\/pressmedias.ma\/index.php?rest_route=\/wp\/v2\/posts\/2072\/revisions\/2807"}],"wp:featuredmedia":[{"embeddable":true,"href":"https:\/\/pressmedias.ma\/index.php?rest_route=\/wp\/v2\/media\/2073"}],"wp:attachment":[{"href":"https:\/\/pressmedias.ma\/index.php?rest_route=%2Fwp%2Fv2%2Fmedia&parent=2072"}],"wp:term":[{"taxonomy":"category","embeddable":true,"href":"https:\/\/pressmedias.ma\/index.php?rest_route=%2Fwp%2Fv2%2Fcategories&post=2072"},{"taxonomy":"post_tag","embeddable":true,"href":"https:\/\/pressmedias.ma\/index.php?rest_route=%2Fwp%2Fv2%2Ftags&post=2072"}],"curies":[{"name":"wp","href":"https:\/\/api.w.org\/{rel}","templated":true}]}}