{"id":2075,"date":"2024-05-22T09:54:19","date_gmt":"2024-05-22T09:54:19","guid":{"rendered":"https:\/\/pressmedias.ma\/?p=2075"},"modified":"2025-04-17T16:29:06","modified_gmt":"2025-04-17T15:29:06","slug":"la-caravane-medicale-un-moyen-de-prodiguer-des-soins-de-qualite-2","status":"publish","type":"post","link":"https:\/\/pressmedias.ma\/?p=2075","title":{"rendered":"La caravane m\u00e9dicale, un moyen de prodiguer des soins de qualit\u00e9"},"content":{"rendered":"\n<p class=\"has-text-align-left\"><strong>En partenariat avec la Direction r\u00e9gionale de la Sant\u00e9, Beni Mellal Kh\u00e9nifra et l\u2019Association&nbsp; Italienne SO SAN LIONS. San sanitaire OVD, l\u2019Association d\u2019Assistance sanitaire et d\u00e9veloppement social, &nbsp;Maroc \u2013Italie, organise une caravane m\u00e9dicale au CHR de Beni Mellal du 21 Avril&nbsp; au 1 Mai 2024. Plus de 70 personnes en b\u00e9n\u00e9ficient.<\/strong><\/p>\n\n\n\n<p class=\"has-text-align-left\">Dans une d\u00e9claration \u00e0 ALM, Aicha Loutfi, Directrice du Centre hospitalier r\u00e9gional de Beni Mellal (CHR) a soulign\u00e9 les objectifs de cette caravane m\u00e9dicale qui se compose d\u2019un grand nombre de m\u00e9decins Italiens en d\u00e9clarant que \u00ab&nbsp;Cette caravane m\u00e9dicale chirurgicale qui durera une semaine a pour objectif de diminuer le nombre des rendez-vous des op\u00e9rations chirurgicales au CHR de Beni Mellal tout en fournissant des soins de qualit\u00e9 gratuits aux malades . 70 personnes en b\u00e9n\u00e9ficient. Cette caravane entre dans le cadre d\u2019un partenariat r\u00e9alis\u00e9 entre la Direction r\u00e9gionale de la Sant\u00e9, Beni Mellal Kh\u00e9nifra et l\u2019Association SO SAN LIONS. Ainsi , c\u2019est une occasion id\u00e9ale qui permettra \u00e0 ce corps m\u00e9dical d\u2019\u00e9changer avec leurs homologues marocains sur un grand nombre d\u2019exp\u00e9riences et de nouvelles techniques&nbsp; chirurgicales au niveau de la r\u00e9gion tout en permettant au CHR de s\u2019ouvrir sur son environnement ext\u00e9rieur et de s\u2019inscrire effectivement dans la refonte de notre syst\u00e8me de sant\u00e9 initi\u00e9e sous Hautes Instructions de Sa Majest\u00e9 le Roi&nbsp;,que dieu le glorifie, portant sur la g\u00e9n\u00e9ralisation de la couverture sanitaire universelle, la digitalisation du dossier m\u00e9dical du malade et la motivation des ressources humaines notamment \u00e0 travers la formation continue et la collaboration au profit d\u2019am\u00e9liorer leurs <\/p>\n\n\n\n<p class=\"has-text-align-left\">comp\u00e9tences\u00bb<\/p>\n\n\n\n<p><\/p>\n\n\n\n<p><\/p>\n\n\n\n<p class=\"has-text-align-left\">Pour sa part<strong>, <\/strong>Salek Bahab, coordinateur des caravanes m\u00e9dicales&nbsp; \u00e0 l\u2019Association d\u2019Assistance sanitaire Maroc \u2013Italie a fait savoir que \u00ab&nbsp;D\u2019abord, nous sommes \u00e0 la 22<sup>\u00e8me<\/sup> \u00e9dition de cette caravane m\u00e9dicale organis\u00e9e par l\u2019Association pr\u00e9cit\u00e9e et un grand nombre de partenaires. A cette occasion, je remercie vivement le Wali de la R\u00e9gion Beni Mellal Kh\u00e9nifra Khatib El H\u00e9bil &nbsp;,le pr\u00e9sident du Conseil r\u00e9gional &nbsp;Adil Barakat , le Directeur r\u00e9gional de la sant\u00e9 et de la protection sociale r\u00e9gion Beni Mellal kh\u00e9nifra Kamal El Yansli &nbsp;,le D\u00e9l\u00e9gu\u00e9 provincial de la Sant\u00e9 Abdellatif Laaroussi &nbsp;, la Directrice du CHR, Aicha Loutfi &nbsp;, tous les m\u00e9decins marocains et italiens,&nbsp; toutes sp\u00e9cialit\u00e9s confondues , qui ont particip\u00e9 \u00e0 cette caravane m\u00e9dicale et le pr\u00e9sident de l\u2019Association d\u2019Assistance sanitaire Bouazza Dekraoui et tous les membres de l\u2019association &nbsp;qui ne cessent de d\u00e9ployer des efforts consid\u00e9rables pour la r\u00e9ussite de &nbsp;toutes les caravanes m\u00e9dicales. Ainsi, nous pr\u00e9voyons d\u2019organiser la 23\u00e8me \u00e9dition de cette caravane dans nos provinces du Sud.&nbsp;\u00bb<\/p>\n\n\n\n<p class=\"has-text-align-left\">Au niveau de la r\u00e9gion de Beni Mellal Kh\u00e9nifra, l\u2019organisation des caravanes m\u00e9dicales joue un r\u00f4le primordial dans l\u2019affermissement de la culture de la solidarit\u00e9 et du soutien sanitaire surtout pour les familles en situation de pr\u00e9carit\u00e9 et&nbsp; les personnes qui habitent dans les r\u00e9gions montagneuses. Par exemple, \u00e0 la province d\u2019Azilal, au mois de janvier 2024, 17 communes ont b\u00e9n\u00e9fici\u00e9 des services d\u2019environ 54 caravanes m\u00e9dicales, soit un total de plus de 14.000 personnes relevant des communes de la province d\u2019Azilal. Notons que ces caravanes m\u00e9dicales gratuites fournissent des soins de qualit\u00e9 au niveau des autres provinces de Beni Mellal Kh\u00e9nifra , \u00e0 Fkih Ben Salah , Khouribga , Kh\u00e9nifra\u2026 &nbsp;<\/p>\n\n\n\n<p class=\"has-text-align-left\">SAID FRIX<\/p>\n","protected":false},"excerpt":{"rendered":"<p>En partenariat avec la Direction r\u00e9gionale de la Sant\u00e9, Beni Mellal Kh\u00e9nifra et l\u2019Association&nbsp; Italienne SO SAN LIONS. San sanitaire OVD, l\u2019Association d\u2019Assistance sanitaire et d\u00e9veloppement social, &nbsp;Maroc \u2013Italie, organise une caravane m\u00e9dicale au CHR de Beni Mellal du 21 Avril&nbsp; au 1 Mai 2024. Plus de 70 personnes en b\u00e9n\u00e9ficient. Dans une d\u00e9claration \u00e0 [&hellip;]<\/p>\n","protected":false},"author":4,"featured_media":0,"comment_status":"open","ping_status":"open","sticky":false,"template":"","format":"standard","meta":{"footnotes":""},"categories":[24,1],"tags":[],"class_list":["post-2075","post","type-post","status-publish","format-standard","hentry","category-francais","category-1"],"_links":{"self":[{"href":"https:\/\/pressmedias.ma\/index.php?rest_route=\/wp\/v2\/posts\/2075","targetHints":{"allow":["GET"]}}],"collection":[{"href":"https:\/\/pressmedias.ma\/index.php?rest_route=\/wp\/v2\/posts"}],"about":[{"href":"https:\/\/pressmedias.ma\/index.php?rest_route=\/wp\/v2\/types\/post"}],"author":[{"embeddable":true,"href":"https:\/\/pressmedias.ma\/index.php?rest_route=\/wp\/v2\/users\/4"}],"replies":[{"embeddable":true,"href":"https:\/\/pressmedias.ma\/index.php?rest_route=%2Fwp%2Fv2%2Fcomments&post=2075"}],"version-history":[{"count":1,"href":"https:\/\/pressmedias.ma\/index.php?rest_route=\/wp\/v2\/posts\/2075\/revisions"}],"predecessor-version":[{"id":2085,"href":"https:\/\/pressmedias.ma\/index.php?rest_route=\/wp\/v2\/posts\/2075\/revisions\/2085"}],"wp:attachment":[{"href":"https:\/\/pressmedias.ma\/index.php?rest_route=%2Fwp%2Fv2%2Fmedia&parent=2075"}],"wp:term":[{"taxonomy":"category","embeddable":true,"href":"https:\/\/pressmedias.ma\/index.php?rest_route=%2Fwp%2Fv2%2Fcategories&post=2075"},{"taxonomy":"post_tag","embeddable":true,"href":"https:\/\/pressmedias.ma\/index.php?rest_route=%2Fwp%2Fv2%2Ftags&post=2075"}],"curies":[{"name":"wp","href":"https:\/\/api.w.org\/{rel}","templated":true}]}}