{"id":2102,"date":"2024-05-29T20:10:11","date_gmt":"2024-05-29T20:10:11","guid":{"rendered":"https:\/\/pressmedias.ma\/?p=2102"},"modified":"2025-04-17T16:29:07","modified_gmt":"2025-04-17T15:29:07","slug":"entretien-avec-dr-tarik-el-orfi-president-de-lassociation-des-chercheurs-geographes-sur-leau-et-lenvironnement","status":"publish","type":"post","link":"https:\/\/pressmedias.ma\/?p=2102","title":{"rendered":"Entretien avec Dr Tarik El Orfi, pr\u00e9sident de l\u2019Association des Chercheurs g\u00e9ographes sur l\u2019eau et l\u2019environnement"},"content":{"rendered":"\n<p class=\"has-text-align-left\"><strong>&nbsp;Pourriez-vous nous parler des campagnes de sensibilisation que vous avez organis\u00e9es, fin avril 2024, en vue d\u2019une gestion rationnelle de l\u2019or bleu&nbsp;?<\/strong><\/p>\n\n\n\n<p class=\"has-text-align-left\"><strong>Dr Tarik El Orfi&nbsp;:<\/strong> Chaque ann\u00e9e, \u00e0 l&rsquo;occasion de la Journ\u00e9e mondiale de l&rsquo;eau, c\u00e9l\u00e9br\u00e9e le 22 mars, l&rsquo;Association des Chercheurs G\u00e9ographes sur l\u2019Eau et l\u2019Environnement (ACG2E) &nbsp;d\u00e9ploie &nbsp;&nbsp;des efforts consid\u00e9rables &nbsp;pour mettre en avant l&rsquo;importance cruciale &nbsp;des ressources hydriques et les d\u00e9fis qu&rsquo;elle pose \u00e0 diff\u00e9rentes \u00e9chelles au niveau local, r\u00e9gional et national. Sous le th\u00e8me \u00ab Ambassadeurs de l&rsquo;eau dans la r\u00e9gion de B\u00e9ni Mellal-Kh\u00e9nifra 2024 \u00bb, et en collaboration avec l&rsquo;Acad\u00e9mie R\u00e9gionale de l&rsquo;\u00c9ducation nationale, du Pr\u00e9scolaire et des Sports, l&rsquo;Agence du Bassin Hydraulique de l\u2019Oum Er Rbia et le Laboratoire Dynamique des Paysages, Risques et Patrimoine \u00ab&nbsp;DPRP&nbsp;\u00bb de la Facult\u00e9 des Lettres et des Sciences Humaines de B\u00e9ni Mellal , l\u2019Association a organis\u00e9 , fin avril 2024, plusieurs campagnes de sensibilisation dans des \u00e9tablissements scolaires de la r\u00e9gion. Ces journ\u00e9es &nbsp;ont \u00e9t\u00e9 marqu\u00e9es par diverses activit\u00e9s telles que des pr\u00e9sentations, des ateliers de dessin et la distribution de brochures, notamment \u00e0 l&rsquo;intention des clubs d&rsquo;environnement et de sant\u00e9 pr\u00e9sents dans 21 \u00e9tablissements d&rsquo;enseignement, primaires, coll\u00e8ges et lyc\u00e9es, ainsi qu&rsquo;\u00e0 l\u2019\u00e9chelle des cinq directions provinciales. Au total, plus de 1 100 apprenants ont b\u00e9n\u00e9fici\u00e9 de ces activit\u00e9s, en pr\u00e9sence de 100 cadres institutionnels. La majorit\u00e9 des \u00e9l\u00e8ves concern\u00e9s &nbsp;\u00e9taient &nbsp;du primaire, dans le but de contribuer \u00e0 sensibiliser ces jeunes \u00e0 l&rsquo;environnement et \u00e0 les &nbsp;encourager \u00e0 adopter des comportements &nbsp;dignes de ce nom envers l&rsquo;eau d\u00e8s leur plus jeune \u00e2ge.<\/p>\n\n\n\n<p class=\"has-text-align-left\"><strong>Quels sont les objectifs que s\u2019assignent&nbsp; votre Association et &nbsp;vos importantes r\u00e9alisations&nbsp;?<\/strong><\/p>\n\n\n\n<p class=\"has-text-align-left\">Au c\u0153ur de la r\u00e9gion de B\u00e9ni Mellal-Kh\u00e9nifra, l&rsquo;ACG2E se distingue comme un moteur de recherche, de sensibilisation et d&rsquo;action en faveur de la gestion &nbsp;rationnelle de l&rsquo;eau. Fond\u00e9e en 2019 par des doctorants, des docteurs et des professeurs en g\u00e9ographie de la Facult\u00e9 des Lettres et des Sciences Humaines de B\u00e9ni Mellal, cette association, \u00e0 but non lucratif, s&rsquo;engage \u00e0 relever les d\u00e9fis du d\u00e9veloppement durable et \u00e0 traiter les enjeux cruciaux li\u00e9s \u00e0 l&rsquo;eau et aux changements climatiques, tout en restant ind\u00e9pendante de toute affiliation partisane ou syndicale. Son objectif est de valoriser la recherche scientifique, de sensibiliser sur les enjeux de l&rsquo;eau et de l&rsquo;environnement, de renforcer les collaborations entre chercheurs et de former les jeunes. Pour atteindre ces objectifs, l\u2019association travaille selon quatre grands axes : les campagnes de sensibilisation, ax\u00e9es sur le th\u00e8me des \u00ab Ambassadeurs de l&rsquo;eau \u00bb, les formations telles que la \u00ab Construction Collaborative des Comp\u00e9tences des Doctorants G\u00e9ographes (C3D-G\u00e9o) \u00bb, les activit\u00e9s scientifiques sur le terrain, appel\u00e9es les \u00ab Journ\u00e9es Hydrologiques \u00bb, et la publication d&rsquo;ouvrages, dont une s\u00e9rie sur le th\u00e8me du \u00ab Monitoring \u00bb. En plus de ses activit\u00e9s scientifiques, l&rsquo;association s&rsquo;engage \u00e9galement dans des actions humanitaires en apportant une aide aux n\u00e9cessiteux de la ville de B\u00e9ni Mellal. Apr\u00e8s une pause forc\u00e9e due aux circonstances li\u00e9es \u00e0 la Covid-19, depuis 2022, l\u2019association a organis\u00e9 deux conf\u00e9rences r\u00e9gionales sur l&rsquo;eau, une \u00e0 Kh\u00e9nifra en 2022 et l&rsquo;autre \u00e0 B\u00e9ni Mellal en 2023, ainsi que cinq \u00e9ditions des journ\u00e9es hydrologiques dans diff\u00e9rents \u00e9cosyst\u00e8mes, tels que les montagnes, les lacs et les oasis. Elle a \u00e9galement contribu\u00e9, en collaboration avec le Laboratoire DPRP, \u00e0 la publication de deux ouvrages sur le Monitoring et a form\u00e9 des centaines de doctorants dans le cadre des formations C3D-G\u00e9o.<\/p>\n\n\n\n<p class=\"has-text-align-left\"><strong>Quelles sont vos perspectives d\u2019avenir&nbsp;?<\/strong><\/p>\n\n\n\n<p class=\"has-text-align-left\">Dans les ann\u00e9es \u00e0 venir, l&rsquo;ACG2E s&rsquo;engage \u00e0 renforcer son r\u00f4le crucial dans la recherche, la sensibilisation et l&rsquo;action pour promouvoir une gestion durable et rationnelle de l&rsquo;eau dans la r\u00e9gion de B\u00e9ni Mellal-Kh\u00e9nifra. Ainsi, l\u2019une&nbsp; &nbsp;des principales orientations strat\u00e9giques de l&rsquo;association consiste \u00e0 approfondir ses liens avec les acteurs locaux et internationaux impliqu\u00e9s dans la gestion de l&rsquo;eau. En renfor\u00e7ant ces partenariats, l&rsquo;ACG2E vise \u00e0 d\u00e9velopper des programmes et des projets concrets r\u00e9pondant aux besoins sp\u00e9cifiques de la r\u00e9gion, tout en favorisant une approche participative de la gestion rationnelle des ressources en eau. Enfin, l&rsquo;association restera fid\u00e8le \u00e0 ses quatre axes de travail : l&rsquo;organisation des conf\u00e9rences et des journ\u00e9es hydrologiques, les campagnes de sensibilisation, les programmes de formation et les publications scientifiques.<\/p>\n\n\n\n<p class=\"has-text-align-left\">Propos recueillis par SAID FRIX ALM<\/p>\n","protected":false},"excerpt":{"rendered":"<p>&nbsp;Pourriez-vous nous parler des campagnes de sensibilisation que vous avez organis\u00e9es, fin avril 2024, en vue d\u2019une gestion rationnelle de l\u2019or bleu&nbsp;? Dr Tarik El Orfi&nbsp;: Chaque ann\u00e9e, \u00e0 l&rsquo;occasion de la Journ\u00e9e mondiale de l&rsquo;eau, c\u00e9l\u00e9br\u00e9e le 22 mars, l&rsquo;Association des Chercheurs G\u00e9ographes sur l\u2019Eau et l\u2019Environnement (ACG2E) &nbsp;d\u00e9ploie &nbsp;&nbsp;des efforts consid\u00e9rables &nbsp;pour mettre [&hellip;]<\/p>\n","protected":false},"author":4,"featured_media":2103,"comment_status":"open","ping_status":"open","sticky":false,"template":"","format":"standard","meta":{"footnotes":""},"categories":[24,12],"tags":[],"class_list":["post-2102","post","type-post","status-publish","format-standard","has-post-thumbnail","hentry","category-francais","category-economies"],"_links":{"self":[{"href":"https:\/\/pressmedias.ma\/index.php?rest_route=\/wp\/v2\/posts\/2102","targetHints":{"allow":["GET"]}}],"collection":[{"href":"https:\/\/pressmedias.ma\/index.php?rest_route=\/wp\/v2\/posts"}],"about":[{"href":"https:\/\/pressmedias.ma\/index.php?rest_route=\/wp\/v2\/types\/post"}],"author":[{"embeddable":true,"href":"https:\/\/pressmedias.ma\/index.php?rest_route=\/wp\/v2\/users\/4"}],"replies":[{"embeddable":true,"href":"https:\/\/pressmedias.ma\/index.php?rest_route=%2Fwp%2Fv2%2Fcomments&post=2102"}],"version-history":[{"count":1,"href":"https:\/\/pressmedias.ma\/index.php?rest_route=\/wp\/v2\/posts\/2102\/revisions"}],"predecessor-version":[{"id":2104,"href":"https:\/\/pressmedias.ma\/index.php?rest_route=\/wp\/v2\/posts\/2102\/revisions\/2104"}],"wp:featuredmedia":[{"embeddable":true,"href":"https:\/\/pressmedias.ma\/index.php?rest_route=\/wp\/v2\/media\/2103"}],"wp:attachment":[{"href":"https:\/\/pressmedias.ma\/index.php?rest_route=%2Fwp%2Fv2%2Fmedia&parent=2102"}],"wp:term":[{"taxonomy":"category","embeddable":true,"href":"https:\/\/pressmedias.ma\/index.php?rest_route=%2Fwp%2Fv2%2Fcategories&post=2102"},{"taxonomy":"post_tag","embeddable":true,"href":"https:\/\/pressmedias.ma\/index.php?rest_route=%2Fwp%2Fv2%2Ftags&post=2102"}],"curies":[{"name":"wp","href":"https:\/\/api.w.org\/{rel}","templated":true}]}}