{"id":2112,"date":"2024-06-14T18:00:23","date_gmt":"2024-06-14T18:00:23","guid":{"rendered":"https:\/\/pressmedias.ma\/?p=2112"},"modified":"2025-04-17T16:29:03","modified_gmt":"2025-04-17T15:29:03","slug":"reprise-des-vols-dans-laeroport-de-beni-mellal","status":"publish","type":"post","link":"https:\/\/pressmedias.ma\/?p=2112","title":{"rendered":"reprise des vols dans l&rsquo;a\u00e9roport de Beni Mellal"},"content":{"rendered":"\n<p class=\"has-text-align-left\">Le Conseil R\u00e9gional du tourisme Beni Mellal Khenifra (CRT BMK) &nbsp;a annonc\u00e9 la reprise des vols dans l&rsquo;a\u00e9roport de Beni Mellal par le lancement des vols directs en provenance et \u00e0 destination de Barcelone et Milan<\/p>\n\n\n\n<p class=\"has-text-align-left\">En partenariat avec la R\u00e9gion de Beni Mellal Khenifra, l&rsquo;Office National Des A\u00e9roports et l&rsquo;Office National Marocain du Tourisme, selon un communiqu\u00e9, Le Conseil R\u00e9gional du tourisme Beni Mellal Khenifra, &nbsp;est heureux d&rsquo;annoncer le lancement de deux nouvelles liaisons a\u00e9riennes directes \u00e0 partir de l&rsquo;a\u00e9roport de Beni Mellal en provenance et \u00e0 destination de Barcelone et Milan. Ces nouvelles lignes a\u00e9riennes relieront directement l\u2019a\u00e9roport de G\u00e9rone Costa Brava \u00e0 Barcelone et l\u2019a\u00e9roport de Bergame Orio al Serio \u00e0 Milan \u00e0 l\u2019a\u00e9roport de Beni Mellal.<\/p>\n\n\n\n<p class=\"has-text-align-left\">&nbsp;\u00c0 partir du 1er juin 2024, Milan sera connect\u00e9 \u00e0 Beni Mellal avec deux vols par semaine. Ces vols offriront une nouvelle opportunit\u00e9 pour les voyageurs en provenance d\u2019Italie de d\u00e9couvrir les richesses culturelles et naturelles de la r\u00e9gion de Beni Mellal Khenifra. Et \u00e0 partir du 2 juin 2024, Barcelone sera \u00e9galement reli\u00e9e \u00e0 Beni Mellal avec trois vols par semaine. Cette liaison renforcera les \u00e9changes touristiques entre l&rsquo;Espagne et le Maroc, facilitant ainsi l\u2019acc\u00e8s des MEE et touristes espagnols et internationaux \u00e0 cette destination prometteuse, ajoute la m\u00eame source.<\/p>\n\n\n\n<p class=\"has-text-align-left\">Ces nouvelles liaisons a\u00e9riennes visent, souligne le m\u00eame communiqu\u00e9, \u00e0 stimuler le tourisme dans la r\u00e9gion de Beni Mellal Khenifra, en offrant aux voyageurs internationaux un acc\u00e8s direct et pratique. En outre, ces vols contribueront au d\u00e9veloppement \u00e9conomique local en cr\u00e9ant de nouvelles opportunit\u00e9s pour les entreprises et les op\u00e9rateurs touristiques de la r\u00e9gion.<\/p>\n\n\n\n<p class=\"has-text-align-left\">&nbsp;Le CRT BMK, la R\u00e9gion de Beni Mellal Khenifra, l\u2019ONDA et l\u2019ONMT s&rsquo;engagent \u00e0 offrir des services de haute qualit\u00e9 et \u00e0 promouvoir activement Beni Mellal Khenifra comme une destination incontournable pour les voyageurs en qu\u00eate d&rsquo;authenticit\u00e9, de beaut\u00e9 naturelle et de d\u00e9couvertes culturelles, d\u2019apr\u00e8s le communiqu\u00e9 pr\u00e9cit\u00e9.<\/p>\n","protected":false},"excerpt":{"rendered":"<p>Le Conseil R\u00e9gional du tourisme Beni Mellal Khenifra (CRT BMK) &nbsp;a annonc\u00e9 la reprise des vols dans l&rsquo;a\u00e9roport de Beni Mellal par le lancement des vols directs en provenance et \u00e0 destination de Barcelone et Milan En partenariat avec la R\u00e9gion de Beni Mellal Khenifra, l&rsquo;Office National Des A\u00e9roports et l&rsquo;Office National Marocain du Tourisme, [&hellip;]<\/p>\n","protected":false},"author":4,"featured_media":2010,"comment_status":"open","ping_status":"open","sticky":false,"template":"","format":"standard","meta":{"footnotes":""},"categories":[24,10],"tags":[],"class_list":["post-2112","post","type-post","status-publish","format-standard","has-post-thumbnail","hentry","category-francais","category-international"],"_links":{"self":[{"href":"https:\/\/pressmedias.ma\/index.php?rest_route=\/wp\/v2\/posts\/2112","targetHints":{"allow":["GET"]}}],"collection":[{"href":"https:\/\/pressmedias.ma\/index.php?rest_route=\/wp\/v2\/posts"}],"about":[{"href":"https:\/\/pressmedias.ma\/index.php?rest_route=\/wp\/v2\/types\/post"}],"author":[{"embeddable":true,"href":"https:\/\/pressmedias.ma\/index.php?rest_route=\/wp\/v2\/users\/4"}],"replies":[{"embeddable":true,"href":"https:\/\/pressmedias.ma\/index.php?rest_route=%2Fwp%2Fv2%2Fcomments&post=2112"}],"version-history":[{"count":1,"href":"https:\/\/pressmedias.ma\/index.php?rest_route=\/wp\/v2\/posts\/2112\/revisions"}],"predecessor-version":[{"id":2113,"href":"https:\/\/pressmedias.ma\/index.php?rest_route=\/wp\/v2\/posts\/2112\/revisions\/2113"}],"wp:featuredmedia":[{"embeddable":true,"href":"https:\/\/pressmedias.ma\/index.php?rest_route=\/wp\/v2\/media\/2010"}],"wp:attachment":[{"href":"https:\/\/pressmedias.ma\/index.php?rest_route=%2Fwp%2Fv2%2Fmedia&parent=2112"}],"wp:term":[{"taxonomy":"category","embeddable":true,"href":"https:\/\/pressmedias.ma\/index.php?rest_route=%2Fwp%2Fv2%2Fcategories&post=2112"},{"taxonomy":"post_tag","embeddable":true,"href":"https:\/\/pressmedias.ma\/index.php?rest_route=%2Fwp%2Fv2%2Ftags&post=2112"}],"curies":[{"name":"wp","href":"https:\/\/api.w.org\/{rel}","templated":true}]}}