{"id":2121,"date":"2024-06-14T17:59:49","date_gmt":"2024-06-14T17:59:49","guid":{"rendered":"https:\/\/pressmedias.ma\/?p=2121"},"modified":"2025-04-17T16:29:06","modified_gmt":"2025-04-17T15:29:06","slug":"jonathan-couanon-a-remporte-la-sixieme-etape-de-la-course-cycliste-entre-khouribga-et-beni-mellal","status":"publish","type":"post","link":"https:\/\/pressmedias.ma\/?p=2121","title":{"rendered":"Jonathan Couanon a remport\u00e9 la sixi\u00e8me \u00e9tape de la course cycliste entre khouribga et Beni Mellal"},"content":{"rendered":"\n<p class=\"has-text-align-left\">Sous le haut Patronage de Sa Majest\u00e9 le Roi Mohammed VI et avec le soutien du Minist\u00e8re de l\u2019Education nationale, du pr\u00e9scolaire et des sports et sous l\u2019\u00e9gide&nbsp; de l\u2019Union cycliste internationale, la F\u00e9d\u00e9ration Royale Marocaine de cyclisme organise la 33<sup>\u00e8me<\/sup> Edition&nbsp; du Tour du Maroc cycliste. La sixi\u00e8me \u00e9tape disput\u00e9e entre Khouribga et Beni Mellal a \u00e9t\u00e9 remport\u00e9e par Jonathan Couanon, Mercredi 5 Juin 2024.<\/p>\n\n\n\n<p class=\"has-text-align-left\"><br>La sixi\u00e8me \u00e9tape du Tour du Maroc cycliste&nbsp; ,disput\u00e9e&nbsp; entre Khouribga et Beni Mellal, sur une distance de 112,4 Km, a \u00e9t\u00e9 remport\u00e9e par Jonathan Couanon ( Nice M\u00e9tropole C\u00f4te d\u2019Azur ) qui a devanc\u00e9 son co\u00e9quipier Paul Hennequin et Lorenzo Cataldo ( Vini Monzon-Savini Due-OMZ ).<\/p>\n\n\n\n<p class=\"has-text-align-left\">Dans une d\u00e9claration Mohammed Belmahi, pr\u00e9sident de la F\u00e9d\u00e9ration Royale marocaine de cyclisme (FRMC) a soulign\u00e9 que la 33<sup>\u00e8me<\/sup> \u00e9dition est organis\u00e9e sous le Haut patronage de Sa Majest\u00e9 le Roi et d\u2019ajouter que \u00ab&nbsp;Cette \u00e9dition a pris son envol, depuis la ville de Laayoune en passant par 8 r\u00e9gions, des centaines de collectivit\u00e9s territoriales et des dizaines de villes&nbsp; sur un parcours total de 1680 Km . Le tour du Maroc cycliste&nbsp; est un patrimoine culturel commun qui a vu le jour au Maroc en 1916. C\u2019est une vitrine du Royaume qui met en valeur les m\u00e9gaprojets, les grands chantiers initi\u00e9s par Sa Majest\u00e9 le Roi, que Dieu l\u2019assiste, ainsi que la dynamique que connait notre pays dans tous les domaines. Notre objectif est de montrer la diversit\u00e9 des cultures et des r\u00e9gions qui regorgent de potentialit\u00e9s touristiques, agricoles, culturelles\u2026Tous les participants \u00e0 cette caravane ont \u00e9t\u00e9 \u00e9merveill\u00e9s&nbsp; et subjugu\u00e9s par la&nbsp; beaut\u00e9 de la&nbsp; nature et des paysages ainsi que par l\u2019hospitalit\u00e9 des citoyens marocains. Une caravane d\u2019environ 400 personnes qui sillonne le Maroc&nbsp; est pour nous tous une cons\u00e9cration.&nbsp;\u00bb<\/p>\n\n\n\n<p class=\"has-text-align-left\">Dans une tr\u00e8s courte d\u00e9claration , le vainqueur de cette sixi\u00e8me \u00e9tape, Jonathan Couanon, a soulign\u00e9 que cette derni\u00e8re a \u00e9t\u00e9 courte mais tr\u00e8s dure \u00e0 cause surtout de la chaleur&nbsp; en ajoutant qu\u2019il est tr\u00e8s content d\u2019avoir remport\u00e9 cette \u00e9tape qui est pour lui un grand exploit.<\/p>\n\n\n\n<p class=\"has-text-align-left\">Notons&nbsp; que Natnael Berhane (Beykoz Belediyesi Spor Turkiye ) a pris les commandes du classement g\u00e9n\u00e9ral et que cette sixi\u00e8me \u00e9tape est caract\u00e9ris\u00e9e par l\u2019arriv\u00e9e &nbsp;de 4 Marocains parmi le premier peloton qui a franchi la ligne d\u2019arriv\u00e9e. Au niveau du classement g\u00e9n\u00e9ral, l\u2019\u00e9quipe marocaine&nbsp; est class\u00e9e&nbsp; au deuxi\u00e8me rang alors qu\u2019elle \u00e9tait avant au 5<sup>\u00e8me<\/sup>.<\/p>\n\n\n\n<p class=\"has-text-align-left\">Rappelons que la sixi\u00e8me &nbsp;\u00e9tape (05 juin) &nbsp;a eu lieu entre Khouribga et B\u00e9ni Mellal (112,2 km), la septi\u00e8me (06 juin) &nbsp;aura lieu entre B\u00e9ni Mellal et Kh\u00e9nifra (121 km), la huiti\u00e8me (07 juin) entre F\u00e8s et Mekn\u00e8s (147,3 km), la neuvi\u00e8me (08 juin) entre Mekn\u00e8s et Rabat (134 km) et la 10\u00e8 \u00e9tape (09 juin) relierat Rabat \u00e0 Casablanca (110,5 km).<\/p>\n","protected":false},"excerpt":{"rendered":"<p>Sous le haut Patronage de Sa Majest\u00e9 le Roi Mohammed VI et avec le soutien du Minist\u00e8re de l\u2019Education nationale, du pr\u00e9scolaire et des sports et sous l\u2019\u00e9gide&nbsp; de l\u2019Union cycliste internationale, la F\u00e9d\u00e9ration Royale Marocaine de cyclisme organise la 33\u00e8me Edition&nbsp; du Tour du Maroc cycliste. La sixi\u00e8me \u00e9tape disput\u00e9e entre Khouribga et Beni [&hellip;]<\/p>\n","protected":false},"author":4,"featured_media":2122,"comment_status":"open","ping_status":"open","sticky":false,"template":"","format":"standard","meta":{"footnotes":""},"categories":[24,22],"tags":[],"class_list":["post-2121","post","type-post","status-publish","format-standard","has-post-thumbnail","hentry","category-francais","category-sport"],"_links":{"self":[{"href":"https:\/\/pressmedias.ma\/index.php?rest_route=\/wp\/v2\/posts\/2121","targetHints":{"allow":["GET"]}}],"collection":[{"href":"https:\/\/pressmedias.ma\/index.php?rest_route=\/wp\/v2\/posts"}],"about":[{"href":"https:\/\/pressmedias.ma\/index.php?rest_route=\/wp\/v2\/types\/post"}],"author":[{"embeddable":true,"href":"https:\/\/pressmedias.ma\/index.php?rest_route=\/wp\/v2\/users\/4"}],"replies":[{"embeddable":true,"href":"https:\/\/pressmedias.ma\/index.php?rest_route=%2Fwp%2Fv2%2Fcomments&post=2121"}],"version-history":[{"count":2,"href":"https:\/\/pressmedias.ma\/index.php?rest_route=\/wp\/v2\/posts\/2121\/revisions"}],"predecessor-version":[{"id":2139,"href":"https:\/\/pressmedias.ma\/index.php?rest_route=\/wp\/v2\/posts\/2121\/revisions\/2139"}],"wp:featuredmedia":[{"embeddable":true,"href":"https:\/\/pressmedias.ma\/index.php?rest_route=\/wp\/v2\/media\/2122"}],"wp:attachment":[{"href":"https:\/\/pressmedias.ma\/index.php?rest_route=%2Fwp%2Fv2%2Fmedia&parent=2121"}],"wp:term":[{"taxonomy":"category","embeddable":true,"href":"https:\/\/pressmedias.ma\/index.php?rest_route=%2Fwp%2Fv2%2Fcategories&post=2121"},{"taxonomy":"post_tag","embeddable":true,"href":"https:\/\/pressmedias.ma\/index.php?rest_route=%2Fwp%2Fv2%2Ftags&post=2121"}],"curies":[{"name":"wp","href":"https:\/\/api.w.org\/{rel}","templated":true}]}}