{"id":2124,"date":"2024-06-14T17:59:06","date_gmt":"2024-06-14T17:59:06","guid":{"rendered":"https:\/\/pressmedias.ma\/?p=2124"},"modified":"2025-04-17T16:29:04","modified_gmt":"2025-04-17T15:29:04","slug":"lentrepreneuriat-feminin-au-centre-des-debats-a-beni-mellal","status":"publish","type":"post","link":"https:\/\/pressmedias.ma\/?p=2124","title":{"rendered":"L\u2019entrepreneuriat f\u00e9minin au centre des d\u00e9bats \u00e0 Beni Mellal"},"content":{"rendered":"\n<p class=\"has-text-align-left\"><strong>En collaboration avec &nbsp;la Chambre de commerce , d\u2019industrie et des services de Beni Mellal et du soutien du Centre international de l\u2019entreprise priv\u00e9e CIPE, l\u2019Association&nbsp; professionnelle pour l\u2019entrepreneuriat f\u00e9minin ( APPEF ) &nbsp;a organis\u00e9 les 31 Mai et le 1 Juin 2024 , \u00e0 la chambre de commerce et d\u2019industrie &nbsp;\u00e0 Beni Mellal , la troisi\u00e8me rencontre de concertation&nbsp; autour du \u00ab&nbsp; d\u00e9veloppement durable au service de l\u2019entreprise f\u00e9minine&nbsp;: occasions et d\u00e9fis&nbsp;\u00bb<\/strong><\/p>\n\n\n\n<p class=\"has-text-align-left\">&nbsp;Dans une d\u00e9claration \u00e0 ALM, la pr\u00e9sidente de l\u2019Association pr\u00e9cit\u00e9e Madame Rachida Bouzit El Mernissi a soulign\u00e9 que \u00ab&nbsp;Nous sommes, aujourd\u2019hui, \u00e0 Beni Mellal,&nbsp; dans le cadre de la r\u00e9flexion r\u00e9gionale&nbsp; &nbsp;en vue de &nbsp;mettre en place un plaidoyer&nbsp; pour l\u2019entrepreneuriat f\u00e9minin. Cette r\u00e9gion est importante&nbsp; pour la strat\u00e9gie du plaidoyer&nbsp; qu\u2019on met en place parce qu\u2019il concerne une cible tr\u00e8s sp\u00e9cifique&nbsp; des femmes entrepreneures dans le statut juridique de la coop\u00e9rative. Ainsi , on voudrait&nbsp; connaitre les contraintes que vivent les coop\u00e9ratives&nbsp; et les d\u00e9fis qu\u2019elles sont en train de confronter&nbsp; sur le territoire en mati\u00e8re de commercialisation , du financement , &nbsp;d\u2019acc\u00e8s \u00e0 l\u2019information et au financement&nbsp; tout en portant un grand int\u00e9r\u00eat aux coop\u00e9ratives agricoles&nbsp; afin de les mettre en valeur&nbsp; parce que cette r\u00e9gion est connue pour son aspect \u00e9conomique et agricole . Aujourd\u2019hui, on a lanc\u00e9 la pl\u00e9ni\u00e8re&nbsp; pour jeter des lumi\u00e8res sur &nbsp;l\u2019entrepreneuriat f\u00e9minin , ses contraintes, &nbsp;son accompagnement , l\u2019organisation des formations\u2026&nbsp;\u00bb<\/p>\n\n\n\n<p class=\"has-text-align-left\">Lors de son intervention \u00e0 cette occasion, le Directeur du CRI de Beni Mellal ( PI ), Adil Azmi a pr\u00e9sent\u00e9 un expos\u00e9 portant sur&nbsp; la r\u00e9alisation des projets au niveau de la r\u00e9gion Beni Mellal Kh\u00e9nifra en faisant savoir que \u00ab&nbsp;Selon le barom\u00e8tre r\u00e9gional de l\u2019investissement,&nbsp; 239 projets ont \u00e9t\u00e9 valid\u00e9s en 2023 au moment o\u00f9 le montant d\u2019investissement a \u00e9t\u00e9 de 34765,5MDH et que le nombre des emplois pr\u00e9visionnels a \u00e9t\u00e9 de 11486 emplois. Concernant le genre de&nbsp; contraintes qui jugulent la promotion des projets&nbsp; au moment de&nbsp; leur&nbsp; cr\u00e9ation et de&nbsp; leur exploitation par les femmes, &nbsp;parmi les projets qui ont \u00e9t\u00e9 valid\u00e9s en 2020\/2022, les mesures administratives sont en t\u00eate de liste ( 36% ) suivies du financement ( 19% ) , puis&nbsp; les contraintes personnelles ( 17% ) , le march\u00e9 et la situation \u00e9conomique ( 15% ) , le foncier ( 11% ) , et la situation du projet ( 2 % )&nbsp;\u00bb<\/p>\n\n\n\n<p class=\"has-text-align-left\">Pour sa part, le repr\u00e9sentant du Centre international de l\u2019entreprise priv\u00e9e (CIPE)&nbsp; M Kamal a soulign\u00e9 qu\u2019il y a, sur le&nbsp; plan national, une grande volont\u00e9 d\u2019\u00e9laborer d\u2019excellents programmes pour booster la promotion de l\u2019entreprise f\u00e9minine dans divers domaines et que les portes du centre susmentionn\u00e9 sont ouvertes pour travailler en concertation en vue de promouvoir l\u2019acc\u00e8s des femmes au domaine entrepreneurial.<\/p>\n\n\n\n<p class=\"has-text-align-left\">Dans le cadre de la mise en \u0153uvre du programme du gouvernement et du nouveau mod\u00e8le de d\u00e9veloppement &nbsp;&nbsp;portant sur le soutien , l\u2019accompagnement et le suivi&nbsp; des entreprises en g\u00e9n\u00e9ral et de celles des femmes en particulier, la rencontre de concertation organis\u00e9e par APPEF s\u2019assigne pour objectif d\u2019insuffler une nouvelle dynamique au d\u00e9veloppement durable et \u00e0 la promotion de l\u2019entrepreneuriat f\u00e9minin \u00e0 la r\u00e9gion Beni Mellal Kh\u00e9nifra. Les interventions du Dr Imane Laaouina , directrice du projet&nbsp;&nbsp; et de toutes les participantes \u00e0 cette rencontre de communication ont mis en exergue les objectifs de APPEF , sa strat\u00e9gie, l\u2019organisation d\u2019ateliers , des formations au profit des femmes entrepreneures dans le dessein de participer \u00e0 l\u2019affermissement de l\u2019esprit entrepreneurial chez les femmes. Pendant le premier jour de la rencontre pr\u00e9cit\u00e9e, 120&nbsp; participants et participantes ont y pris part et 50 le deuxi\u00e8me jour. Notons qu\u2019une convention de partenariat a \u00e9t\u00e9 sign\u00e9e entre APPEF et la Chambre de commerce, d\u2019industrie et de Services de Beni Mellal.<\/p>\n\n\n\n<p class=\"has-text-align-left\">FRIX ALM<\/p>\n","protected":false},"excerpt":{"rendered":"<p>En collaboration avec &nbsp;la Chambre de commerce , d\u2019industrie et des services de Beni Mellal et du soutien du Centre international de l\u2019entreprise priv\u00e9e CIPE, l\u2019Association&nbsp; professionnelle pour l\u2019entrepreneuriat f\u00e9minin ( APPEF ) &nbsp;a organis\u00e9 les 31 Mai et le 1 Juin 2024 , \u00e0 la chambre de commerce et d\u2019industrie &nbsp;\u00e0 Beni Mellal , [&hellip;]<\/p>\n","protected":false},"author":4,"featured_media":2125,"comment_status":"open","ping_status":"open","sticky":false,"template":"","format":"standard","meta":{"footnotes":""},"categories":[24,12],"tags":[],"class_list":["post-2124","post","type-post","status-publish","format-standard","has-post-thumbnail","hentry","category-francais","category-economies"],"_links":{"self":[{"href":"https:\/\/pressmedias.ma\/index.php?rest_route=\/wp\/v2\/posts\/2124","targetHints":{"allow":["GET"]}}],"collection":[{"href":"https:\/\/pressmedias.ma\/index.php?rest_route=\/wp\/v2\/posts"}],"about":[{"href":"https:\/\/pressmedias.ma\/index.php?rest_route=\/wp\/v2\/types\/post"}],"author":[{"embeddable":true,"href":"https:\/\/pressmedias.ma\/index.php?rest_route=\/wp\/v2\/users\/4"}],"replies":[{"embeddable":true,"href":"https:\/\/pressmedias.ma\/index.php?rest_route=%2Fwp%2Fv2%2Fcomments&post=2124"}],"version-history":[{"count":1,"href":"https:\/\/pressmedias.ma\/index.php?rest_route=\/wp\/v2\/posts\/2124\/revisions"}],"predecessor-version":[{"id":2126,"href":"https:\/\/pressmedias.ma\/index.php?rest_route=\/wp\/v2\/posts\/2124\/revisions\/2126"}],"wp:featuredmedia":[{"embeddable":true,"href":"https:\/\/pressmedias.ma\/index.php?rest_route=\/wp\/v2\/media\/2125"}],"wp:attachment":[{"href":"https:\/\/pressmedias.ma\/index.php?rest_route=%2Fwp%2Fv2%2Fmedia&parent=2124"}],"wp:term":[{"taxonomy":"category","embeddable":true,"href":"https:\/\/pressmedias.ma\/index.php?rest_route=%2Fwp%2Fv2%2Fcategories&post=2124"},{"taxonomy":"post_tag","embeddable":true,"href":"https:\/\/pressmedias.ma\/index.php?rest_route=%2Fwp%2Fv2%2Ftags&post=2124"}],"curies":[{"name":"wp","href":"https:\/\/api.w.org\/{rel}","templated":true}]}}