{"id":2127,"date":"2024-06-14T17:58:48","date_gmt":"2024-06-14T17:58:48","guid":{"rendered":"https:\/\/pressmedias.ma\/?p=2127"},"modified":"2025-04-17T16:28:25","modified_gmt":"2025-04-17T15:28:25","slug":"un-seminaire-pour-laffermissement-du-leadership-des-femmes-elues-a-beni-mellal-khenifra","status":"publish","type":"post","link":"https:\/\/pressmedias.ma\/?p=2127","title":{"rendered":"Un s\u00e9minaire pour l\u2019affermissement du leadership des femmes \u00e9lues \u00e0 Beni Mellal kh\u00e9nifra"},"content":{"rendered":"\n<p class=\"has-text-align-left\">Sous le th\u00e8me \u00ab&nbsp;Affermissement du leadership des femmes \u00e9lues \u00e0 la r\u00e9gion Beni Mellal Kh\u00e9nifra&nbsp;: d\u00e9fis et opportunit\u00e9s&nbsp;\u00bb, le projet du d\u00e9veloppement socio\u00e9conomique inclusif (ISED-BMK), r\u00e9gion Beni Mellal kh\u00e9nifra a organis\u00e9, Vendredi 7 Juin 2024,&nbsp; &nbsp;un s\u00e9minaire &nbsp;portant sur la premi\u00e8re \u00e9dition du programme du leadership des femmes \u00e9lues au niveau de Beni Mellal Kh\u00e9nifra, \u00e0 la chambre d\u2019Agriculture, \u00e0 Beni Mellal. Plus de 100 femmes et hommes \u00e9lus ont pris part \u00e0 cette rencontre.<\/p>\n\n\n\n<p class=\"has-text-align-left\">Dans une d\u00e9claration \u00e0 ALM, Mohamed Khaddi, conseiller en gouvernance d\u00e9mocratique au sein du projet &nbsp;de d\u00e9veloppement socio\u00e9conomique inclusif \u00e0 Beni Mellal kh\u00e9nifra , a soulign\u00e9 que&nbsp;l\u2019organisation de ce s\u00e9minaire auquel ont particip\u00e9 environ de 100 femmes et hommes \u00e9lus, &nbsp;a port\u00e9 sur la cl\u00f4ture de la premi\u00e8re \u00e9dition du programme du leadership des femmes \u00e9lues de la r\u00e9gion Beni Mellal Kh\u00e9nifra qui s\u2019inscrit dans le cadre du projet ISED-BMK.<\/p>\n\n\n\n<p class=\"has-text-align-left\">&nbsp;Et d\u2019ajouter que l\u2019objectif \u00e9tant de d\u00e9battre des d\u00e9fis et challenges du leadership des femmes \u00e9lues afin qu\u2019elles soient capables de participer, d\u2019une mani\u00e8re effective, \u00e0 la gestion de la chose publique et \u00e0 la prise des d\u00e9cisions.<\/p>\n\n\n\n<p class=\"has-text-align-left\">&nbsp;Ainsi, nous avons annonc\u00e9 la cr\u00e9ation du premier r\u00e9seau des femmes \u00e9lues de la r\u00e9gion Beni Mellal kh\u00e9nifra qui sera certes un grand appui aux diff\u00e9rentes actions et activit\u00e9s au leadership&nbsp; des femmes susmentionn\u00e9es tout en mettant l\u2019accent sur leurs dol\u00e9ances et leurs besoins en termes de formation et d\u2019accompagnement, a-t-il conclu<\/p>\n\n\n\n<p class=\"has-text-align-left\">Pour sa part, Fatima Karim, membre du Conseil r\u00e9gional de Beni Mellal kh\u00e9nifra \u00ab&nbsp; l\u2019organisation de ce s\u00e9minaire&nbsp; s\u2019assigne pour objectif l\u2019encadrement, la formation et le renforcement des capacit\u00e9s et des comp\u00e9tences des femmes \u00e9lues de la r\u00e9gion. Derni\u00e8rement, nous avons eu des rencontres et des sessions de formation \u00e0 Marrakech, Azilal, Beni Mellal\u2026dans le domaine de l\u2019am\u00e9lioration et l\u2019affermissement du leadership des femmes \u00e9lues de la r\u00e9gion en vue de donner naissance \u00e0 un r\u00e9seau des femmes \u00e9lues de la r\u00e9gion. Ces derni\u00e8res sont les piliers du d\u00e9veloppement de notre pays. Aussi le projet d\u2019aujourd\u2019hui vise-t-il \u00e0 mettre en exergue leur leadership&nbsp;\u00bb<\/p>\n\n\n\n<p class=\"has-text-align-left\">L&rsquo;am\u00e9lioration de la repr\u00e9sentation des femmes dans les conseils \u00e9lus est une \u00e9tape essentielle vers la cr\u00e9ation d\u2019opportunit\u00e9s \u00e9conomiques, la promotion de l&rsquo;\u00e9galit\u00e9 des sexes et l&rsquo;inclusion sociale, qui est l&rsquo;une des principales pr\u00e9occupations du projet ISED-BMK. \u00c0 cette fin, le projet a d\u00e9velopp\u00e9 et mis en \u0153uvre un programme de d\u00e9veloppement du leadership collectif et individuel pour 40 femmes \u00e9lues dans la r\u00e9gion de B\u00e9ni Mellal-Kh\u00e9nifra, dans le but de renforcer leur participation au processus de prise de d\u00e9cision, de faciliter leur r\u00f4le en tant qu&rsquo;\u00e9lues , d\u2019am\u00e9liorer &nbsp;leur repr\u00e9sentation &nbsp;au sein de divers conseils et de contribuer \u00e0 l&rsquo;inclusion socio-\u00e9conomique des populations vuln\u00e9rables<\/p>\n\n\n\n<p class=\"has-text-align-left\">Le travail du projet de D\u00e9veloppement Socio-\u00e9conomique Inclusif \u00e0 B\u00e9ni Mellal-Kh\u00e9nifra (ISED-BMK), financ\u00e9 par l&rsquo;Agence Am\u00e9ricaine pour le D\u00e9veloppement International (USAID| Maroc), rejoint les efforts du Royaume du Maroc pour am\u00e9liorer la repr\u00e9sentation des femmes et renforcer leur r\u00f4le dans la gestion des affaires publiques, en particulier au niveau des conseils communaux et provinciaux ainsi que le conseil de la r\u00e9gion. le Maroc s&rsquo;est engag\u00e9 \u00e0 renforcer la participation des femmes dans la vie politique et \u00e0 mettre en \u0153uvre des mesures visant \u00e0 promouvoir la discrimination positive par le biais d&rsquo;un certain nombre de programmes et de projets nationaux, y compris des partenariats avec des organisations internationales.<\/p>\n\n\n\n<p class=\"has-text-align-left\">Notons que cette rencontre a port\u00e9 sur la&nbsp; projection d\u2019un document&nbsp; sur les principales \u00e9tapes du programme du d\u00e9veloppement du leadership des femmes \u00e9lues \u00e0 Beni Mellal Kh\u00e9nifra et que le d\u00e9bat a mis en exergue deux grands axes, \u00e0 savoir, les femmes \u00e9lues \u00e0 Beni Mellal kh\u00e9nifra&nbsp;: les r\u00e9alisations , les d\u00e9fis et les opportunit\u00e9s et le r\u00e9seautage , un moyen efficace d\u2019am\u00e9liorer le leadership des femmes&nbsp; \u00e9lues.<\/p>\n\n\n\n<p class=\"has-text-align-left\">SAID FRIX ALM<\/p>\n","protected":false},"excerpt":{"rendered":"<p>Sous le th\u00e8me \u00ab&nbsp;Affermissement du leadership des femmes \u00e9lues \u00e0 la r\u00e9gion Beni Mellal Kh\u00e9nifra&nbsp;: d\u00e9fis et opportunit\u00e9s&nbsp;\u00bb, le projet du d\u00e9veloppement socio\u00e9conomique inclusif (ISED-BMK), r\u00e9gion Beni Mellal kh\u00e9nifra a organis\u00e9, Vendredi 7 Juin 2024,&nbsp; &nbsp;un s\u00e9minaire &nbsp;portant sur la premi\u00e8re \u00e9dition du programme du leadership des femmes \u00e9lues au niveau de Beni Mellal Kh\u00e9nifra, [&hellip;]<\/p>\n","protected":false},"author":4,"featured_media":2125,"comment_status":"open","ping_status":"open","sticky":false,"template":"","format":"standard","meta":{"footnotes":""},"categories":[24,12],"tags":[],"class_list":["post-2127","post","type-post","status-publish","format-standard","has-post-thumbnail","hentry","category-francais","category-economies"],"_links":{"self":[{"href":"https:\/\/pressmedias.ma\/index.php?rest_route=\/wp\/v2\/posts\/2127","targetHints":{"allow":["GET"]}}],"collection":[{"href":"https:\/\/pressmedias.ma\/index.php?rest_route=\/wp\/v2\/posts"}],"about":[{"href":"https:\/\/pressmedias.ma\/index.php?rest_route=\/wp\/v2\/types\/post"}],"author":[{"embeddable":true,"href":"https:\/\/pressmedias.ma\/index.php?rest_route=\/wp\/v2\/users\/4"}],"replies":[{"embeddable":true,"href":"https:\/\/pressmedias.ma\/index.php?rest_route=%2Fwp%2Fv2%2Fcomments&post=2127"}],"version-history":[{"count":1,"href":"https:\/\/pressmedias.ma\/index.php?rest_route=\/wp\/v2\/posts\/2127\/revisions"}],"predecessor-version":[{"id":2128,"href":"https:\/\/pressmedias.ma\/index.php?rest_route=\/wp\/v2\/posts\/2127\/revisions\/2128"}],"wp:featuredmedia":[{"embeddable":true,"href":"https:\/\/pressmedias.ma\/index.php?rest_route=\/wp\/v2\/media\/2125"}],"wp:attachment":[{"href":"https:\/\/pressmedias.ma\/index.php?rest_route=%2Fwp%2Fv2%2Fmedia&parent=2127"}],"wp:term":[{"taxonomy":"category","embeddable":true,"href":"https:\/\/pressmedias.ma\/index.php?rest_route=%2Fwp%2Fv2%2Fcategories&post=2127"},{"taxonomy":"post_tag","embeddable":true,"href":"https:\/\/pressmedias.ma\/index.php?rest_route=%2Fwp%2Fv2%2Ftags&post=2127"}],"curies":[{"name":"wp","href":"https:\/\/api.w.org\/{rel}","templated":true}]}}