{"id":2132,"date":"2024-06-14T17:58:19","date_gmt":"2024-06-14T17:58:19","guid":{"rendered":"https:\/\/pressmedias.ma\/?p=2132"},"modified":"2025-04-17T16:29:48","modified_gmt":"2025-04-17T15:29:48","slug":"approbation-de-projets-structurants","status":"publish","type":"post","link":"https:\/\/pressmedias.ma\/?p=2132","title":{"rendered":"Approbation de projets structurants"},"content":{"rendered":"\n<p class=\"has-text-align-left\">&nbsp;<strong>En pr\u00e9sence du Secr\u00e9taire g\u00e9n\u00e9ral de la wilaya, Brahim Boutmilat, le pr\u00e9sident du Conseil &nbsp;provincial de Beni Mellal, M. Mohamed Ouhnine &nbsp;a pr\u00e9sid\u00e9 la session ordinaire &nbsp;du Conseil, lundi 10 juin 2024, au si\u00e8ge du Conseil provincial.<\/strong><\/p>\n\n\n\n<p class=\"has-text-align-left\">Ainsi, le &nbsp;Conseil provincial &nbsp;a consacr\u00e9 l&rsquo;ordre du jour de la session \u00e0 l&rsquo;\u00e9tude, \u00e0 la discussion et \u00e0 l\u2019approbation d&rsquo;un certain nombre de projets de d\u00e9veloppement et de partenariats avec des partenaires.<\/p>\n\n\n\n<p class=\"has-text-align-left\">Au d\u00e9but de la session, une vid\u00e9o a \u00e9t\u00e9 projet\u00e9e sur l&rsquo;ensemble des projets structurants, \u00e0 la province &nbsp;de Beni Mellal. Par la suite, le directeur des services du Conseil provincial a &nbsp;proc\u00e9d\u00e9 \u00e0 une pr\u00e9sentation d\u00e9taill\u00e9e des projets de d\u00e9veloppement r\u00e9alis\u00e9s ou en cours de r\u00e9alisation dans la &nbsp;province, notamment l&rsquo;eau potable, les routes, le sport, l&rsquo;\u00e9lectrification rurale &#8230;<\/p>\n\n\n\n<p class=\"has-text-align-left\">Les deuxi\u00e8me et troisi\u00e8me &nbsp;points &nbsp;ont &nbsp;\u00e9t\u00e9 consacr\u00e9s \u00e0 l&rsquo;\u00e9tude et \u00e0 la prise des mesures n\u00e9cessaires concernant la cr\u00e9ation de la soci\u00e9t\u00e9 de d\u00e9veloppement local des abattoirs de Beni Mellal et leurs statuts. Le quatri\u00e8me point est consacr\u00e9 \u00e0 l&rsquo;\u00e9tude et \u00e0 la prise des mesures n\u00e9cessaires concernant&nbsp; la contribution au capital de la soci\u00e9t\u00e9 de d\u00e9veloppement local des abattoirs de Beni Mellal. Pour ce qui est de &nbsp;&nbsp;&nbsp;la nomination du&nbsp; repr\u00e9sentant du Conseil&nbsp; provincial de Beni Mellal au sein du Conseil d&rsquo;Administration de la Soci\u00e9t\u00e9 de D\u00e9veloppement Local des Abattoirs de Beni Mellal. , le Conseil a&nbsp; proc\u00e9d\u00e9 \u00e0 la d\u00e9signation de Omar Rihani comme repr\u00e9sentant du Conseil provincial &nbsp;au sein du Conseil d&rsquo;Administration de la Soci\u00e9t\u00e9 de D\u00e9veloppement Local des Abattoirs de Beni Mellal<\/p>\n\n\n\n<p class=\"has-text-align-left\">Le Conseil &nbsp;provincial a ensuite approuv\u00e9 le sixi\u00e8me point relatif \u00e0 l&rsquo;\u00e9tude et \u00e0 la discussion d&rsquo;un projet de convention de partenariat entre le Conseil &nbsp;provincial de Beni Mellal et l&rsquo;Association marocaine des pr\u00e9sidents des conseils provinciaux &nbsp;autour du &nbsp;devoir d&rsquo;implication du Conseil &nbsp;provincial. Le septi\u00e8me point a \u00e9t\u00e9 consacr\u00e9 \u00e0 l&rsquo;\u00e9tude et \u00e0 la discussion d&rsquo;un projet de convention de partenariat visant \u00e0 apporter un soutien financier aux institutions de protection sociale de la&nbsp; province de Beni Mellal, et le Conseil a approuv\u00e9 les montants propos\u00e9s par le Comit\u00e9 du budget, des finances et de la programmation. Concernant le huiti\u00e8me point, le Conseil a approuv\u00e9 \u00e0 l&rsquo;unanimit\u00e9 le projet de convention de partenariat entre le Conseil&nbsp; provincial de Beni Mellal et l&rsquo;Association d&rsquo;initiative pour l&rsquo;int\u00e9gration des enfants autistes \u00e0 Beni Mellal. Le Conseil a \u00e9galement approuv\u00e9 \u00e0 l&rsquo;unanimit\u00e9 le neuvi\u00e8me point consacr\u00e9 \u00e0 la programmation des fonds annul\u00e9s dans le budget du Conseil&nbsp; provincial de Beni Mellal.<\/p>\n\n\n\n<p class=\"has-text-align-left\">.Le dixi\u00e8me point &nbsp;a mis l\u2019accent sur &nbsp;l&rsquo;\u00e9tude et la prise de d\u00e9cision appropri\u00e9e sur le projet de convention de partenariat entre le Conseil &nbsp;provincial de Beni Mellal, le Conseil &nbsp;de la collectivit\u00e9 territoriale de Beni Mellal et la soci\u00e9t\u00e9 de d\u00e9veloppement r\u00e9gional \u00ab Soci\u00e9t\u00e9 de d\u00e9veloppement industriel de Beni Mellal Kh\u00e9nifra \u00bb pour l&rsquo;am\u00e9nagement de la premi\u00e8re &nbsp;tranche du parc \u00e9cologique de la ville de Beni Mellal et &nbsp;sa province.<\/p>\n\n\n\n<p class=\"has-text-align-left\">Au onzi\u00e8me point, le Conseil a approuv\u00e9 \u00e0 l&rsquo;unanimit\u00e9 les demandes d&rsquo;adh\u00e9sion \u00e0 la Commission des affaires sportives et culturelles, de l&rsquo;\u00e9ducation et de la formation au&nbsp; Conseil &nbsp;provincial. Ce dernier &nbsp;a consacr\u00e9 le douzi\u00e8me point \u00e0 l&rsquo;\u00e9lection du d\u00e9l\u00e9gu\u00e9 du Conseil&nbsp; provincial au groupement&nbsp; des collectivit\u00e9s territoriales de Beni Mellal pour la gestion de l&rsquo;\u00e9tablissement de la protection de&nbsp; sant\u00e9, dans la mesure o\u00f9 le Conseil a vot\u00e9 \u00e0 l&rsquo;unanimit\u00e9 pour d\u00e9l\u00e9guer M. Walid Aalam en tant que repr\u00e9sentant du Conseil. Enfin, le treizi\u00e8me point a \u00e9t\u00e9 consacr\u00e9&nbsp; \u00e0 l&rsquo;\u00e9lection du vice-pr\u00e9sident de la commission des sports et des affaires culturelles, de l&rsquo;\u00e9ducation et de la formation du&nbsp; conseil provincial de Beni Mellal. Ainsi , le conseil, a vot\u00e9 \u00e0 l&rsquo;unanimit\u00e9 pour \u00e9lire M. Hamid Bouali en tant que vice-pr\u00e9sident de la commission des sports et des affaires culturelles, de l&rsquo;\u00e9ducation et de la formation au Conseil&nbsp; provincial.<\/p>\n\n\n\n<p class=\"has-text-align-left\">FRIX SAID&nbsp; ALM<\/p>\n","protected":false},"excerpt":{"rendered":"<p>&nbsp;En pr\u00e9sence du Secr\u00e9taire g\u00e9n\u00e9ral de la wilaya, Brahim Boutmilat, le pr\u00e9sident du Conseil &nbsp;provincial de Beni Mellal, M. Mohamed Ouhnine &nbsp;a pr\u00e9sid\u00e9 la session ordinaire &nbsp;du Conseil, lundi 10 juin 2024, au si\u00e8ge du Conseil provincial. Ainsi, le &nbsp;Conseil provincial &nbsp;a consacr\u00e9 l&rsquo;ordre du jour de la session \u00e0 l&rsquo;\u00e9tude, \u00e0 la discussion et [&hellip;]<\/p>\n","protected":false},"author":4,"featured_media":2133,"comment_status":"open","ping_status":"open","sticky":false,"template":"","format":"standard","meta":{"footnotes":""},"categories":[24,12],"tags":[],"class_list":["post-2132","post","type-post","status-publish","format-standard","has-post-thumbnail","hentry","category-francais","category-economies"],"_links":{"self":[{"href":"https:\/\/pressmedias.ma\/index.php?rest_route=\/wp\/v2\/posts\/2132","targetHints":{"allow":["GET"]}}],"collection":[{"href":"https:\/\/pressmedias.ma\/index.php?rest_route=\/wp\/v2\/posts"}],"about":[{"href":"https:\/\/pressmedias.ma\/index.php?rest_route=\/wp\/v2\/types\/post"}],"author":[{"embeddable":true,"href":"https:\/\/pressmedias.ma\/index.php?rest_route=\/wp\/v2\/users\/4"}],"replies":[{"embeddable":true,"href":"https:\/\/pressmedias.ma\/index.php?rest_route=%2Fwp%2Fv2%2Fcomments&post=2132"}],"version-history":[{"count":1,"href":"https:\/\/pressmedias.ma\/index.php?rest_route=\/wp\/v2\/posts\/2132\/revisions"}],"predecessor-version":[{"id":2134,"href":"https:\/\/pressmedias.ma\/index.php?rest_route=\/wp\/v2\/posts\/2132\/revisions\/2134"}],"wp:featuredmedia":[{"embeddable":true,"href":"https:\/\/pressmedias.ma\/index.php?rest_route=\/wp\/v2\/media\/2133"}],"wp:attachment":[{"href":"https:\/\/pressmedias.ma\/index.php?rest_route=%2Fwp%2Fv2%2Fmedia&parent=2132"}],"wp:term":[{"taxonomy":"category","embeddable":true,"href":"https:\/\/pressmedias.ma\/index.php?rest_route=%2Fwp%2Fv2%2Fcategories&post=2132"},{"taxonomy":"post_tag","embeddable":true,"href":"https:\/\/pressmedias.ma\/index.php?rest_route=%2Fwp%2Fv2%2Ftags&post=2132"}],"curies":[{"name":"wp","href":"https:\/\/api.w.org\/{rel}","templated":true}]}}