{"id":2178,"date":"2024-07-04T13:30:00","date_gmt":"2024-07-04T13:30:00","guid":{"rendered":"https:\/\/pressmedias.ma\/?p=2178"},"modified":"2025-04-17T16:29:06","modified_gmt":"2025-04-17T15:29:06","slug":"festival-abidat-rma-khouribga","status":"publish","type":"post","link":"https:\/\/pressmedias.ma\/?p=2178","title":{"rendered":"FESTIVAL ABIDAT RMA KHOURIBGA"},"content":{"rendered":"\n<p class=\"has-text-align-left\">Sous le haut Patronage de Sa Majest\u00e9 le Roi, que Dieu l\u2019assiste, et en partenariat avec l\u2019OCP et un grand nombre de conseils \u00e9lus, le Minist\u00e8re&nbsp; de la jeunesse, de la culture et de la communication&nbsp; a organis\u00e9, les 27, 28 et 29 Juin 2024, \u00e0 la ville de khouribga, la 23<sup>\u00e8me <\/sup>session du Festival national &nbsp;Abidat Rma sous le th\u00e8me \u00ab&nbsp;Abidat Rma, signes culturels et artistiques, identit\u00e9 nationale marocaine.&nbsp;\u00bb<\/p>\n\n\n\n<p class=\"has-text-align-left\">En pr\u00e9sence du Gouverneur de la province de Khouribga et des autorit\u00e9s locales, le mot inaugural du Directeur r\u00e9gional du Minist\u00e8re de la culture a mis en exergue la dimension sociale et culturelle de ce festival national&nbsp;\u00ab&nbsp; qui se veut un ensemble de traditions et de patrimoine artistique et culturel enracin\u00e9s dans la nuit des temps&nbsp;\u00bb. M le Directeur a soulign\u00e9 qu\u2019Abidat Rma est un patrimoine immat\u00e9riel artistique et national qu\u2019on doit prot\u00e9ger et perp\u00e9tuer en vue de participer et son rayonnement au niveau national et international.<\/p>\n\n\n\n<p class=\"has-text-align-left\">Pour sa part, Le Directeur provincial du Minist\u00e8re de la culture \u00e0 la ville de khouribga, Mohamed Srii a \u00e9rig\u00e9 en pi\u00e9destal le caract\u00e8re artistique et patrimonial du festival national &nbsp;de Abidat Rma&nbsp;\u00ab&nbsp; qui a connu la participation de plus de 40 groupes de Rma et d\u2019un grand nombre d\u2019artistes comme hamid Serghini, Badr Ouahbi , Khadija Mellalia\u2026&nbsp;\u00bb.M Srii a rendu un vibrant hommage \u00e0 toutes les parties prenantes qui ont particip\u00e9 \u00e0 l\u2019organisation&nbsp; et \u00e0 la r\u00e9ussite de ce festival patrimonial&nbsp; \u00ab&nbsp;unique en son genre&nbsp;\u00bb.<\/p>\n\n\n\n<p class=\"has-text-align-left\">Dans une d\u00e9claration, un membre d\u2019un groupe d\u2019Abidat Rma qui a particip\u00e9 \u00e0 ce festival a magnifi\u00e9 l\u2019organisation de cette f\u00eate folklorique en d\u00e9clarant \u00ab&nbsp;l\u2019organisation de ce festival&nbsp; a insuffl\u00e9 une nouvelle dynamique \u00e0 notre patrimoine culturel et artistique. C\u2019est une cons\u00e9cration.&nbsp;\u00bb<\/p>\n\n\n\n<p class=\"has-text-align-left\">L\u2019inauguration de ce festival national &nbsp;&nbsp;a \u00e9t\u00e9 caract\u00e9ris\u00e9e par l\u2019organisation d\u2019un carnaval qui a sillonn\u00e9 la ville de khouribga en passant par le complexe culturel Mohammed V, la place Al Moujahidine jusqu\u2019\u00e0 la plateforme officielle o\u00f9 des groupes de Abidat Rma&nbsp; ont pr\u00e9sent\u00e9 des chants folkloriques qui ont subjugu\u00e9 l\u2019assistance .<\/p>\n\n\n\n<p class=\"has-text-align-left\">A noter que ce festival national &nbsp;a connu l\u2019organisation d\u2019un s\u00e9minaire &nbsp;sous le th\u00e8me \u00ab&nbsp;le r\u00f4le des m\u00e9dias r\u00e9gionaux&nbsp; dans la publication des &nbsp;signes culturels et l\u2019identit\u00e9 nationale, Abidat Rma comme exemple&nbsp;\u00bb. En outre, un vibrant hommage a \u00e9t\u00e9 rendu \u00e0 Cheikh Maati Moutaki&nbsp; du groupe Abidat Rama Oulad Cherkaoua \u00e0 Boujaad et \u00e0 Cheikh Cherki Hanif&nbsp; du groupe Abidat Rma Ziayda de Ben Slimane qui ont \u00e9t\u00e9 prim\u00e9s.&nbsp; Chaque nuit, plus de 40 groupes de Abidat Rma ont proc\u00e9d\u00e9 \u00e0&nbsp; la pr\u00e9sentation de chants folkloriques, pendant tout &nbsp;le festival, \u00e0 la place Chouhada \u00e0 Oued Zem, \u00e0 la place Moujahidine \u00e0 Khouribga&nbsp; et \u00e0 la place Mohammed V \u00e0 Boujaad.<\/p>\n\n\n\n<p class=\"has-text-align-left\">A rappeler aussi que l\u2019inauguration de cette 23<sup>\u00e8me<\/sup> session de ce festival &nbsp;national a \u00e9t\u00e9 caract\u00e9ris\u00e9e par la pr\u00e9sence de M le Gouverneur de la province de Khouribga, du Directeur r\u00e9gional du Minist\u00e8re de la culture R\u00e9gion de Beni Mellal Kh\u00e9nifra, de Mohamed Srii , directeur provincial de la culture \u00e0 Khouribga , de Mohamed Chair chef de &nbsp;division des festivals au Minist\u00e8re de la &nbsp;jeunesse , de la culture et de la communication, du pr\u00e9sident du conseil provincial de khouribga &nbsp;, du pr\u00e9sident de la collectivit\u00e9 territoriale de khouribga&nbsp; , des chefs de services ext\u00e9rieurs\u2026<\/p>\n\n\n\n<p>FRIX ALM<\/p>\n\n\n\n<p><\/p>\n","protected":false},"excerpt":{"rendered":"<p>Sous le haut Patronage de Sa Majest\u00e9 le Roi, que Dieu l\u2019assiste, et en partenariat avec l\u2019OCP et un grand nombre de conseils \u00e9lus, le Minist\u00e8re&nbsp; de la jeunesse, de la culture et de la communication&nbsp; a organis\u00e9, les 27, 28 et 29 Juin 2024, \u00e0 la ville de khouribga, la 23\u00e8me session du Festival [&hellip;]<\/p>\n","protected":false},"author":4,"featured_media":2179,"comment_status":"open","ping_status":"open","sticky":false,"template":"","format":"standard","meta":{"footnotes":""},"categories":[24,18],"tags":[],"class_list":["post-2178","post","type-post","status-publish","format-standard","has-post-thumbnail","hentry","category-francais","category-18"],"_links":{"self":[{"href":"https:\/\/pressmedias.ma\/index.php?rest_route=\/wp\/v2\/posts\/2178","targetHints":{"allow":["GET"]}}],"collection":[{"href":"https:\/\/pressmedias.ma\/index.php?rest_route=\/wp\/v2\/posts"}],"about":[{"href":"https:\/\/pressmedias.ma\/index.php?rest_route=\/wp\/v2\/types\/post"}],"author":[{"embeddable":true,"href":"https:\/\/pressmedias.ma\/index.php?rest_route=\/wp\/v2\/users\/4"}],"replies":[{"embeddable":true,"href":"https:\/\/pressmedias.ma\/index.php?rest_route=%2Fwp%2Fv2%2Fcomments&post=2178"}],"version-history":[{"count":1,"href":"https:\/\/pressmedias.ma\/index.php?rest_route=\/wp\/v2\/posts\/2178\/revisions"}],"predecessor-version":[{"id":2180,"href":"https:\/\/pressmedias.ma\/index.php?rest_route=\/wp\/v2\/posts\/2178\/revisions\/2180"}],"wp:featuredmedia":[{"embeddable":true,"href":"https:\/\/pressmedias.ma\/index.php?rest_route=\/wp\/v2\/media\/2179"}],"wp:attachment":[{"href":"https:\/\/pressmedias.ma\/index.php?rest_route=%2Fwp%2Fv2%2Fmedia&parent=2178"}],"wp:term":[{"taxonomy":"category","embeddable":true,"href":"https:\/\/pressmedias.ma\/index.php?rest_route=%2Fwp%2Fv2%2Fcategories&post=2178"},{"taxonomy":"post_tag","embeddable":true,"href":"https:\/\/pressmedias.ma\/index.php?rest_route=%2Fwp%2Fv2%2Ftags&post=2178"}],"curies":[{"name":"wp","href":"https:\/\/api.w.org\/{rel}","templated":true}]}}